{"id":135100,"date":"2025-03-22T15:15:40","date_gmt":"2025-03-22T15:15:40","guid":{"rendered":"https:\/\/gazetaregionalna.com\/?p=135100"},"modified":"2025-07-30T12:47:05","modified_gmt":"2025-07-30T12:47:05","slug":"ziemi","status":"publish","type":"post","link":"https:\/\/gazetaregionalna.com\/?p=135100","title":{"rendered":"Ekologiczne ABC. Godzina dla Ziemi, do\u0142\u0105cz dzi\u015b o 20.30 do akcji WWF Polska"},"content":{"rendered":"\n<h3 class=\"wp-block-heading has-text-color has-link-color wp-elements-9282919d4dd6e929023d0e1f9ef2bfa2\" style=\"color:#004313\"><strong>Godzina dla Ziemi to najwi\u0119ksza na \u015bwiecie ekologiczna inicjatywa spo\u0142eczna. Co roku setki milion\u00f3w ludzi na ca\u0142ym \u015bwiecie jednoczy si\u0119 w symbolicznym ge\u015bcie gaszenia \u015bwiat\u0142a na rzecz ochrony przyrody. W tym roku fina\u0142 akcji odb\u0119dzie si\u0119 w sobot\u0119, 22 marca, o godzinie 20.30.<\/strong><\/h3>\n\n\n\n<p class=\"has-text-color has-link-color wp-elements-292a7be16614af62ebd991ead8fce8a7\" style=\"color:#004313\">Akcja odbywa si\u0119 \u015bwiatowo ju\u017c po raz 19., natomiast Polska w obchodach i symbolicznym og\u00f3lno\u015bwiatowym ge\u015bcie na rzecz naszej planety Ziemi, uczestniczy po raz 18. W poprzednich edycjach w naszym kraju zaanga\u017cowa\u0142o si\u0119 blisko sto miast, wygaszaj\u0105c o\u015bwietlenie publicznych obiekt\u00f3w.<\/p>\n\n\n\n<p class=\"has-text-color has-link-color wp-elements-17ac67a3aa44175bf77d8af5765feb96\" style=\"color:#004313\">W Cz\u0119stochowie w sobotni wiecz\u00f3r na godzin\u0119 wygaszone zostan\u0105  \u015bwiat\u0142a w g\u0142\u00f3wnych budynkach Urz\u0119du Miasta przy ul. \u015al\u0105skiej i Waszyngtona, o\u015bwietlenie zga\u015bnie tak\u017ce w Urz\u0119dzie Stanu Cywilnego przy ul. Focha.<\/p>\n\n\n\n<p class=\"has-text-color has-link-color wp-elements-13247b1491196fa27849d6776bf945df\" style=\"color:#004313\">Zach\u0119camy do udzia\u0142u w akcji i wy\u0142\u0105czenie \u015bwiate\u0142 dzi\u015b o 20.30.<\/p>\n\n\n\n<figure class=\"wp-block-image size-full\"><img decoding=\"async\" width=\"767\" height=\"99\" data-src=\"https:\/\/gazetaregionalna.com\/wp-content\/uploads\/2025\/07\/WFOSiGW-Material.png\" alt=\"\" class=\"wp-image-139648 lazyload\" data-srcset=\"https:\/\/gazetaregionalna.com\/wp-content\/uploads\/2025\/07\/WFOSiGW-Material.png 767w, https:\/\/gazetaregionalna.com\/wp-content\/uploads\/2025\/07\/WFOSiGW-Material-300x39.png 300w\" data-sizes=\"(max-width: 767px) 100vw, 767px\" src=\"data:image\/svg+xml;base64,PHN2ZyB3aWR0aD0iMSIgaGVpZ2h0PSIxIiB4bWxucz0iaHR0cDovL3d3dy53My5vcmcvMjAwMC9zdmciPjwvc3ZnPg==\" style=\"--smush-placeholder-width: 767px; --smush-placeholder-aspect-ratio: 767\/99;\" \/><\/figure>\n\n\n\n<p>Za tre\u015bci zawarte w materiale dofinansowanym ze \u015brodk\u00f3w&nbsp;<a href=\"https:\/\/wfosigw.katowice.pl\/\" target=\"_blank\" rel=\"noreferrer noopener\">WFO\u015aiGW<\/a>&nbsp;w Katowicach odpowiedzialno\u015b\u0107 ponosi redakcja.<\/p>\n\n\n\n<p>red.<\/p>\n\n\n\n<p>Czytaj tak\u017ce: <a href=\"https:\/\/gazetaregionalna.com\/zielona-pracownia-2\/\">Trwa nab\u00f3r do 11 edycji konkursu Zielona Pracownia 2025. Wnioski mo\u017cna sk\u0142ada\u0107 do ko\u0144ca marca<\/a><\/p>\n","protected":false},"excerpt":{"rendered":"<p>Godzina dla Ziemi to najwi\u0119ksza na \u015bwiecie ekologiczna inicjatywa spo\u0142eczna. Co roku setki milion\u00f3w ludzi na ca\u0142ym \u015bwiecie jednoczy si\u0119 w symbolicznym ge\u015bcie gaszenia<\/p>\n","protected":false},"author":2,"featured_media":135104,"comment_status":"closed","ping_status":"open","sticky":false,"template":"","format":"standard","meta":{"_monsterinsights_skip_tracking":false,"_monsterinsights_sitenote_active":false,"_monsterinsights_sitenote_note":"","_monsterinsights_sitenote_category":0,"_uf_show_specific_survey":0,"_uf_disable_surveys":false,"footnotes":""},"categories":[29,41,2],"tags":[4226,9660],"class_list":["post-135100","post","type-post","status-publish","format-standard","has-post-thumbnail","hentry","category-ekologia","category-edukacja","category-wiadomosci","tag-godzina-dla-ziemi","tag-wwf-polska"],"_links":{"self":[{"href":"https:\/\/gazetaregionalna.com\/index.php?rest_route=\/wp\/v2\/posts\/135100","targetHints":{"allow":["GET"]}}],"collection":[{"href":"https:\/\/gazetaregionalna.com\/index.php?rest_route=\/wp\/v2\/posts"}],"about":[{"href":"https:\/\/gazetaregionalna.com\/index.php?rest_route=\/wp\/v2\/types\/post"}],"author":[{"embeddable":true,"href":"https:\/\/gazetaregionalna.com\/index.php?rest_route=\/wp\/v2\/users\/2"}],"replies":[{"embeddable":true,"href":"https:\/\/gazetaregionalna.com\/index.php?rest_route=%2Fwp%2Fv2%2Fcomments&post=135100"}],"version-history":[{"count":8,"href":"https:\/\/gazetaregionalna.com\/index.php?rest_route=\/wp\/v2\/posts\/135100\/revisions"}],"predecessor-version":[{"id":139699,"href":"https:\/\/gazetaregionalna.com\/index.php?rest_route=\/wp\/v2\/posts\/135100\/revisions\/139699"}],"wp:featuredmedia":[{"embeddable":true,"href":"https:\/\/gazetaregionalna.com\/index.php?rest_route=\/wp\/v2\/media\/135104"}],"wp:attachment":[{"href":"https:\/\/gazetaregionalna.com\/index.php?rest_route=%2Fwp%2Fv2%2Fmedia&parent=135100"}],"wp:term":[{"taxonomy":"category","embeddable":true,"href":"https:\/\/gazetaregionalna.com\/index.php?rest_route=%2Fwp%2Fv2%2Fcategories&post=135100"},{"taxonomy":"post_tag","embeddable":true,"href":"https:\/\/gazetaregionalna.com\/index.php?rest_route=%2Fwp%2Fv2%2Ftags&post=135100"}],"curies":[{"name":"wp","href":"https:\/\/api.w.org\/{rel}","templated":true}]}}