{"id":135098,"date":"2025-03-22T13:24:31","date_gmt":"2025-03-22T13:24:31","guid":{"rendered":"https:\/\/gazetaregionalna.com\/?p=135098"},"modified":"2025-03-22T13:24:32","modified_gmt":"2025-03-22T13:24:32","slug":"zwyciestwo-rakowa-w-sparingu-z-gks-em","status":"publish","type":"post","link":"https:\/\/gazetaregionalna.com\/?p=135098","title":{"rendered":"Zwyci\u0119stwo Rakowa w sparingu z GKS-em"},"content":{"rendered":"\n<p>Pi\u0142karze Rakowa Cz\u0119stochowa wykorzystali wolny weekend i rozegrali w sobot\u0119 mecz sparingowy z GKS-em Tychy. Czerwono-niebiescy wygrali 3:0.<\/p>\n\n\n\n<p>Bramki dla Rakowa zdobyli: Ben Lederman, Peter Barath i Jesus Diaz.<\/p>\n\n\n\n<p>Pi\u0142karze Rakowa do rozgrywek w PKO Bank Polski Ekstraklasie wr\u00f3c\u0105 31 marca, gdy w Lubinie zmierz\u0105 si\u0119 z Zag\u0142\u0119biem.<\/p>\n\n\n\n<p><strong>Rak\u00f3w:&nbsp;<\/strong>Kuciak (46, \u0160ahinovi\u0107) \u2013&nbsp;Bar\u00e1th, Rodin (46. Svarnas), Rundi\u0107, Tudor (46. Amorim),&nbsp;Plav\u0161i\u0107, Lederman, Seck (46. Berggren), Makuch,&nbsp;D\u00edaz, Rocha.Partnerami relacji sportowych s\u0105:<\/p>\n\n\n\n<p>DMK Invest materia\u0142y budowlane Konopiska (www.dmkinvest.pl)<\/p>\n\n\n\n<p>W\u0142odar Developer Cz\u0119stochowa (www.wlodardeveloper.pl)<\/p>\n\n\n\n<figure class=\"wp-block-image size-full\"><img decoding=\"async\" width=\"1000\" height=\"666\" data-src=\"https:\/\/gazetaregionalna.com\/wp-content\/uploads\/2025\/03\/Piast-Rakow-000.jpg\" alt=\"\" class=\"wp-image-134514 lazyload\" data-srcset=\"https:\/\/gazetaregionalna.com\/wp-content\/uploads\/2025\/03\/Piast-Rakow-000.jpg 1000w, https:\/\/gazetaregionalna.com\/wp-content\/uploads\/2025\/03\/Piast-Rakow-000-300x200.jpg 300w, https:\/\/gazetaregionalna.com\/wp-content\/uploads\/2025\/03\/Piast-Rakow-000-768x511.jpg 768w\" data-sizes=\"(max-width: 1000px) 100vw, 1000px\" src=\"data:image\/svg+xml;base64,PHN2ZyB3aWR0aD0iMSIgaGVpZ2h0PSIxIiB4bWxucz0iaHR0cDovL3d3dy53My5vcmcvMjAwMC9zdmciPjwvc3ZnPg==\" style=\"--smush-placeholder-width: 1000px; --smush-placeholder-aspect-ratio: 1000\/666;\" \/><\/figure>\n","protected":false},"excerpt":{"rendered":"<p>Pi\u0142karze Rakowa Cz\u0119stochowa wykorzystali wolny weekend i rozegrali w sobot\u0119 mecz sparingowy z GKS-em Tychy. Czerwono-niebiescy wygrali 3:0. Bramki dla Rakowa zdobyli: Ben Lederman,<\/p>\n","protected":false},"author":15,"featured_media":134514,"comment_status":"closed","ping_status":"open","sticky":false,"template":"","format":"standard","meta":{"_monsterinsights_skip_tracking":false,"_monsterinsights_sitenote_active":false,"_monsterinsights_sitenote_note":"","_monsterinsights_sitenote_category":0,"_uf_show_specific_survey":0,"_uf_disable_surveys":false,"footnotes":""},"categories":[5,6,94],"tags":[],"class_list":["post-135098","post","type-post","status-publish","format-standard","has-post-thumbnail","hentry","category-sport","category-pilka-nozna","category-polecane"],"_links":{"self":[{"href":"https:\/\/gazetaregionalna.com\/index.php?rest_route=\/wp\/v2\/posts\/135098","targetHints":{"allow":["GET"]}}],"collection":[{"href":"https:\/\/gazetaregionalna.com\/index.php?rest_route=\/wp\/v2\/posts"}],"about":[{"href":"https:\/\/gazetaregionalna.com\/index.php?rest_route=\/wp\/v2\/types\/post"}],"author":[{"embeddable":true,"href":"https:\/\/gazetaregionalna.com\/index.php?rest_route=\/wp\/v2\/users\/15"}],"replies":[{"embeddable":true,"href":"https:\/\/gazetaregionalna.com\/index.php?rest_route=%2Fwp%2Fv2%2Fcomments&post=135098"}],"version-history":[{"count":1,"href":"https:\/\/gazetaregionalna.com\/index.php?rest_route=\/wp\/v2\/posts\/135098\/revisions"}],"predecessor-version":[{"id":135099,"href":"https:\/\/gazetaregionalna.com\/index.php?rest_route=\/wp\/v2\/posts\/135098\/revisions\/135099"}],"wp:featuredmedia":[{"embeddable":true,"href":"https:\/\/gazetaregionalna.com\/index.php?rest_route=\/wp\/v2\/media\/134514"}],"wp:attachment":[{"href":"https:\/\/gazetaregionalna.com\/index.php?rest_route=%2Fwp%2Fv2%2Fmedia&parent=135098"}],"wp:term":[{"taxonomy":"category","embeddable":true,"href":"https:\/\/gazetaregionalna.com\/index.php?rest_route=%2Fwp%2Fv2%2Fcategories&post=135098"},{"taxonomy":"post_tag","embeddable":true,"href":"https:\/\/gazetaregionalna.com\/index.php?rest_route=%2Fwp%2Fv2%2Ftags&post=135098"}],"curies":[{"name":"wp","href":"https:\/\/api.w.org\/{rel}","templated":true}]}}