{"id":13506,"date":"2020-06-05T10:40:43","date_gmt":"2020-06-05T10:40:43","guid":{"rendered":"https:\/\/gazetaregionalna.com\/?p=13506"},"modified":"2020-06-06T21:43:17","modified_gmt":"2020-06-06T21:43:17","slug":"basen-w-herbach-na-nowo-otwarty","status":"publish","type":"post","link":"https:\/\/gazetaregionalna.com\/?p=13506","title":{"rendered":"Basen w Herbach na nowo otwarty!"},"content":{"rendered":"\n<p> 6 czerwca zostanie na nowo otwarty basen w Herbach. Wed\u0142ug rozporz\u0105dzenia Ministerstwa Rozwoju i G\u0142\u00f3wnego Inspektoratu Sanitarnego b\u0119dzie mo\u017cna ucz\u0119szcza\u0107 na&nbsp;kryt\u0105 p\u0142ywalni\u0119. Demonta\u017c \u0142awek i krzese\u0142, dezynfekcja kluczy, bransoletek czy te\u017c wywieszenie informacji dla u\u017cytkownik\u00f3w to tylko&nbsp;nieliczne&nbsp;czynno\u015bci, kt\u00f3re daj\u0105 \u201ezielne \u015bwiat\u0142o\u201d dla obiektu. <\/p>\n\n\n\n<p>Na terenie basenu b\u0119dzie mog\u0142o przebywa\u0107 jednocze\u015bnie 15 os\u00f3b, po 3 osoby na tor p\u0142ywacki. Bardzo wa\u017cne jest\u00a0te\u017c, by\u00a0mie\u0107 na twarzy maseczk\u0119 do momentu wej\u015bcia do szatni basenowej i ponownego jej za\u0142o\u017cenia po wyj\u015bciu z wody i przebraniu si\u0119 w suche ubranie.<\/p>\n\n\n\n<p>Osoby z podejrzeniem infekcji g\u00f3rnych dr\u00f3g oddechowych b\u0119d\u0105\nwypraszane z obiektu.<\/p>\n\n\n\n<p>Do 31.08.2020 r. nie b\u0119d\u0105 prowadzone zaj\u0119cia grupowe. <\/p>\n\n\n\n<p>(\u0179r\u00f3d\u0142o: Gmina Herby)<\/p>\n","protected":false},"excerpt":{"rendered":"<p>6 czerwca zostanie na nowo otwarty basen w Herbach. Wed\u0142ug rozporz\u0105dzenia Ministerstwa Rozwoju i G\u0142\u00f3wnego Inspektoratu Sanitarnego b\u0119dzie mo\u017cna ucz\u0119szcza\u0107 na&nbsp;kryt\u0105 p\u0142ywalni\u0119. Demonta\u017c \u0142awek<\/p>\n","protected":false},"author":12,"featured_media":13513,"comment_status":"open","ping_status":"open","sticky":false,"template":"","format":"standard","meta":{"_monsterinsights_skip_tracking":false,"_monsterinsights_sitenote_active":false,"_monsterinsights_sitenote_note":"","_monsterinsights_sitenote_category":0,"_uf_show_specific_survey":0,"_uf_disable_surveys":false,"footnotes":""},"categories":[94,3,11,4,30],"tags":[],"class_list":["post-13506","post","type-post","status-publish","format-standard","has-post-thumbnail","hentry","category-polecane","category-czestochowa-informacje","category-pozostale","category-region","category-wypoczynek"],"_links":{"self":[{"href":"https:\/\/gazetaregionalna.com\/index.php?rest_route=\/wp\/v2\/posts\/13506","targetHints":{"allow":["GET"]}}],"collection":[{"href":"https:\/\/gazetaregionalna.com\/index.php?rest_route=\/wp\/v2\/posts"}],"about":[{"href":"https:\/\/gazetaregionalna.com\/index.php?rest_route=\/wp\/v2\/types\/post"}],"author":[{"embeddable":true,"href":"https:\/\/gazetaregionalna.com\/index.php?rest_route=\/wp\/v2\/users\/12"}],"replies":[{"embeddable":true,"href":"https:\/\/gazetaregionalna.com\/index.php?rest_route=%2Fwp%2Fv2%2Fcomments&post=13506"}],"version-history":[{"count":2,"href":"https:\/\/gazetaregionalna.com\/index.php?rest_route=\/wp\/v2\/posts\/13506\/revisions"}],"predecessor-version":[{"id":13586,"href":"https:\/\/gazetaregionalna.com\/index.php?rest_route=\/wp\/v2\/posts\/13506\/revisions\/13586"}],"wp:featuredmedia":[{"embeddable":true,"href":"https:\/\/gazetaregionalna.com\/index.php?rest_route=\/wp\/v2\/media\/13513"}],"wp:attachment":[{"href":"https:\/\/gazetaregionalna.com\/index.php?rest_route=%2Fwp%2Fv2%2Fmedia&parent=13506"}],"wp:term":[{"taxonomy":"category","embeddable":true,"href":"https:\/\/gazetaregionalna.com\/index.php?rest_route=%2Fwp%2Fv2%2Fcategories&post=13506"},{"taxonomy":"post_tag","embeddable":true,"href":"https:\/\/gazetaregionalna.com\/index.php?rest_route=%2Fwp%2Fv2%2Ftags&post=13506"}],"curies":[{"name":"wp","href":"https:\/\/api.w.org\/{rel}","templated":true}]}}