{"id":13498,"date":"2020-06-05T09:57:01","date_gmt":"2020-06-05T09:57:01","guid":{"rendered":"https:\/\/gazetaregionalna.com\/?p=13498"},"modified":"2020-06-05T09:57:04","modified_gmt":"2020-06-05T09:57:04","slug":"kolizja-dwoch-ciezarowek","status":"publish","type":"post","link":"https:\/\/gazetaregionalna.com\/?p=13498","title":{"rendered":"Kolizja dw\u00f3ch ci\u0119\u017car\u00f3wek na A1, miejscowo\u015b\u0107 Starcza."},"content":{"rendered":"\n<p>Wczorajszego popo\u0142udnia dosz\u0142o do gro\u017anie wygl\u0105daj\u0105cego wypadku na A1 na wysoko\u015bci miejscowo\u015bci Starcza. Zderzenie dw\u00f3ch samochod\u00f3w ci\u0119\u017carowych. Kierowcy na szcz\u0119\u015bcie z kolizji wyszli cali i zdrowi, jedynie lekko poobijani.<\/p>\n\n\n\n<p>[post_gallery]<\/p>\n\n\n\n<p>(\u0179r\u00f3d\u0142o: <strong><a href=\"https:\/\/www.facebook.com\/walcarczestochowa\/?__cft__[0]=AZXPMIJsLOJDdjhRnIXQyoW9Km9LiopuR81HkyYe3kW9VxEQuIGdcbzk1Mvg80LrmRjCETLuQ2MlGykiFhhzQL8oYN9OYeFaCyvC1ySswh2Wgadrp3aeMyuq_aURXDHzdYjcAsvfLFv66JTGtO4z-wTf7wKfEJ5-uwdRufQbP78yEA&amp;__tn__=-UC%2CP-R\" target=\"_blank\" rel=\"noopener\">Pomoc Drogowa Wal-Car Ratownictwo Drogowe<\/a><\/strong>)<\/p>\n","protected":false},"excerpt":{"rendered":"<p>Wczorajszego popo\u0142udnia dosz\u0142o do gro\u017anie wygl\u0105daj\u0105cego wypadku na A1 na wysoko\u015bci miejscowo\u015bci Starcza. Zderzenie dw\u00f3ch samochod\u00f3w ci\u0119\u017carowych. Kierowcy na szcz\u0119\u015bcie z kolizji wyszli cali<\/p>\n","protected":false},"author":12,"featured_media":13503,"comment_status":"open","ping_status":"open","sticky":false,"template":"","format":"standard","meta":{"_monsterinsights_skip_tracking":false,"_monsterinsights_sitenote_active":false,"_monsterinsights_sitenote_note":"","_monsterinsights_sitenote_category":0,"_uf_show_specific_survey":0,"_uf_disable_surveys":false,"footnotes":""},"categories":[44,3,18,4,13],"tags":[],"class_list":["post-13498","post","type-post","status-publish","format-standard","has-post-thumbnail","hentry","category-bezpieczenstwo","category-czestochowa-informacje","category-motoryzacja","category-region","category-wydarzenia"],"_links":{"self":[{"href":"https:\/\/gazetaregionalna.com\/index.php?rest_route=\/wp\/v2\/posts\/13498","targetHints":{"allow":["GET"]}}],"collection":[{"href":"https:\/\/gazetaregionalna.com\/index.php?rest_route=\/wp\/v2\/posts"}],"about":[{"href":"https:\/\/gazetaregionalna.com\/index.php?rest_route=\/wp\/v2\/types\/post"}],"author":[{"embeddable":true,"href":"https:\/\/gazetaregionalna.com\/index.php?rest_route=\/wp\/v2\/users\/12"}],"replies":[{"embeddable":true,"href":"https:\/\/gazetaregionalna.com\/index.php?rest_route=%2Fwp%2Fv2%2Fcomments&post=13498"}],"version-history":[{"count":2,"href":"https:\/\/gazetaregionalna.com\/index.php?rest_route=\/wp\/v2\/posts\/13498\/revisions"}],"predecessor-version":[{"id":13504,"href":"https:\/\/gazetaregionalna.com\/index.php?rest_route=\/wp\/v2\/posts\/13498\/revisions\/13504"}],"wp:featuredmedia":[{"embeddable":true,"href":"https:\/\/gazetaregionalna.com\/index.php?rest_route=\/wp\/v2\/media\/13503"}],"wp:attachment":[{"href":"https:\/\/gazetaregionalna.com\/index.php?rest_route=%2Fwp%2Fv2%2Fmedia&parent=13498"}],"wp:term":[{"taxonomy":"category","embeddable":true,"href":"https:\/\/gazetaregionalna.com\/index.php?rest_route=%2Fwp%2Fv2%2Fcategories&post=13498"},{"taxonomy":"post_tag","embeddable":true,"href":"https:\/\/gazetaregionalna.com\/index.php?rest_route=%2Fwp%2Fv2%2Ftags&post=13498"}],"curies":[{"name":"wp","href":"https:\/\/api.w.org\/{rel}","templated":true}]}}