{"id":13490,"date":"2020-06-05T08:42:52","date_gmt":"2020-06-05T08:42:52","guid":{"rendered":"https:\/\/gazetaregionalna.com\/?p=13490"},"modified":"2020-06-05T08:42:53","modified_gmt":"2020-06-05T08:42:53","slug":"mpk-zapewnia-ze-drzewa-przy-torowisku-w-srodmiesciu-pozostana","status":"publish","type":"post","link":"https:\/\/gazetaregionalna.com\/?p=13490","title":{"rendered":"MPK zapewnia, \u017ce drzewa przy torowisku w \u015ar\u00f3dmie\u015bciu pozostan\u0105"},"content":{"rendered":"\n<h2 class=\"wp-block-heading\">Niebawem przebudowa torowiska przeniesie si\u0119 do centrum Cz\u0119stochowy. W wakacje ma ruszy\u0107 wymiana tor\u00f3w od al. Jana Paw\u0142a II do ronda Adama Mickiewicza. MPK zapewnia, \u017ce w trakcie remontu nie ucierpi\u0105 du\u017ce drzewa rosn\u0105ce wzd\u0142u\u017c torowiska.<\/h2>\n\n\n\n<p><br> Jak przyznaje rzecznik prasowy MPK Maciej Hasik drzewa rosn\u0105ce w al. Wolno\u015bci by\u0142y zagro\u017cone. Z powodu zmienionych niedawno przepis\u00f3w dotycz\u0105cych parametr\u00f3w torowisk w Polsce, grozi\u0142o im p\u00f3j\u015bcie pod top\u00f3r. Miasto, jak informuje rzecznik MPK, postara\u0142o si\u0119, aby je uratowa\u0107.<\/p>\n\n\n\n<figure class=\"wp-block-image size-large\"><img decoding=\"async\" width=\"576\" height=\"1024\" data-src=\"https:\/\/gazetaregionalna.com\/wp-content\/uploads\/2020\/06\/20200605_093546-576x1024.jpg\" alt=\"\" class=\"wp-image-13492 lazyload\" data-srcset=\"https:\/\/gazetaregionalna.com\/wp-content\/uploads\/2020\/06\/20200605_093546-576x1024.jpg 576w, https:\/\/gazetaregionalna.com\/wp-content\/uploads\/2020\/06\/20200605_093546-169x300.jpg 169w, https:\/\/gazetaregionalna.com\/wp-content\/uploads\/2020\/06\/20200605_093546-768x1365.jpg 768w, https:\/\/gazetaregionalna.com\/wp-content\/uploads\/2020\/06\/20200605_093546-864x1536.jpg 864w, https:\/\/gazetaregionalna.com\/wp-content\/uploads\/2020\/06\/20200605_093546-696x1237.jpg 696w, https:\/\/gazetaregionalna.com\/wp-content\/uploads\/2020\/06\/20200605_093546-1068x1899.jpg 1068w, https:\/\/gazetaregionalna.com\/wp-content\/uploads\/2020\/06\/20200605_093546-236x420.jpg 236w, https:\/\/gazetaregionalna.com\/wp-content\/uploads\/2020\/06\/20200605_093546.jpg 900w\" data-sizes=\"(max-width: 576px) 100vw, 576px\" src=\"data:image\/svg+xml;base64,PHN2ZyB3aWR0aD0iMSIgaGVpZ2h0PSIxIiB4bWxucz0iaHR0cDovL3d3dy53My5vcmcvMjAwMC9zdmciPjwvc3ZnPg==\" style=\"--smush-placeholder-width: 576px; --smush-placeholder-aspect-ratio: 576\/1024;\" \/><\/figure>\n\n\n\n<p><em><br>  \u2014 MPK nie odst\u0119powano w d\u0105\u017ceniu do unikni\u0119cia wycinki, wnioskowano do instytucji rz\u0105dowych o wyra\u017cenie zgody na odst\u0119pstwa od przepis\u00f3w, tam, gdzie jest to mo\u017cliwe i uzasadnione <\/em>\u2014 m\u00f3wi Maciej Hasik. \u2014  <em>Uda\u0142o si\u0119, dlatego szpaler pozostanie praktycznie niedotkni\u0119ty. Wyci\u0119te zostan\u0105 jedynie pojedyncze, chore sztuki. Zast\u0105pi\u0105 je nowe nasadzenia. Jednak zielony charakter al. Wolno\u015bci nie zmieni si\u0119 <\/em>\u2014 zapewnia.<\/p>\n\n\n\n<figure class=\"wp-block-image size-large\"><img decoding=\"async\" width=\"1024\" height=\"576\" data-src=\"https:\/\/gazetaregionalna.com\/wp-content\/uploads\/2020\/06\/20200605_093605-1024x576.jpg\" alt=\"\" class=\"wp-image-13493 lazyload\" data-srcset=\"https:\/\/gazetaregionalna.com\/wp-content\/uploads\/2020\/06\/20200605_093605-1024x576.jpg 1024w, https:\/\/gazetaregionalna.com\/wp-content\/uploads\/2020\/06\/20200605_093605-300x169.jpg 300w, https:\/\/gazetaregionalna.com\/wp-content\/uploads\/2020\/06\/20200605_093605-768x432.jpg 768w, https:\/\/gazetaregionalna.com\/wp-content\/uploads\/2020\/06\/20200605_093605-1536x864.jpg 1536w, https:\/\/gazetaregionalna.com\/wp-content\/uploads\/2020\/06\/20200605_093605-696x392.jpg 696w, https:\/\/gazetaregionalna.com\/wp-content\/uploads\/2020\/06\/20200605_093605-1068x601.jpg 1068w, https:\/\/gazetaregionalna.com\/wp-content\/uploads\/2020\/06\/20200605_093605-747x420.jpg 747w, https:\/\/gazetaregionalna.com\/wp-content\/uploads\/2020\/06\/20200605_093605.jpg 1200w\" data-sizes=\"(max-width: 1024px) 100vw, 1024px\" src=\"data:image\/svg+xml;base64,PHN2ZyB3aWR0aD0iMSIgaGVpZ2h0PSIxIiB4bWxucz0iaHR0cDovL3d3dy53My5vcmcvMjAwMC9zdmciPjwvc3ZnPg==\" style=\"--smush-placeholder-width: 1024px; --smush-placeholder-aspect-ratio: 1024\/576;\" \/><\/figure>\n\n\n\n<p><br> Jak przekonuje rzecznik prasowy MPK, w \u015ar\u00f3dmie\u015bciu po remoncie tor\u00f3w b\u0119dzie  nawet bardziej zielono ni\u017c dot\u0105d, poniewa\u017c od ul. Jasnog\u00f3rskiej do Ronda Mickiewicza b\u0119dziemy mieli pierwsze w mie\u015bcie, zielone torowisko.<\/p>\n","protected":false},"excerpt":{"rendered":"<p>Niebawem przebudowa torowiska przeniesie si\u0119 do centrum Cz\u0119stochowy. W wakacje ma ruszy\u0107 wymiana tor\u00f3w od al. Jana Paw\u0142a II do ronda Adama Mickiewicza. MPK<\/p>\n","protected":false},"author":7,"featured_media":13495,"comment_status":"open","ping_status":"open","sticky":false,"template":"","format":"standard","meta":{"_monsterinsights_skip_tracking":false,"_monsterinsights_sitenote_active":false,"_monsterinsights_sitenote_note":"","_monsterinsights_sitenote_category":0,"_uf_show_specific_survey":0,"_uf_disable_surveys":false,"footnotes":""},"categories":[94,3,2],"tags":[],"class_list":["post-13490","post","type-post","status-publish","format-standard","has-post-thumbnail","hentry","category-polecane","category-czestochowa-informacje","category-wiadomosci"],"_links":{"self":[{"href":"https:\/\/gazetaregionalna.com\/index.php?rest_route=\/wp\/v2\/posts\/13490","targetHints":{"allow":["GET"]}}],"collection":[{"href":"https:\/\/gazetaregionalna.com\/index.php?rest_route=\/wp\/v2\/posts"}],"about":[{"href":"https:\/\/gazetaregionalna.com\/index.php?rest_route=\/wp\/v2\/types\/post"}],"author":[{"embeddable":true,"href":"https:\/\/gazetaregionalna.com\/index.php?rest_route=\/wp\/v2\/users\/7"}],"replies":[{"embeddable":true,"href":"https:\/\/gazetaregionalna.com\/index.php?rest_route=%2Fwp%2Fv2%2Fcomments&post=13490"}],"version-history":[{"count":2,"href":"https:\/\/gazetaregionalna.com\/index.php?rest_route=\/wp\/v2\/posts\/13490\/revisions"}],"predecessor-version":[{"id":13496,"href":"https:\/\/gazetaregionalna.com\/index.php?rest_route=\/wp\/v2\/posts\/13490\/revisions\/13496"}],"wp:featuredmedia":[{"embeddable":true,"href":"https:\/\/gazetaregionalna.com\/index.php?rest_route=\/wp\/v2\/media\/13495"}],"wp:attachment":[{"href":"https:\/\/gazetaregionalna.com\/index.php?rest_route=%2Fwp%2Fv2%2Fmedia&parent=13490"}],"wp:term":[{"taxonomy":"category","embeddable":true,"href":"https:\/\/gazetaregionalna.com\/index.php?rest_route=%2Fwp%2Fv2%2Fcategories&post=13490"},{"taxonomy":"post_tag","embeddable":true,"href":"https:\/\/gazetaregionalna.com\/index.php?rest_route=%2Fwp%2Fv2%2Ftags&post=13490"}],"curies":[{"name":"wp","href":"https:\/\/api.w.org\/{rel}","templated":true}]}}