{"id":13483,"date":"2020-06-05T08:43:42","date_gmt":"2020-06-05T08:43:42","guid":{"rendered":"https:\/\/gazetaregionalna.com\/?p=13483"},"modified":"2020-06-05T08:46:18","modified_gmt":"2020-06-05T08:46:18","slug":"nordic-walking","status":"publish","type":"post","link":"https:\/\/gazetaregionalna.com\/?p=13483","title":{"rendered":"Od poniedzia\u0142ku 8 czerwca w Blachowni zaczynaj\u0105 si\u0119 bezp\u0142atne zaj\u0119cia nordic walking."},"content":{"rendered":"\n<p> Wznowione zostaj\u0105 bezp\u0142atne zaj\u0119cia nordic walking w Blachowni. Trening z Centrum Fizjoterapii i Sportu&nbsp;\u201eJest Lepiej\u201d&nbsp;rozpoczyna si\u0119 o godz. 18 na ko\u0144cu ul. Kubowicza przy tzw. dukcie&nbsp;cisia\u0144skim.<br>&#8211; <em>Zapraszam wszystkich, kt\u00f3rzy chc\u0105 si\u0119 porusza\u0107 w pi\u0119knym otoczeniu i pod okiem&nbsp;profesjonalist\u00f3w<\/em> &#8211; m\u00f3wi&nbsp;Burmistrz Sylwia Szyma\u0144ska. <\/p>\n\n\n\n<p>Zaj\u0119cia maj\u0105 na celu propagowa\u0107 zdrowy i aktywny styl \u017cycia, kt\u00f3rych trasa spacer\u00f3w prowadzi przez najbardziej urokliwe miejsca.<\/p>\n\n\n\n<p>(\u0179r\u00f3d\u0142o: Gmina Blachownia)<\/p>\n","protected":false},"excerpt":{"rendered":"<p>Wznowione zostaj\u0105 bezp\u0142atne zaj\u0119cia nordic walking w Blachowni. Trening z Centrum Fizjoterapii i Sportu&nbsp;\u201eJest Lepiej\u201d&nbsp;rozpoczyna si\u0119 o godz. 18 na ko\u0144cu ul. Kubowicza przy<\/p>\n","protected":false},"author":12,"featured_media":13489,"comment_status":"open","ping_status":"open","sticky":false,"template":"","format":"standard","meta":{"_monsterinsights_skip_tracking":false,"_monsterinsights_sitenote_active":false,"_monsterinsights_sitenote_note":"","_monsterinsights_sitenote_category":0,"_uf_show_specific_survey":0,"_uf_disable_surveys":false,"footnotes":""},"categories":[4,3,12,1,2,37],"tags":[],"class_list":["post-13483","post","type-post","status-publish","format-standard","has-post-thumbnail","hentry","category-region","category-czestochowa-informacje","category-kultura-i-rozrywka","category-uncategorized","category-wiadomosci","category-zdrowie"],"_links":{"self":[{"href":"https:\/\/gazetaregionalna.com\/index.php?rest_route=\/wp\/v2\/posts\/13483","targetHints":{"allow":["GET"]}}],"collection":[{"href":"https:\/\/gazetaregionalna.com\/index.php?rest_route=\/wp\/v2\/posts"}],"about":[{"href":"https:\/\/gazetaregionalna.com\/index.php?rest_route=\/wp\/v2\/types\/post"}],"author":[{"embeddable":true,"href":"https:\/\/gazetaregionalna.com\/index.php?rest_route=\/wp\/v2\/users\/12"}],"replies":[{"embeddable":true,"href":"https:\/\/gazetaregionalna.com\/index.php?rest_route=%2Fwp%2Fv2%2Fcomments&post=13483"}],"version-history":[{"count":3,"href":"https:\/\/gazetaregionalna.com\/index.php?rest_route=\/wp\/v2\/posts\/13483\/revisions"}],"predecessor-version":[{"id":13497,"href":"https:\/\/gazetaregionalna.com\/index.php?rest_route=\/wp\/v2\/posts\/13483\/revisions\/13497"}],"wp:featuredmedia":[{"embeddable":true,"href":"https:\/\/gazetaregionalna.com\/index.php?rest_route=\/wp\/v2\/media\/13489"}],"wp:attachment":[{"href":"https:\/\/gazetaregionalna.com\/index.php?rest_route=%2Fwp%2Fv2%2Fmedia&parent=13483"}],"wp:term":[{"taxonomy":"category","embeddable":true,"href":"https:\/\/gazetaregionalna.com\/index.php?rest_route=%2Fwp%2Fv2%2Fcategories&post=13483"},{"taxonomy":"post_tag","embeddable":true,"href":"https:\/\/gazetaregionalna.com\/index.php?rest_route=%2Fwp%2Fv2%2Ftags&post=13483"}],"curies":[{"name":"wp","href":"https:\/\/api.w.org\/{rel}","templated":true}]}}