{"id":134827,"date":"2025-03-15T18:32:39","date_gmt":"2025-03-15T18:32:39","guid":{"rendered":"https:\/\/gazetaregionalna.com\/?p=134827"},"modified":"2025-03-15T18:32:40","modified_gmt":"2025-03-15T18:32:40","slug":"neonet-nowym-sponsorem-strategicznym-rakowa","status":"publish","type":"post","link":"https:\/\/gazetaregionalna.com\/?p=134827","title":{"rendered":"Neonet nowym sponsorem strategicznym Rakowa!"},"content":{"rendered":"\n<p><strong>Neonet &#8211; jedna z najwi\u0119kszych polskich sieci stacjonarnych sklep\u00f3w oraz sklep e-commerce specjalizuj\u0105cy si\u0119 w sprzeda\u017cy produkt\u00f3w z bran\u017c RTV, AGD oraz multimedi\u00f3w zosta\u0142 nowym sponsorem strategicznym Rakowa Cz\u0119stochowa!<\/strong><\/p>\n\n\n\n<p>W ramach wsp\u00f3\u0142pracy logotyp firmy pojawi si\u0119 m.in. na spodenkach meczowych pierwszego zespo\u0142u, a tak\u017ce b\u0119dzie widoczny w r\u00f3\u017cnych formach komunikacji z kibicami, elementach ekspozycyjnych stadionu przy Limanowskiego 83 oraz w naszych mediach spo\u0142eczno\u015bciowych.<br><br>&#8211;<em> Cieszymy si\u0119, \u017ce mo\u017cemy powita\u0107 na naszym pok\u0142adzie kolejn\u0105 mark\u0119 z grupy x-kom i wesprze\u0107 jej rozw\u00f3j, tak jak dostarczamy warto\u015b\u0107 dla wszystkich naszych partner\u00f3w i sponsor\u00f3w. Przede wszystkim jeste\u015bmy szcz\u0119\u015bliwi ze wsp\u00f3\u0142pracy z mocnym graczem powi\u0105zanym z technologi\u0105 i nowoczesnym handlem, poniewa\u017c naszym celem jest zawsze by\u0107 liderem w ka\u017cdym aspekcie. Jestem przekonany, \u017ce wsp\u00f3lnie uda nam si\u0119 zrealizowa\u0107 wiele udanych projekt\u00f3w, a marka Neonet ponownie nabierze blasku na polskim rynku <\/em>&#8211; m\u00f3wi Piotr Obidzi\u0144ski, prezes Rakowa Cz\u0119stochowa.<\/p>\n\n\n\n<p>Neonet posiada ponad 20-letnie do\u015bwiadczenie na rynku bran\u017cy RTV, AGD oraz multimedi\u00f3w. Z ponad 100 sklepami stacjonarnymi zlokalizowanymi w \u015brednich i mniejszych miastach ca\u0142ej Polski, sp\u00f3\u0142ka aktywnie przyczynia si\u0119 do dynamicznego wzrostu tego segmentu w Polsce.<\/p>\n\n\n\n<p>&#8211; <em>Dzi\u0119ki tej wsp\u00f3\u0142pracy Neonet jeszcze mocniej zaznaczy swoj\u0105 obecno\u015b\u0107 w \u015bwiadomo\u015bci fan\u00f3w pi\u0142ki no\u017cnej w ca\u0142ej Polsce, a Rak\u00f3w zyska stabilne wsparcie na drodze do kolejnych sukces\u00f3w. Pi\u0142ka no\u017cna to nie tylko sport \u2013 to emocje, pasja i poczucie wsp\u00f3lnoty, kt\u00f3re s\u0105 dla nas r\u00f3wnie wa\u017cne i kt\u00f3rymi kierujemy si\u0119 na co dzie\u0144. Chcemy pokaza\u0107, \u017ce wsp\u00f3lne zaanga\u017cowanie w lokalne spo\u0142eczno\u015bci mo\u017ce \u0142\u0105czy\u0107 fan\u00f3w, klub i biznes. To partnerstwo jest tak\u017ce szans\u0105 na lepsz\u0105 komunikacj\u0119 z kibicami \u2013 Neonet zyskuje dodatkow\u0105 przestrze\u0144 na promocj\u0119 swoich ofert, docieraj\u0105c do nich w ich naturalnym \u015brodowisku<\/em> &#8211; m\u00f3wi Mariusz Sza\u0142aj, prezes Neonet.<\/p>\n\n\n\n<p>Witamy w czerwono-niebieskiej rodzinie i mamy nadziej\u0119 na owocn\u0105 wsp\u00f3\u0142prac\u0119!<\/p>\n\n\n\n<p>AK, materia\u0142y prasowe Rak\u00f3w Cz\u0119stochowa <\/p>\n\n\n\n<p>Partnerami relacji sportowych s\u0105:<\/p>\n\n\n\n<p>DMK Invest materia\u0142y budowlane Konopiska <\/p>\n\n\n\n<p>W\u0142odar Developer Cz\u0119stochowa <\/p>\n\n\n\n<figure class=\"wp-block-image size-large\"><img decoding=\"async\" width=\"819\" height=\"1024\" data-src=\"https:\/\/gazetaregionalna.com\/wp-content\/uploads\/2025\/03\/Neonet-1-819x1024.jpg\" alt=\"\" class=\"wp-image-134828 lazyload\" data-srcset=\"https:\/\/gazetaregionalna.com\/wp-content\/uploads\/2025\/03\/Neonet-1-819x1024.jpg 819w, https:\/\/gazetaregionalna.com\/wp-content\/uploads\/2025\/03\/Neonet-1-240x300.jpg 240w, https:\/\/gazetaregionalna.com\/wp-content\/uploads\/2025\/03\/Neonet-1-768x960.jpg 768w, https:\/\/gazetaregionalna.com\/wp-content\/uploads\/2025\/03\/Neonet-1.jpg 1200w\" data-sizes=\"(max-width: 819px) 100vw, 819px\" src=\"data:image\/svg+xml;base64,PHN2ZyB3aWR0aD0iMSIgaGVpZ2h0PSIxIiB4bWxucz0iaHR0cDovL3d3dy53My5vcmcvMjAwMC9zdmciPjwvc3ZnPg==\" style=\"--smush-placeholder-width: 819px; --smush-placeholder-aspect-ratio: 819\/1024;\" \/><\/figure>\n\n\n\n<figure class=\"wp-block-image size-large\"><img decoding=\"async\" width=\"1024\" height=\"1024\" data-src=\"https:\/\/gazetaregionalna.com\/wp-content\/uploads\/2024\/04\/DMK-Invest-4-1024x1024.jpg\" alt=\"\" class=\"wp-image-123885 lazyload\" data-srcset=\"https:\/\/gazetaregionalna.com\/wp-content\/uploads\/2024\/04\/DMK-Invest-4-1024x1024.jpg 1024w, https:\/\/gazetaregionalna.com\/wp-content\/uploads\/2024\/04\/DMK-Invest-4-300x300.jpg 300w, https:\/\/gazetaregionalna.com\/wp-content\/uploads\/2024\/04\/DMK-Invest-4-150x150.jpg 150w, https:\/\/gazetaregionalna.com\/wp-content\/uploads\/2024\/04\/DMK-Invest-4-768x768.jpg 768w, https:\/\/gazetaregionalna.com\/wp-content\/uploads\/2024\/04\/DMK-Invest-4-1536x1536.jpg 1536w, https:\/\/gazetaregionalna.com\/wp-content\/uploads\/2024\/04\/DMK-Invest-4-2048x2048.jpg 2048w, https:\/\/gazetaregionalna.com\/wp-content\/uploads\/2024\/04\/DMK-Invest-4-215x215.jpg 215w, https:\/\/gazetaregionalna.com\/wp-content\/uploads\/2024\/04\/DMK-Invest-4-scaled.jpg 1600w\" data-sizes=\"(max-width: 1024px) 100vw, 1024px\" src=\"data:image\/svg+xml;base64,PHN2ZyB3aWR0aD0iMSIgaGVpZ2h0PSIxIiB4bWxucz0iaHR0cDovL3d3dy53My5vcmcvMjAwMC9zdmciPjwvc3ZnPg==\" style=\"--smush-placeholder-width: 1024px; --smush-placeholder-aspect-ratio: 1024\/1024;\" \/><\/figure>\n\n\n\n<figure class=\"wp-block-image size-large\"><img decoding=\"async\" width=\"1024\" height=\"1024\" data-src=\"https:\/\/gazetaregionalna.com\/wp-content\/uploads\/2025\/01\/Wlodar-Wilenska-fb-1-1024x1024.jpg\" alt=\"\" class=\"wp-image-133184 lazyload\" data-srcset=\"https:\/\/gazetaregionalna.com\/wp-content\/uploads\/2025\/01\/Wlodar-Wilenska-fb-1-1024x1024.jpg 1024w, https:\/\/gazetaregionalna.com\/wp-content\/uploads\/2025\/01\/Wlodar-Wilenska-fb-1-300x300.jpg 300w, https:\/\/gazetaregionalna.com\/wp-content\/uploads\/2025\/01\/Wlodar-Wilenska-fb-1-150x150.jpg 150w, https:\/\/gazetaregionalna.com\/wp-content\/uploads\/2025\/01\/Wlodar-Wilenska-fb-1-768x768.jpg 768w, https:\/\/gazetaregionalna.com\/wp-content\/uploads\/2025\/01\/Wlodar-Wilenska-fb-1-215x215.jpg 215w, https:\/\/gazetaregionalna.com\/wp-content\/uploads\/2025\/01\/Wlodar-Wilenska-fb-1.jpg 1080w\" data-sizes=\"(max-width: 1024px) 100vw, 1024px\" src=\"data:image\/svg+xml;base64,PHN2ZyB3aWR0aD0iMSIgaGVpZ2h0PSIxIiB4bWxucz0iaHR0cDovL3d3dy53My5vcmcvMjAwMC9zdmciPjwvc3ZnPg==\" style=\"--smush-placeholder-width: 1024px; --smush-placeholder-aspect-ratio: 1024\/1024;\" \/><\/figure>\n","protected":false},"excerpt":{"rendered":"<p>Neonet &#8211; jedna z najwi\u0119kszych polskich sieci stacjonarnych sklep\u00f3w oraz sklep e-commerce specjalizuj\u0105cy si\u0119 w sprzeda\u017cy produkt\u00f3w z bran\u017c RTV, AGD oraz multimedi\u00f3w zosta\u0142<\/p>\n","protected":false},"author":15,"featured_media":134828,"comment_status":"closed","ping_status":"open","sticky":false,"template":"","format":"standard","meta":{"_monsterinsights_skip_tracking":false,"_monsterinsights_sitenote_active":false,"_monsterinsights_sitenote_note":"","_monsterinsights_sitenote_category":0,"_uf_show_specific_survey":0,"_uf_disable_surveys":false,"footnotes":""},"categories":[94,6,5],"tags":[],"class_list":["post-134827","post","type-post","status-publish","format-standard","has-post-thumbnail","hentry","category-polecane","category-pilka-nozna","category-sport"],"_links":{"self":[{"href":"https:\/\/gazetaregionalna.com\/index.php?rest_route=\/wp\/v2\/posts\/134827","targetHints":{"allow":["GET"]}}],"collection":[{"href":"https:\/\/gazetaregionalna.com\/index.php?rest_route=\/wp\/v2\/posts"}],"about":[{"href":"https:\/\/gazetaregionalna.com\/index.php?rest_route=\/wp\/v2\/types\/post"}],"author":[{"embeddable":true,"href":"https:\/\/gazetaregionalna.com\/index.php?rest_route=\/wp\/v2\/users\/15"}],"replies":[{"embeddable":true,"href":"https:\/\/gazetaregionalna.com\/index.php?rest_route=%2Fwp%2Fv2%2Fcomments&post=134827"}],"version-history":[{"count":1,"href":"https:\/\/gazetaregionalna.com\/index.php?rest_route=\/wp\/v2\/posts\/134827\/revisions"}],"predecessor-version":[{"id":134829,"href":"https:\/\/gazetaregionalna.com\/index.php?rest_route=\/wp\/v2\/posts\/134827\/revisions\/134829"}],"wp:featuredmedia":[{"embeddable":true,"href":"https:\/\/gazetaregionalna.com\/index.php?rest_route=\/wp\/v2\/media\/134828"}],"wp:attachment":[{"href":"https:\/\/gazetaregionalna.com\/index.php?rest_route=%2Fwp%2Fv2%2Fmedia&parent=134827"}],"wp:term":[{"taxonomy":"category","embeddable":true,"href":"https:\/\/gazetaregionalna.com\/index.php?rest_route=%2Fwp%2Fv2%2Fcategories&post=134827"},{"taxonomy":"post_tag","embeddable":true,"href":"https:\/\/gazetaregionalna.com\/index.php?rest_route=%2Fwp%2Fv2%2Ftags&post=134827"}],"curies":[{"name":"wp","href":"https:\/\/api.w.org\/{rel}","templated":true}]}}