{"id":134814,"date":"2025-03-14T15:19:06","date_gmt":"2025-03-14T15:19:06","guid":{"rendered":"https:\/\/gazetaregionalna.com\/?p=134814"},"modified":"2025-03-14T15:19:07","modified_gmt":"2025-03-14T15:19:07","slug":"trener-rakowa-czestochowa-marek-papszun-przed-meczem-z-legia-warszawa-czyli-cwiercfinalista-ligi-konferencji-europy","status":"publish","type":"post","link":"https:\/\/gazetaregionalna.com\/?p=134814","title":{"rendered":"Trener Rakowa Cz\u0119stochowa Marek Papszun przed meczem z Legi\u0105 Warszawa czyli \u0107wier\u0107finalist\u0105 Ligi Konferencji Europy"},"content":{"rendered":"\n<p>Rak\u00f3w Cz\u0119stochowa podejmuje w niedziel\u0119 Legi\u0119 Warszawa, kt\u00f3ra w czwartek wywalczy\u0142a awans do \u0107wier\u0107fina\u0142u Ligi Konferencji Europy. &#8211; Gramy z Legi\u0105 czyli z t\u0105 dru\u017cyn\u0105, kt\u00f3ra jest w \u0107wier\u0107finale i to ju\u017c pokazuje jakby rang\u0119 przeciwnika \u2013 m\u00f3wi trener Rakowa Marek Papszun.<\/p>\n\n\n\n<p>Przede wszystkim chcia\u0142bym pogratulowa\u0107 Legii i Jagiellonii awans\u00f3w do \u0107wier\u0107fina\u0142u Ligi Konferencji Europy i wprowadzeniu nas [polskich klub\u00f3w] na 15. miejsce w rankingu. Bo to jest du\u017ca rzecz, \u017ce w sezonie 2026\/27 b\u0119dziemy mie\u0107 5 dru\u017cyn w eliminacjach europejskich puchar\u00f3w i to mo\u017ce nas wnie\u015b\u0107 na wy\u017cszy poziom. Czy wzniesie to zobaczymy, czy z tego skorzystamy? Jest to du\u017ca sprawa, bo mocno d\u017awign\u0119li\u015bmy si\u0119 w tym rankingu dzi\u0119ki tym dru\u017cynom. Gramy z Legi\u0105 czyli z t\u0105 dru\u017cyn\u0105, kt\u00f3ra jest w \u0107wier\u0107finale i to ju\u017c pokazuje jakby rang\u0119 przeciwnika. Dru\u017cyna, klub, kt\u00f3ry komunikowa\u0142 przed sezonem, \u017ce zbudowa\u0142 kadr\u0119 pod mistrzostwo, pod trzy fronty. Tak te\u017c traktujemy ten mecz, mimo tego, \u017ce dzisiaj faworytem do mistrzostwa na pewno nie jest, to te ambicje i ta kadra tam pozosta\u0142a. Tak\u017ce przygotowujemy si\u0119 na ten mecz tak jakby\u015bmy grali z dru\u017cyn\u0105, kt\u00f3ra jest w \u015bcis\u0142ej rozgrywce o mistrzostwo Polski.<\/p>\n\n\n\n<p>MR-K, fot: AK<\/p>\n\n\n\n<p>Partnerami relacji sportowych s\u0105:<\/p>\n\n\n\n<p>DMK Invest materialy budowlane Konopiska<\/p>\n\n\n\n<p>W\u0142odar Developer Cz\u0119stochowa (<a href=\"http:\/\/www.wlodardeveloper.pl\/\" target=\"_blank\" rel=\"noreferrer noopener\">www.wlodardeveloper.pl<\/a>)<\/p>\n\n\n\n<figure class=\"wp-block-image size-large\"><img decoding=\"async\" width=\"1024\" height=\"690\" data-src=\"https:\/\/gazetaregionalna.com\/wp-content\/uploads\/2024\/10\/Papszun-1-1024x690.jpg\" alt=\"\" class=\"wp-image-129058 lazyload\" data-srcset=\"https:\/\/gazetaregionalna.com\/wp-content\/uploads\/2024\/10\/Papszun-1-1024x690.jpg 1024w, https:\/\/gazetaregionalna.com\/wp-content\/uploads\/2024\/10\/Papszun-1-300x202.jpg 300w, https:\/\/gazetaregionalna.com\/wp-content\/uploads\/2024\/10\/Papszun-1-768x518.jpg 768w, https:\/\/gazetaregionalna.com\/wp-content\/uploads\/2024\/10\/Papszun-1.jpg 1200w\" data-sizes=\"(max-width: 1024px) 100vw, 1024px\" src=\"data:image\/svg+xml;base64,PHN2ZyB3aWR0aD0iMSIgaGVpZ2h0PSIxIiB4bWxucz0iaHR0cDovL3d3dy53My5vcmcvMjAwMC9zdmciPjwvc3ZnPg==\" style=\"--smush-placeholder-width: 1024px; --smush-placeholder-aspect-ratio: 1024\/690;\" \/><\/figure>\n\n\n\n<figure class=\"wp-block-image size-large\"><img decoding=\"async\" width=\"1024\" height=\"1024\" data-src=\"https:\/\/gazetaregionalna.com\/wp-content\/uploads\/2024\/04\/DMK-Invest-1-1024x1024.jpg\" alt=\"\" class=\"wp-image-123882 lazyload\" data-srcset=\"https:\/\/gazetaregionalna.com\/wp-content\/uploads\/2024\/04\/DMK-Invest-1-1024x1024.jpg 1024w, https:\/\/gazetaregionalna.com\/wp-content\/uploads\/2024\/04\/DMK-Invest-1-300x300.jpg 300w, https:\/\/gazetaregionalna.com\/wp-content\/uploads\/2024\/04\/DMK-Invest-1-150x150.jpg 150w, https:\/\/gazetaregionalna.com\/wp-content\/uploads\/2024\/04\/DMK-Invest-1-768x768.jpg 768w, https:\/\/gazetaregionalna.com\/wp-content\/uploads\/2024\/04\/DMK-Invest-1-1536x1536.jpg 1536w, https:\/\/gazetaregionalna.com\/wp-content\/uploads\/2024\/04\/DMK-Invest-1-2048x2048.jpg 2048w, https:\/\/gazetaregionalna.com\/wp-content\/uploads\/2024\/04\/DMK-Invest-1-215x215.jpg 215w, https:\/\/gazetaregionalna.com\/wp-content\/uploads\/2024\/04\/DMK-Invest-1-scaled.jpg 1600w\" data-sizes=\"(max-width: 1024px) 100vw, 1024px\" src=\"data:image\/svg+xml;base64,PHN2ZyB3aWR0aD0iMSIgaGVpZ2h0PSIxIiB4bWxucz0iaHR0cDovL3d3dy53My5vcmcvMjAwMC9zdmciPjwvc3ZnPg==\" style=\"--smush-placeholder-width: 1024px; --smush-placeholder-aspect-ratio: 1024\/1024;\" \/><\/figure>\n\n\n\n<figure class=\"wp-block-image size-large\"><img decoding=\"async\" width=\"1024\" height=\"1024\" data-src=\"https:\/\/gazetaregionalna.com\/wp-content\/uploads\/2025\/01\/Wlodar-Wilenska-fb-1-1024x1024.jpg\" alt=\"\" class=\"wp-image-133184 lazyload\" data-srcset=\"https:\/\/gazetaregionalna.com\/wp-content\/uploads\/2025\/01\/Wlodar-Wilenska-fb-1-1024x1024.jpg 1024w, https:\/\/gazetaregionalna.com\/wp-content\/uploads\/2025\/01\/Wlodar-Wilenska-fb-1-300x300.jpg 300w, https:\/\/gazetaregionalna.com\/wp-content\/uploads\/2025\/01\/Wlodar-Wilenska-fb-1-150x150.jpg 150w, https:\/\/gazetaregionalna.com\/wp-content\/uploads\/2025\/01\/Wlodar-Wilenska-fb-1-768x768.jpg 768w, https:\/\/gazetaregionalna.com\/wp-content\/uploads\/2025\/01\/Wlodar-Wilenska-fb-1-215x215.jpg 215w, https:\/\/gazetaregionalna.com\/wp-content\/uploads\/2025\/01\/Wlodar-Wilenska-fb-1.jpg 1080w\" data-sizes=\"(max-width: 1024px) 100vw, 1024px\" src=\"data:image\/svg+xml;base64,PHN2ZyB3aWR0aD0iMSIgaGVpZ2h0PSIxIiB4bWxucz0iaHR0cDovL3d3dy53My5vcmcvMjAwMC9zdmciPjwvc3ZnPg==\" style=\"--smush-placeholder-width: 1024px; --smush-placeholder-aspect-ratio: 1024\/1024;\" \/><\/figure>\n","protected":false},"excerpt":{"rendered":"<p>Rak\u00f3w Cz\u0119stochowa podejmuje w niedziel\u0119 Legi\u0119 Warszawa, kt\u00f3ra w czwartek wywalczy\u0142a awans do \u0107wier\u0107fina\u0142u Ligi Konferencji Europy. &#8211; Gramy z Legi\u0105 czyli z t\u0105<\/p>\n","protected":false},"author":15,"featured_media":129058,"comment_status":"closed","ping_status":"open","sticky":false,"template":"","format":"standard","meta":{"_monsterinsights_skip_tracking":false,"_monsterinsights_sitenote_active":false,"_monsterinsights_sitenote_note":"","_monsterinsights_sitenote_category":0,"_uf_show_specific_survey":0,"_uf_disable_surveys":false,"footnotes":""},"categories":[94,6,5],"tags":[],"class_list":["post-134814","post","type-post","status-publish","format-standard","has-post-thumbnail","hentry","category-polecane","category-pilka-nozna","category-sport"],"_links":{"self":[{"href":"https:\/\/gazetaregionalna.com\/index.php?rest_route=\/wp\/v2\/posts\/134814","targetHints":{"allow":["GET"]}}],"collection":[{"href":"https:\/\/gazetaregionalna.com\/index.php?rest_route=\/wp\/v2\/posts"}],"about":[{"href":"https:\/\/gazetaregionalna.com\/index.php?rest_route=\/wp\/v2\/types\/post"}],"author":[{"embeddable":true,"href":"https:\/\/gazetaregionalna.com\/index.php?rest_route=\/wp\/v2\/users\/15"}],"replies":[{"embeddable":true,"href":"https:\/\/gazetaregionalna.com\/index.php?rest_route=%2Fwp%2Fv2%2Fcomments&post=134814"}],"version-history":[{"count":1,"href":"https:\/\/gazetaregionalna.com\/index.php?rest_route=\/wp\/v2\/posts\/134814\/revisions"}],"predecessor-version":[{"id":134815,"href":"https:\/\/gazetaregionalna.com\/index.php?rest_route=\/wp\/v2\/posts\/134814\/revisions\/134815"}],"wp:featuredmedia":[{"embeddable":true,"href":"https:\/\/gazetaregionalna.com\/index.php?rest_route=\/wp\/v2\/media\/129058"}],"wp:attachment":[{"href":"https:\/\/gazetaregionalna.com\/index.php?rest_route=%2Fwp%2Fv2%2Fmedia&parent=134814"}],"wp:term":[{"taxonomy":"category","embeddable":true,"href":"https:\/\/gazetaregionalna.com\/index.php?rest_route=%2Fwp%2Fv2%2Fcategories&post=134814"},{"taxonomy":"post_tag","embeddable":true,"href":"https:\/\/gazetaregionalna.com\/index.php?rest_route=%2Fwp%2Fv2%2Ftags&post=134814"}],"curies":[{"name":"wp","href":"https:\/\/api.w.org\/{rel}","templated":true}]}}