{"id":134806,"date":"2025-03-14T12:04:08","date_gmt":"2025-03-14T12:04:08","guid":{"rendered":"https:\/\/gazetaregionalna.com\/?p=134806"},"modified":"2025-03-14T12:04:09","modified_gmt":"2025-03-14T12:04:09","slug":"prima-ze-strazy-miejskiej-pomogla-znalezc-narkotyki","status":"publish","type":"post","link":"https:\/\/gazetaregionalna.com\/?p=134806","title":{"rendered":"Prima ze Stra\u017cy Miejskiej pomog\u0142a znale\u017a\u0107 narkotyki"},"content":{"rendered":"\n<p>Pies s\u0142u\u017cbowy Prima z cz\u0119stochowskiej Stra\u017cy Miejskiej pomog\u0142a policjantom z I Komisariatu znale\u017a\u0107 narkotyki.<\/p>\n\n\n\n<p>Prima z cz\u0119stochowskiej Stra\u017cy Miejskiej szykowa\u0142a si\u0119 w czwartek na wyjazd ze swym przewodnikiem do jednego z przedszkoli na prelekcj\u0119 i spotkanie z dzie\u0107mi. W tym samym czasie dy\u017curny Stra\u017cy Miejskiej otrzyma\u0142 informacj\u0119 z I Komisariatu Policji, \u017ce funkcjonariusze I KP prowadz\u0105 czynno\u015bci w celu ujawnienia narkotyk\u00f3w na jednej z cz\u0119stochowskich posesji.<\/p>\n\n\n\n<p>Prima ze swym przewodnikiem pojecha\u0142a na pomoc i naznaczy\u0142a miejsce, gdzie mog\u0105 by\u0107 schowane narkotyki. Policjanci ujawnili woreczki z marihuan\u0105, gdzie by\u0142o prawie 200 gram zielonego suszu. To kolejna wsp\u00f3\u0142praca, gdzie pies s\u0142u\u017cbowy cz\u0119stochowskiej Stra\u017cy Miejskiej pomaga cz\u0119stochowskim policjantom w poszukiwaniu i znalezieniu narkotyk\u00f3w.<\/p>\n\n\n\n<p>Prima \u201epracuje\u201d w cz\u0119stochowskiej Stra\u017cy Miejskiej od grudnia 2015 roku. Owczarek belgijski malinois wyspecjalizowany jest w ujawnianiu \u015brodk\u00f3w odurzaj\u0105cych. Prima stale przechodzi szkolenia, by podnosi\u0107 swoje kwalifikacje. Jest te\u017c cz\u0119stym go\u015bciem w szko\u0142ach i przedszkolach, gdzie Stra\u017c Miejska prowadzi prelekcje na temat szeroko poj\u0119tego bezpiecze\u0144stwa. Cz\u0119sto poruszany jest te\u017c temat narkotyk\u00f3w. Prelegenci ze Stra\u017cy Miejskiej u\u015bwiadamiaj\u0105 uczni\u00f3w, \u017ce narkotyki s\u0105 nielegalne. Za ich posiadanie grozi odpowiedzialno\u015b\u0107 karna. Narkotyki wp\u0142ywaj\u0105 te\u017c na pogorszenie zdrowia. Przedawkowanie mo\u017ce grozi\u0107 \u015bmierci\u0105.<\/p>\n\n\n\n<p>\u0179r\u00f3d\u0142o: www.sm.czestochowa.pl <\/p>\n","protected":false},"excerpt":{"rendered":"<p>Pies s\u0142u\u017cbowy Prima z cz\u0119stochowskiej Stra\u017cy Miejskiej pomog\u0142a policjantom z I Komisariatu znale\u017a\u0107 narkotyki. Prima z cz\u0119stochowskiej Stra\u017cy Miejskiej szykowa\u0142a si\u0119 w czwartek na<\/p>\n","protected":false},"author":25,"featured_media":134807,"comment_status":"closed","ping_status":"open","sticky":false,"template":"","format":"standard","meta":{"_monsterinsights_skip_tracking":false,"_monsterinsights_sitenote_active":false,"_monsterinsights_sitenote_note":"","_monsterinsights_sitenote_category":0,"_uf_show_specific_survey":0,"_uf_disable_surveys":false,"footnotes":""},"categories":[94,3,2],"tags":[],"class_list":["post-134806","post","type-post","status-publish","format-standard","has-post-thumbnail","hentry","category-polecane","category-czestochowa-informacje","category-wiadomosci"],"_links":{"self":[{"href":"https:\/\/gazetaregionalna.com\/index.php?rest_route=\/wp\/v2\/posts\/134806","targetHints":{"allow":["GET"]}}],"collection":[{"href":"https:\/\/gazetaregionalna.com\/index.php?rest_route=\/wp\/v2\/posts"}],"about":[{"href":"https:\/\/gazetaregionalna.com\/index.php?rest_route=\/wp\/v2\/types\/post"}],"author":[{"embeddable":true,"href":"https:\/\/gazetaregionalna.com\/index.php?rest_route=\/wp\/v2\/users\/25"}],"replies":[{"embeddable":true,"href":"https:\/\/gazetaregionalna.com\/index.php?rest_route=%2Fwp%2Fv2%2Fcomments&post=134806"}],"version-history":[{"count":1,"href":"https:\/\/gazetaregionalna.com\/index.php?rest_route=\/wp\/v2\/posts\/134806\/revisions"}],"predecessor-version":[{"id":134808,"href":"https:\/\/gazetaregionalna.com\/index.php?rest_route=\/wp\/v2\/posts\/134806\/revisions\/134808"}],"wp:featuredmedia":[{"embeddable":true,"href":"https:\/\/gazetaregionalna.com\/index.php?rest_route=\/wp\/v2\/media\/134807"}],"wp:attachment":[{"href":"https:\/\/gazetaregionalna.com\/index.php?rest_route=%2Fwp%2Fv2%2Fmedia&parent=134806"}],"wp:term":[{"taxonomy":"category","embeddable":true,"href":"https:\/\/gazetaregionalna.com\/index.php?rest_route=%2Fwp%2Fv2%2Fcategories&post=134806"},{"taxonomy":"post_tag","embeddable":true,"href":"https:\/\/gazetaregionalna.com\/index.php?rest_route=%2Fwp%2Fv2%2Ftags&post=134806"}],"curies":[{"name":"wp","href":"https:\/\/api.w.org\/{rel}","templated":true}]}}