{"id":134747,"date":"2025-03-11T20:18:58","date_gmt":"2025-03-11T20:18:58","guid":{"rendered":"https:\/\/gazetaregionalna.com\/?p=134747"},"modified":"2025-03-11T20:18:59","modified_gmt":"2025-03-11T20:18:59","slug":"spotkanie-autorskie-z-konradem-ludwickim","status":"publish","type":"post","link":"https:\/\/gazetaregionalna.com\/?p=134747","title":{"rendered":"Muzeum Monet i Medali Jana Paw\u0142a II w Cz\u0119stochowie. Spotkanie autorskie z Konradem Ludwickim"},"content":{"rendered":"\n<h2 class=\"wp-block-heading\">W \u015brod\u0119, 19 marca odb\u0119dzie si\u0119 spotkanie autorskie z Konradem Ludwickim, kt\u00f3ry w Muzeum Monet i Medali opowie o swojej najnowszej ksi\u0105\u017cce zatytu\u0142owanej &#8222;Chrystus w wi\u0119zieniu. Ostatnie godziny \u017cycia ziemskiego&#8221;.<\/h2>\n\n\n\n<p>Konrad Ludwicki to prozaik, eseista i historyk literatury. Pracuje jako adiunkt na Uniwersytecie Jana D\u0142ugosza. Wyda\u0142 m.in. zbi\u00f3r opowiada\u0144 &#8222;Fiolet&#8221; (Cz\u0119stochowa 2001),monografie &#8211; &#8222;Kino Marka H\u0142aski&#8221; (Katowice-Warszawa2004) i &#8222;Pisanie jako egzystencja(lizm). Refleksja autotematyczna na marginesie \u201eKsi\u0119gi niepokoju\u201d Fernanda Pessoi i wyimk\u00f3w z literatury europejskiej wieku XX&#8221; (Warszawa 2011) czy powie\u015b\u0107 &#8222;Lakrimma&#8221; (Katowice 2008).<\/p>\n\n\n\n<p>Teksty z pogranicza antropologii literatury i sztuki publikowa\u0142 min. w &#8222;Akancie&#8221;, &#8222;Bulionie&#8221;, &#8222;Fatali\u015bcie&#8221;, &#8222;Horyzontach&#8221;, &#8222;Materia\u0142ach i Studiach S\u0142awianoznawczych&#8221;, &#8222;Gazecie Wyborczej&#8221; czy &#8222;Studium&#8221;.<\/p>\n\n\n\n<p>19 marca swoj\u0105 premier\u0119 b\u0119dzie mia\u0142a jego najnowsza ksi\u0105\u017cka &#8222;Chrystus w wi\u0119zieniu. Ostatnie godziny \u017cycia ziemskiego&#8221;. Jej wydawc\u0105 jest Wydawnictwo SUMUS.<\/p>\n\n\n\n<figure class=\"wp-block-image size-large\"><img decoding=\"async\" width=\"724\" height=\"1024\" data-src=\"https:\/\/gazetaregionalna.com\/wp-content\/uploads\/2025\/03\/480303388_1406301067272441_69830043751756126_n-724x1024.jpg\" alt=\"\" class=\"wp-image-134751 lazyload\" data-srcset=\"https:\/\/gazetaregionalna.com\/wp-content\/uploads\/2025\/03\/480303388_1406301067272441_69830043751756126_n-724x1024.jpg 724w, https:\/\/gazetaregionalna.com\/wp-content\/uploads\/2025\/03\/480303388_1406301067272441_69830043751756126_n-212x300.jpg 212w, https:\/\/gazetaregionalna.com\/wp-content\/uploads\/2025\/03\/480303388_1406301067272441_69830043751756126_n-768x1086.jpg 768w, https:\/\/gazetaregionalna.com\/wp-content\/uploads\/2025\/03\/480303388_1406301067272441_69830043751756126_n.jpg 842w\" data-sizes=\"(max-width: 724px) 100vw, 724px\" src=\"data:image\/svg+xml;base64,PHN2ZyB3aWR0aD0iMSIgaGVpZ2h0PSIxIiB4bWxucz0iaHR0cDovL3d3dy53My5vcmcvMjAwMC9zdmciPjwvc3ZnPg==\" style=\"--smush-placeholder-width: 724px; --smush-placeholder-aspect-ratio: 724\/1024;\" \/><figcaption class=\"wp-element-caption\">mat. organizator\u00f3w<\/figcaption><\/figure>\n\n\n\n<p>Autor buduje w niej szczeg\u00f3\u0142ow\u0105 narracj\u0119. Relacjonuje czas m\u0119ki uwi\u0119zienia w karcerze. To obraz Chrystusa sponiewieranego i maltretowanego ze \u015bwiadomo\u015bci\u0105 bliskiej \u015bmierci, ale i antycypacj\u0105 zmartwychwstania. Wizerunek Cz\u0142owieka-Boga bliskiego ludziom ka\u017cdego czasu.<\/p>\n\n\n\n<p>Na kartach ksi\u0105\u017cki widzimy Chrystusa jako Syna Bo\u017cego, ale te\u017c jako posta\u0107 historyczn\u0105. W konkretnym wydarzeniu \u2013 uwi\u0119zieniu. Faktu, b\u0119d\u0105cego bia\u0142\u0105 plam\u0105 w Pi\u015bmie \u015awi\u0119tym, lecz obecnego w wizjach mistyczek. Kobiet wiarygodnych, kt\u00f3rych zapisy posiadaj\u0105 nihil obstat Ko\u015bcio\u0142a.<\/p>\n\n\n\n<p>&#8211; &#8222;Dopowiadanie&#8221; Ewangelii ma tak d\u0142ug\u0105 tradycj\u0119, jak i one. Najpierw okruchy wiedzy, kt\u00f3ra nie zosta\u0142a utrwalona w pismach Nowego Testamentu, a nast\u0119pnie \u017carliwa wiara, wra\u017cliwo\u015b\u0107 i wyobra\u017ania swoi\u015bcie uzupe\u0142nia\u0142y pami\u0119\u0107 utrwalon\u0105 w kanonicznych pismach. Dotyczy to zw\u0142aszcza tych etap\u00f3w los\u00f3w Jezusa Chrystusa, kt\u00f3re s\u0142usznie uznaje si\u0119 za najwa\u017cniejsze, w\u015br\u00f3d nich ostatnie godziny Jego ziemskiego \u017cycia. Mozolnie je rekonstruuj\u0105c, Konrad Ludwicki nie poprzestaje na wiedzy, skojarzeniach i wyobra\u017ani, lecz si\u0119ga r\u00f3wnie\u017c po do\u015bwiadczenia mistyczne, jakim dali wyraz ci, kt\u00f3rzy ich do\u015bwiadczyli. Tak powsta\u0142a ta ksi\u0105\u017cka, przejmuj\u0105ce \u015bwiadectwo wsp\u00f3\u0142czesnej refleksji i medytacji nad m\u0119k\u0105 Pana naszego Jezusa Chrystusa &#8211; pisze ks. prof. Waldemar Chrostowski.<\/p>\n\n\n\n<p>To w\u0142a\u015bnie ks. prof. Chrostowski b\u0119dzie honorowym go\u015bciem spotkania autorskiego z Konradem Ludwickim, kt\u00f3re odb\u0119dzie si\u0119 w <a href=\"https:\/\/www.facebook.com\/jp2muzeum\" target=\"_blank\" rel=\"noopener\">Muzeum Monet i Medali Jana Paw\u0142a II<\/a>. Rozmow\u0119 poprowadzi Anna Przewo\u017anik.<\/p>\n\n\n\n<p>W trakcie wydarzenia b\u0119dzie mo\u017cliwo\u015b\u0107 zakupu ksi\u0105\u017cki z dedykacj\u0105 autora.<\/p>\n\n\n\n<p>Spotkanie odb\u0119dzie si\u0119 w \u015brod\u0119, 19 marca o godz. 19. Wst\u0119p jest wolny.<\/p>\n\n\n\n<p><strong>red.<\/strong><\/p>\n","protected":false},"excerpt":{"rendered":"<p>W \u015brod\u0119, 19 marca odb\u0119dzie si\u0119 spotkanie autorskie z Konradem Ludwickim, kt\u00f3ry w Muzeum Monet i Medali opowie o swojej najnowszej ksi\u0105\u017cce zatytu\u0142owanej &#8222;Chrystus<\/p>\n","protected":false},"author":11,"featured_media":134750,"comment_status":"closed","ping_status":"open","sticky":false,"template":"","format":"standard","meta":{"_monsterinsights_skip_tracking":false,"_monsterinsights_sitenote_active":false,"_monsterinsights_sitenote_note":"","_monsterinsights_sitenote_category":0,"_uf_show_specific_survey":0,"_uf_disable_surveys":false,"footnotes":""},"categories":[12,3,2],"tags":[144,7169,8659,2215],"class_list":["post-134747","post","type-post","status-publish","format-standard","has-post-thumbnail","hentry","category-kultura-i-rozrywka","category-czestochowa-informacje","category-wiadomosci","tag-czestochowa","tag-konrad-ludwicki","tag-muzeum-monet-i-medali-im-jana-pawla-ii","tag-spotkanie-autorskie"],"_links":{"self":[{"href":"https:\/\/gazetaregionalna.com\/index.php?rest_route=\/wp\/v2\/posts\/134747","targetHints":{"allow":["GET"]}}],"collection":[{"href":"https:\/\/gazetaregionalna.com\/index.php?rest_route=\/wp\/v2\/posts"}],"about":[{"href":"https:\/\/gazetaregionalna.com\/index.php?rest_route=\/wp\/v2\/types\/post"}],"author":[{"embeddable":true,"href":"https:\/\/gazetaregionalna.com\/index.php?rest_route=\/wp\/v2\/users\/11"}],"replies":[{"embeddable":true,"href":"https:\/\/gazetaregionalna.com\/index.php?rest_route=%2Fwp%2Fv2%2Fcomments&post=134747"}],"version-history":[{"count":3,"href":"https:\/\/gazetaregionalna.com\/index.php?rest_route=\/wp\/v2\/posts\/134747\/revisions"}],"predecessor-version":[{"id":134752,"href":"https:\/\/gazetaregionalna.com\/index.php?rest_route=\/wp\/v2\/posts\/134747\/revisions\/134752"}],"wp:featuredmedia":[{"embeddable":true,"href":"https:\/\/gazetaregionalna.com\/index.php?rest_route=\/wp\/v2\/media\/134750"}],"wp:attachment":[{"href":"https:\/\/gazetaregionalna.com\/index.php?rest_route=%2Fwp%2Fv2%2Fmedia&parent=134747"}],"wp:term":[{"taxonomy":"category","embeddable":true,"href":"https:\/\/gazetaregionalna.com\/index.php?rest_route=%2Fwp%2Fv2%2Fcategories&post=134747"},{"taxonomy":"post_tag","embeddable":true,"href":"https:\/\/gazetaregionalna.com\/index.php?rest_route=%2Fwp%2Fv2%2Ftags&post=134747"}],"curies":[{"name":"wp","href":"https:\/\/api.w.org\/{rel}","templated":true}]}}