{"id":134693,"date":"2025-03-11T15:16:02","date_gmt":"2025-03-11T15:16:02","guid":{"rendered":"https:\/\/gazetaregionalna.com\/?p=134693"},"modified":"2025-03-11T15:16:03","modified_gmt":"2025-03-11T15:16:03","slug":"klub-fc-skra-ladies-czestochowa-zostal-oficjalnie-wycofany-z-rozgrywek-ekstraligi","status":"publish","type":"post","link":"https:\/\/gazetaregionalna.com\/?p=134693","title":{"rendered":"Klub FC Skra Ladies Cz\u0119stochowa zosta\u0142 oficjalnie wycofany z rozgrywek Ekstraligi"},"content":{"rendered":"\n<p>Na stronie pzpn.pl pojawi\u0142 si\u0119 11 marca komunikat Departamentu Pi\u0142karstwa Kobiecego PZPN. Dotyczy wycofania si\u0119 z rozgrywek Orlen Ekstraligi dru\u017cyny FC Skra Ladies Cz\u0119stochowa.<\/p>\n\n\n\n<p>O problemach pi\u0142karek FC Skra Ladies pisali\u015bmy ju\u017c jaki\u015b czas temu w serwisach \u201eGazety Regionalnej\u201d. Klub w 2025 roku nie opublikowa\u0142 ani jednej informacji w swoich socjal mediach. Nie by\u0142o informacji o przygotowaniach do rundy wiosennej. Dru\u017cyna odwo\u0142ywa\u0142a sparing, mecz Pucharu Polski, a\u017c w ko\u0144cu nie przyst\u0105pi\u0142a do rozgrywek Orlen Ekstraligi.<\/p>\n\n\n\n<p>We wtorek, 11 marca na stronie pzpn.pl pojawi\u0142 si\u0119 komunikat w tej sprawie. Poni\u017cej prezentujemy jego tre\u015b\u0107:<\/p>\n\n\n\n<p>\u201eW zwi\u0105zku z wycofaniem si\u0119 z rozgrywek Orlen Ekstraligi dru\u017cyny FC Skra Ladies Cz\u0119stochowa, Departament Pi\u0142karstwa Kobiecego PZPN informuje, \u017ce wyznaczone zgodnie z terminarzem rozgrywek mecze z udzia\u0142em tej dru\u017cyny w rundzie wiosennej 2024\/2025 zostaj\u0105 odwo\u0142ane.<\/p>\n\n\n\n<p>W zwi\u0105zku z rozegraniem przez ww. klub 50% spotka\u0144, zgodnie z postanowieniami \u00a7 19 ust. 3 lit. b, Uchwa\u0142y nr IX\/140 z dnia 3 i 7 lipca 2008 roku Zarz\u0105du Polskiego Zwi\u0105zku Pi\u0142ki No\u017cnej w sprawie organizacji rozgrywek w pi\u0142k\u0119 no\u017cn\u0105 \u2013 do punktacji zalicza si\u0119 wyniki uzyskane na boisku, natomiast w pozosta\u0142ych meczach przyznaje si\u0119 walkowery dla przeciwnika.<\/p>\n\n\n\n<p>Jednocze\u015bnie, w \u015bwietle postanowie\u0144 Art. 1, 2 oraz 3 Uchwa\u0142y nr I\/10 z dnia 28 stycznia 2018 roku Zarz\u0105du Polskiego Zwi\u0105zku Pi\u0142ki No\u017cnej w sprawie szczeg\u00f3lnych zasad potwierdzania i uprawniania zawodnik\u00f3w do gry w przypadku wycofania dru\u017cyny klubu z rozgrywek pi\u0142karskich:<\/p>\n\n\n\n<p>1. W sytuacji wycofania dru\u017cyny klubu z rozgrywek, zawodniczki profesjonalne uprawnione do gry wy\u0142\u0105cznie w dru\u017cynie wycofanej z rozgrywek, s\u0105 uprawnione do jednostronnego rozwi\u0105zania kontraktu z klubem poprzez o\u015bwiadczenie z\u0142o\u017cone Klubowi w formie pisemnej pod rygorem niewa\u017cno\u015bci;<\/p>\n\n\n\n<p>2. W sytuacji wycofania dru\u017cyny klubu z rozgrywek, zawodniczki o statusie amatora uprawnione do gry wy\u0142\u0105cznie w dru\u017cynie wycofanej z rozgrywek, automatycznie nabywaj\u0105 status zawodniczek wolnych;<\/p>\n\n\n\n<p>3. Zawodniczki, o kt\u00f3rych mowa w Art. 1 i 2, mog\u0105 by\u0107 potwierdzone i uprawnione do gry w kolejnym klubie, niezale\u017cnie od postanowie\u0144 \u00a7 21 ust. 2 i 3 Uchwa\u0142y nr VIII\/124 z dnia 14 lipca 2015 roku Zarz\u0105du Polskiego Zwi\u0105zku Pi\u0142ki No\u017cnej w sprawie statusu zawodnik\u00f3w oraz zasad zmian przynale\u017cno\u015bci klubowej.\u201d<\/p>\n\n\n\n<p>AK, fot: AK<\/p>\n\n\n\n<p>Partnerami relacji sportowych s\u0105:<\/p>\n\n\n\n<p>DMK Invest materia\u0142y budowlane Konopiska<\/p>\n\n\n\n<p>W\u0142odar Developer Cz\u0119stochowa<\/p>\n\n\n\n<figure class=\"wp-block-image size-large\"><img decoding=\"async\" width=\"1024\" height=\"1024\" data-src=\"https:\/\/gazetaregionalna.com\/wp-content\/uploads\/2024\/04\/DMK-Invest-4-1024x1024.jpg\" alt=\"\" class=\"wp-image-123885 lazyload\" data-srcset=\"https:\/\/gazetaregionalna.com\/wp-content\/uploads\/2024\/04\/DMK-Invest-4-1024x1024.jpg 1024w, https:\/\/gazetaregionalna.com\/wp-content\/uploads\/2024\/04\/DMK-Invest-4-300x300.jpg 300w, https:\/\/gazetaregionalna.com\/wp-content\/uploads\/2024\/04\/DMK-Invest-4-150x150.jpg 150w, https:\/\/gazetaregionalna.com\/wp-content\/uploads\/2024\/04\/DMK-Invest-4-768x768.jpg 768w, https:\/\/gazetaregionalna.com\/wp-content\/uploads\/2024\/04\/DMK-Invest-4-1536x1536.jpg 1536w, https:\/\/gazetaregionalna.com\/wp-content\/uploads\/2024\/04\/DMK-Invest-4-2048x2048.jpg 2048w, https:\/\/gazetaregionalna.com\/wp-content\/uploads\/2024\/04\/DMK-Invest-4-215x215.jpg 215w, https:\/\/gazetaregionalna.com\/wp-content\/uploads\/2024\/04\/DMK-Invest-4-scaled.jpg 1600w\" data-sizes=\"(max-width: 1024px) 100vw, 1024px\" src=\"data:image\/svg+xml;base64,PHN2ZyB3aWR0aD0iMSIgaGVpZ2h0PSIxIiB4bWxucz0iaHR0cDovL3d3dy53My5vcmcvMjAwMC9zdmciPjwvc3ZnPg==\" style=\"--smush-placeholder-width: 1024px; --smush-placeholder-aspect-ratio: 1024\/1024;\" \/><\/figure>\n\n\n\n<figure class=\"wp-block-image size-large\"><img decoding=\"async\" width=\"1024\" height=\"1024\" data-src=\"https:\/\/gazetaregionalna.com\/wp-content\/uploads\/2025\/01\/Wlodar-Poleska-fb-1-1024x1024.jpg\" alt=\"\" class=\"wp-image-133182 lazyload\" data-srcset=\"https:\/\/gazetaregionalna.com\/wp-content\/uploads\/2025\/01\/Wlodar-Poleska-fb-1-1024x1024.jpg 1024w, https:\/\/gazetaregionalna.com\/wp-content\/uploads\/2025\/01\/Wlodar-Poleska-fb-1-300x300.jpg 300w, https:\/\/gazetaregionalna.com\/wp-content\/uploads\/2025\/01\/Wlodar-Poleska-fb-1-150x150.jpg 150w, https:\/\/gazetaregionalna.com\/wp-content\/uploads\/2025\/01\/Wlodar-Poleska-fb-1-768x768.jpg 768w, https:\/\/gazetaregionalna.com\/wp-content\/uploads\/2025\/01\/Wlodar-Poleska-fb-1-215x215.jpg 215w, https:\/\/gazetaregionalna.com\/wp-content\/uploads\/2025\/01\/Wlodar-Poleska-fb-1.jpg 1080w\" data-sizes=\"(max-width: 1024px) 100vw, 1024px\" src=\"data:image\/svg+xml;base64,PHN2ZyB3aWR0aD0iMSIgaGVpZ2h0PSIxIiB4bWxucz0iaHR0cDovL3d3dy53My5vcmcvMjAwMC9zdmciPjwvc3ZnPg==\" style=\"--smush-placeholder-width: 1024px; --smush-placeholder-aspect-ratio: 1024\/1024;\" \/><\/figure>\n","protected":false},"excerpt":{"rendered":"<p>Na stronie pzpn.pl pojawi\u0142 si\u0119 11 marca komunikat Departamentu Pi\u0142karstwa Kobiecego PZPN. Dotyczy wycofania si\u0119 z rozgrywek Orlen Ekstraligi dru\u017cyny FC Skra Ladies Cz\u0119stochowa.<\/p>\n","protected":false},"author":15,"featured_media":128185,"comment_status":"closed","ping_status":"open","sticky":false,"template":"","format":"standard","meta":{"_monsterinsights_skip_tracking":false,"_monsterinsights_sitenote_active":false,"_monsterinsights_sitenote_note":"","_monsterinsights_sitenote_category":0,"_uf_show_specific_survey":0,"_uf_disable_surveys":false,"footnotes":""},"categories":[94,6,5],"tags":[],"class_list":["post-134693","post","type-post","status-publish","format-standard","has-post-thumbnail","hentry","category-polecane","category-pilka-nozna","category-sport"],"_links":{"self":[{"href":"https:\/\/gazetaregionalna.com\/index.php?rest_route=\/wp\/v2\/posts\/134693","targetHints":{"allow":["GET"]}}],"collection":[{"href":"https:\/\/gazetaregionalna.com\/index.php?rest_route=\/wp\/v2\/posts"}],"about":[{"href":"https:\/\/gazetaregionalna.com\/index.php?rest_route=\/wp\/v2\/types\/post"}],"author":[{"embeddable":true,"href":"https:\/\/gazetaregionalna.com\/index.php?rest_route=\/wp\/v2\/users\/15"}],"replies":[{"embeddable":true,"href":"https:\/\/gazetaregionalna.com\/index.php?rest_route=%2Fwp%2Fv2%2Fcomments&post=134693"}],"version-history":[{"count":1,"href":"https:\/\/gazetaregionalna.com\/index.php?rest_route=\/wp\/v2\/posts\/134693\/revisions"}],"predecessor-version":[{"id":134694,"href":"https:\/\/gazetaregionalna.com\/index.php?rest_route=\/wp\/v2\/posts\/134693\/revisions\/134694"}],"wp:featuredmedia":[{"embeddable":true,"href":"https:\/\/gazetaregionalna.com\/index.php?rest_route=\/wp\/v2\/media\/128185"}],"wp:attachment":[{"href":"https:\/\/gazetaregionalna.com\/index.php?rest_route=%2Fwp%2Fv2%2Fmedia&parent=134693"}],"wp:term":[{"taxonomy":"category","embeddable":true,"href":"https:\/\/gazetaregionalna.com\/index.php?rest_route=%2Fwp%2Fv2%2Fcategories&post=134693"},{"taxonomy":"post_tag","embeddable":true,"href":"https:\/\/gazetaregionalna.com\/index.php?rest_route=%2Fwp%2Fv2%2Ftags&post=134693"}],"curies":[{"name":"wp","href":"https:\/\/api.w.org\/{rel}","templated":true}]}}