{"id":134654,"date":"2025-03-10T21:24:14","date_gmt":"2025-03-10T21:24:14","guid":{"rendered":"https:\/\/gazetaregionalna.com\/?p=134654"},"modified":"2025-03-11T20:26:13","modified_gmt":"2025-03-11T20:26:13","slug":"zaginal-poeta-piotr-kusmirek","status":"publish","type":"post","link":"https:\/\/gazetaregionalna.com\/?p=134654","title":{"rendered":"Zagin\u0105\u0142 poeta Piotr Ku\u015bmirek. \u015alad urywa si\u0119 w okolicach Cz\u0119stochowy"},"content":{"rendered":"\n<h2 class=\"wp-block-heading\">Zagin\u0105\u0142 warszawski poeta i ksi\u0119garz Piotr Ku\u015bmirek. Ostatni raz bliscy widzieli go 1 marca.<\/h2>\n\n\n\n<p>Piotr Ku\u015bmirek (urodzony w 1978 r.) jest ksi\u0119garzem Nowej Ksi\u0119garnia dzia\u0142aj\u0105cej w Teatrze Nowym w Warszawie. Na swoim koncie na znacz\u0105ce nagrody literackie. Jest laureatem Og\u00f3lnopolskiego Konkursu Poetyckiego im. Jacka Bierezina (\u0141\u00f3d\u017a, 2003), IV Og\u00f3lnopolskiego Konkursu Poetyckiego im. R.M. Rilkego (Sopot, 2003), XIV Konkursu im. Rafa\u0142a Wojaczka (Miko\u0142\u00f3w, 2006)  czy VII Tyskiej Zimy Poetyckiej (Tychy, 2007). Wyda\u0142 dotychczas dwa tomy poetyckie: &#8222;Trio&#8221; i &#8222;Zimne zabawki&#8221;.<\/p>\n\n\n\n<p>Dzi\u015b jest osob\u0105 zaginion\u0105. Bliscy ostatni raz widzieli go 1 marca. Wyszed\u0142 w\u00f3wczas z domu pod Warszaw\u0105, w kt\u00f3rym mieszka jego mama. Do w\u0142asnego mieszkania jednak nie dotar\u0142.<\/p>\n\n\n\n<p>Przyjaciele poety spraw\u0119 jego zagini\u0119cia nag\u0142o\u015bnili w social mediach. Na Facebooku prowadz\u0105 stron\u0119 <a href=\"https:\/\/www.facebook.com\/profile.php?id=61573851962807\" target=\"_blank\" rel=\"noopener\">&#8222;Zagin\u0105\u0142 Piotr Ku\u015bmirek&#8221;<\/a>.<\/p>\n\n\n\n<figure class=\"wp-block-image size-large\"><img decoding=\"async\" width=\"768\" height=\"1024\" data-src=\"https:\/\/gazetaregionalna.com\/wp-content\/uploads\/2025\/03\/481768793_122099477558795065_6189432027014320578_n-768x1024.jpg\" alt=\"\" class=\"wp-image-134657 lazyload\" data-srcset=\"https:\/\/gazetaregionalna.com\/wp-content\/uploads\/2025\/03\/481768793_122099477558795065_6189432027014320578_n-768x1024.jpg 768w, https:\/\/gazetaregionalna.com\/wp-content\/uploads\/2025\/03\/481768793_122099477558795065_6189432027014320578_n-225x300.jpg 225w, https:\/\/gazetaregionalna.com\/wp-content\/uploads\/2025\/03\/481768793_122099477558795065_6189432027014320578_n-1152x1536.jpg 1152w, https:\/\/gazetaregionalna.com\/wp-content\/uploads\/2025\/03\/481768793_122099477558795065_6189432027014320578_n.jpg 1200w\" data-sizes=\"(max-width: 768px) 100vw, 768px\" src=\"data:image\/svg+xml;base64,PHN2ZyB3aWR0aD0iMSIgaGVpZ2h0PSIxIiB4bWxucz0iaHR0cDovL3d3dy53My5vcmcvMjAwMC9zdmciPjwvc3ZnPg==\" style=\"--smush-placeholder-width: 768px; --smush-placeholder-aspect-ratio: 768\/1024;\" \/><figcaption class=\"wp-element-caption\">Piotr Ku\u015bmirek\/Facebook<\/figcaption><\/figure>\n\n\n\n<p>-Niestety, nie mamy \u017cadnych konkretnych informacji, co si\u0119 aktualnie dzieje z Piotrem. Wiemy, \u017ce w sobot\u0119 dojecha\u0142 ze stacji Seroki do Warszawy, by\u0142 lokalizowany ok. godz. 16.00 w okolicach Dworca Centralnego, nast\u0119pnie prawdopodobnie przemieszcza\u0142 si\u0119 tras\u0105 przez Raw\u0119 Mazowieck\u0105 w kierunku Cz\u0119stochowy &#8211; pisz\u0105.<\/p>\n\n\n\n<p>Wed\u0142ug informacji ostatni sygna\u0142 pochodzi z miejscowo\u015bci Kamienica w wojew\u00f3dztwie \u015bl\u0105skim.<\/p>\n\n\n\n<p>-Prawdopodobnie kierowa\u0142 si\u0119 w kierunku granicy, niestety cel jego podr\u00f3\u017cy nie jest nam znany. Jego telefon ca\u0142y czas nie odpowiada. Nie mamy te\u017c z nim kontaktu za po\u015brednictwem innych kana\u0142\u00f3w &#8211; zaznaczaj\u0105 przyjaciele zaginionego.<\/p>\n\n\n\n<p>W chwili zagini\u0119cia Ku\u015bmirek prawdopodobnie by\u0142 ubrany w ciemne jeansy, czarn\u0105 grub\u0105 bluz\u0119 z kapturem, granatow\u0105 kurtk\u0119 oraz szaro-niebieskie adidasy. Mia\u0142 ze sob\u0105 morsko-szary du\u017cy plecak. M\u0119\u017cczyzna ma 178 cm wzrostu, niebieskie oczy i szczup\u0142\u0105 budow\u0119 cia\u0142a, <\/p>\n\n\n\n<p>Poszukiwania prowadzi Komisariat Policji w Z\u0105bkach. Osoby, kt\u00f3re maj\u0105 informacj\u0119 w prawie zaginionego proszone s\u0105 o kontakt (telefon: 47 72 47 822, email: dyzurny.kp-zabki@ksp.policja.gov.pl).<\/p>\n\n\n\n<p><strong>red.<\/strong><\/p>\n","protected":false},"excerpt":{"rendered":"<p>Zagin\u0105\u0142 warszawski poeta i ksi\u0119garz Piotr Ku\u015bmirek. Ostatni raz bliscy widzieli go 1 marca. Piotr Ku\u015bmirek (urodzony w 1978 r.) jest ksi\u0119garzem Nowej Ksi\u0119garnia<\/p>\n","protected":false},"author":11,"featured_media":134656,"comment_status":"closed","ping_status":"open","sticky":false,"template":"","format":"standard","meta":{"_monsterinsights_skip_tracking":false,"_monsterinsights_sitenote_active":false,"_monsterinsights_sitenote_note":"","_monsterinsights_sitenote_category":0,"_uf_show_specific_survey":0,"_uf_disable_surveys":false,"footnotes":""},"categories":[3,44,2],"tags":[9623,2253],"class_list":["post-134654","post","type-post","status-publish","format-standard","has-post-thumbnail","hentry","category-czestochowa-informacje","category-bezpieczenstwo","category-wiadomosci","tag-piotr-kusmirek","tag-zaginiony"],"_links":{"self":[{"href":"https:\/\/gazetaregionalna.com\/index.php?rest_route=\/wp\/v2\/posts\/134654","targetHints":{"allow":["GET"]}}],"collection":[{"href":"https:\/\/gazetaregionalna.com\/index.php?rest_route=\/wp\/v2\/posts"}],"about":[{"href":"https:\/\/gazetaregionalna.com\/index.php?rest_route=\/wp\/v2\/types\/post"}],"author":[{"embeddable":true,"href":"https:\/\/gazetaregionalna.com\/index.php?rest_route=\/wp\/v2\/users\/11"}],"replies":[{"embeddable":true,"href":"https:\/\/gazetaregionalna.com\/index.php?rest_route=%2Fwp%2Fv2%2Fcomments&post=134654"}],"version-history":[{"count":4,"href":"https:\/\/gazetaregionalna.com\/index.php?rest_route=\/wp\/v2\/posts\/134654\/revisions"}],"predecessor-version":[{"id":134670,"href":"https:\/\/gazetaregionalna.com\/index.php?rest_route=\/wp\/v2\/posts\/134654\/revisions\/134670"}],"wp:featuredmedia":[{"embeddable":true,"href":"https:\/\/gazetaregionalna.com\/index.php?rest_route=\/wp\/v2\/media\/134656"}],"wp:attachment":[{"href":"https:\/\/gazetaregionalna.com\/index.php?rest_route=%2Fwp%2Fv2%2Fmedia&parent=134654"}],"wp:term":[{"taxonomy":"category","embeddable":true,"href":"https:\/\/gazetaregionalna.com\/index.php?rest_route=%2Fwp%2Fv2%2Fcategories&post=134654"},{"taxonomy":"post_tag","embeddable":true,"href":"https:\/\/gazetaregionalna.com\/index.php?rest_route=%2Fwp%2Fv2%2Ftags&post=134654"}],"curies":[{"name":"wp","href":"https:\/\/api.w.org\/{rel}","templated":true}]}}