{"id":134550,"date":"2025-03-09T20:36:30","date_gmt":"2025-03-09T20:36:30","guid":{"rendered":"https:\/\/gazetaregionalna.com\/?p=134550"},"modified":"2025-03-09T20:36:32","modified_gmt":"2025-03-09T20:36:32","slug":"w-bibliotece-publicznej-w-czestochowie-trwa-remont","status":"publish","type":"post","link":"https:\/\/gazetaregionalna.com\/?p=134550","title":{"rendered":"W Bibliotece Publicznej w Cz\u0119stochowie trwa remont. Fina\u0142 zaplanowano na jesie\u0144"},"content":{"rendered":"\n<h2 class=\"wp-block-heading\">Przy Al. NMP 22 trwa remont budynku g\u0142\u00f3wnego Biblioteki Publicznej im. Biega\u0144skiego. Prace s\u0142u\u017c\u0105 m.in. przystosowaniu go do potrzeb os\u00f3b z niepe\u0142nosprawno\u015bciami. Roboty maj\u0105 zosta\u0107 zako\u0144czone jesieni\u0105 tego roku.<\/h2>\n\n\n\n<p>Celem trwaj\u0105cego remontu jest dostosowanie budynku g\u0142\u00f3wnego Biblioteki Publicznej do obowi\u0105zuj\u0105cych przepis\u00f3w przeciwpo\u017carowych oraz poprawienie dost\u0119pno\u015bci dla os\u00f3b o ograniczonych zdolno\u015bciach ruchowych.<\/p>\n\n\n\n<p>Roboty nie obejmuj\u0105 elewacji frontowej. Uk\u0142ad przestrzenny i forma architektoniczna budynku te\u017c nie ulegn\u0105 zmianie. Za to pojawi si\u0119 tam niezwykle potrzebna winda osobowa. B\u0119dzie te\u017c nowy d\u017awig towarowy obs\u0142uguj\u0105cy pomieszczenia magazynu ksi\u0105\u017cek (zast\u0105pi ten stary i wys\u0142u\u017cony).\u00a0<\/p>\n\n\n\n<figure class=\"wp-block-image size-large\"><img decoding=\"async\" width=\"1024\" height=\"681\" data-src=\"https:\/\/gazetaregionalna.com\/wp-content\/uploads\/2025\/03\/80814-1024x681.jpg\" alt=\"\" class=\"wp-image-134552 lazyload\" data-srcset=\"https:\/\/gazetaregionalna.com\/wp-content\/uploads\/2025\/03\/80814-1024x681.jpg 1024w, https:\/\/gazetaregionalna.com\/wp-content\/uploads\/2025\/03\/80814-300x200.jpg 300w, https:\/\/gazetaregionalna.com\/wp-content\/uploads\/2025\/03\/80814-768x511.jpg 768w, https:\/\/gazetaregionalna.com\/wp-content\/uploads\/2025\/03\/80814.jpg 1200w\" data-sizes=\"(max-width: 1024px) 100vw, 1024px\" src=\"data:image\/svg+xml;base64,PHN2ZyB3aWR0aD0iMSIgaGVpZ2h0PSIxIiB4bWxucz0iaHR0cDovL3d3dy53My5vcmcvMjAwMC9zdmciPjwvc3ZnPg==\" style=\"--smush-placeholder-width: 1024px; --smush-placeholder-aspect-ratio: 1024\/681;\" \/><figcaption class=\"wp-element-caption\">fot. \u0141. Kolewi\u0144ski\/UM Cz\u0119stochowy<\/figcaption><\/figure>\n\n\n\n<p>Wymieniona zostanie stolarka drzwiowa oraz instalacja centralnego ogrzewania razem z grzejnikami. Budynek przechodzi r\u00f3wnie\u017c szereg rob\u00f3t elektrycznych (w tym w zakresie ochrony przeciwpora\u017ceniowej i przepi\u0119ciowej). Montowana jest te\u017c nowa instalacja odgromowa i uziemiaj\u0105ca. Prace dotycz\u0105 o\u015bwietlenia podstawowego i awaryjnego, jak r\u00f3wnie\u017c monitoringu wizyjnego obiektu.\u00a0<\/p>\n\n\n\n<p>Natomiast z rob\u00f3t przeciwpo\u017carowych wykonywana jest m.in. instalacja napowietrzania klatki schodowej i oddymiania czy system sygnalizacji po\u017caru. Do obecnych wymog\u00f3w dostosowywane s\u0105 b\u0119d\u0105 instalacje sanitarne.<\/p>\n\n\n\n<figure class=\"wp-block-image size-large\"><img decoding=\"async\" width=\"1024\" height=\"681\" data-src=\"https:\/\/gazetaregionalna.com\/wp-content\/uploads\/2025\/03\/80816-1024x681.jpg\" alt=\"\" class=\"wp-image-134553 lazyload\" data-srcset=\"https:\/\/gazetaregionalna.com\/wp-content\/uploads\/2025\/03\/80816-1024x681.jpg 1024w, https:\/\/gazetaregionalna.com\/wp-content\/uploads\/2025\/03\/80816-300x200.jpg 300w, https:\/\/gazetaregionalna.com\/wp-content\/uploads\/2025\/03\/80816-768x511.jpg 768w, https:\/\/gazetaregionalna.com\/wp-content\/uploads\/2025\/03\/80816.jpg 1200w\" data-sizes=\"(max-width: 1024px) 100vw, 1024px\" src=\"data:image\/svg+xml;base64,PHN2ZyB3aWR0aD0iMSIgaGVpZ2h0PSIxIiB4bWxucz0iaHR0cDovL3d3dy53My5vcmcvMjAwMC9zdmciPjwvc3ZnPg==\" style=\"--smush-placeholder-width: 1024px; --smush-placeholder-aspect-ratio: 1024\/681;\" \/><figcaption class=\"wp-element-caption\">fot. \u0141. Kolewi\u0144ski\/UM Cz\u0119stochowy<\/figcaption><\/figure>\n\n\n\n<p>Obecnie rozpocz\u0119to prace zwi\u0105zane z wykonaniem szybu windowego. R\u00f3wnolegle prowadzone s\u0105 za\u015b te polegaj\u0105ce na remoncie \u015bcian, sufit\u00f3w, a tak\u017ce zwi\u0105zane z instalacj\u0105 elektryczn\u0105. Uko\u0144czony zosta\u0142 ju\u017c remont w\u0119z\u0142a cieplnego oraz instalacja centralnego ogrzewania i instalacja hydrantowa. <\/p>\n\n\n\n<p>Prace formalnie zacz\u0119\u0142y si\u0119 w maju ubieg\u0142ego roku. Ich koszt to ok. 5 mln z\u0142. Wykonawc\u0105 jest wy\u0142oniona w przetargu firma F.U.H. \u201eDziedzicki\u201d z Konopisk.<\/p>\n\n\n\n<p>Remont ma si\u0119 zako\u0144czy\u0107 jesieni\u0105 tego roku.<\/p>\n\n\n\n<p><strong>red., mat. UM Cz\u0119stochowy, fot. \u0141. Kolewi\u0144ski<\/strong><\/p>\n\n\n\n<figure class=\"wp-block-gallery has-nested-images columns-default is-cropped wp-block-gallery-1 is-layout-flex wp-block-gallery-is-layout-flex\">\n<figure class=\"wp-block-image size-large\"><img decoding=\"async\" width=\"1024\" height=\"681\" data-id=\"134561\" data-src=\"https:\/\/gazetaregionalna.com\/wp-content\/uploads\/2025\/03\/80826-1024x681.jpg\" alt=\"\" class=\"wp-image-134561 lazyload\" data-srcset=\"https:\/\/gazetaregionalna.com\/wp-content\/uploads\/2025\/03\/80826-1024x681.jpg 1024w, https:\/\/gazetaregionalna.com\/wp-content\/uploads\/2025\/03\/80826-300x200.jpg 300w, https:\/\/gazetaregionalna.com\/wp-content\/uploads\/2025\/03\/80826-768x511.jpg 768w, https:\/\/gazetaregionalna.com\/wp-content\/uploads\/2025\/03\/80826.jpg 1200w\" data-sizes=\"(max-width: 1024px) 100vw, 1024px\" src=\"data:image\/svg+xml;base64,PHN2ZyB3aWR0aD0iMSIgaGVpZ2h0PSIxIiB4bWxucz0iaHR0cDovL3d3dy53My5vcmcvMjAwMC9zdmciPjwvc3ZnPg==\" style=\"--smush-placeholder-width: 1024px; --smush-placeholder-aspect-ratio: 1024\/681;\" \/><\/figure>\n\n\n\n<figure class=\"wp-block-image size-large\"><img decoding=\"async\" width=\"1024\" height=\"681\" data-id=\"134560\" data-src=\"https:\/\/gazetaregionalna.com\/wp-content\/uploads\/2025\/03\/80824-1024x681.jpg\" alt=\"\" class=\"wp-image-134560 lazyload\" data-srcset=\"https:\/\/gazetaregionalna.com\/wp-content\/uploads\/2025\/03\/80824-1024x681.jpg 1024w, https:\/\/gazetaregionalna.com\/wp-content\/uploads\/2025\/03\/80824-300x200.jpg 300w, https:\/\/gazetaregionalna.com\/wp-content\/uploads\/2025\/03\/80824-768x511.jpg 768w, https:\/\/gazetaregionalna.com\/wp-content\/uploads\/2025\/03\/80824.jpg 1200w\" data-sizes=\"(max-width: 1024px) 100vw, 1024px\" src=\"data:image\/svg+xml;base64,PHN2ZyB3aWR0aD0iMSIgaGVpZ2h0PSIxIiB4bWxucz0iaHR0cDovL3d3dy53My5vcmcvMjAwMC9zdmciPjwvc3ZnPg==\" style=\"--smush-placeholder-width: 1024px; --smush-placeholder-aspect-ratio: 1024\/681;\" \/><\/figure>\n\n\n\n<figure class=\"wp-block-image size-large\"><img decoding=\"async\" width=\"1024\" height=\"681\" data-id=\"134559\" data-src=\"https:\/\/gazetaregionalna.com\/wp-content\/uploads\/2025\/03\/80823-1024x681.jpg\" alt=\"\" class=\"wp-image-134559 lazyload\" data-srcset=\"https:\/\/gazetaregionalna.com\/wp-content\/uploads\/2025\/03\/80823-1024x681.jpg 1024w, https:\/\/gazetaregionalna.com\/wp-content\/uploads\/2025\/03\/80823-300x200.jpg 300w, https:\/\/gazetaregionalna.com\/wp-content\/uploads\/2025\/03\/80823-768x511.jpg 768w, https:\/\/gazetaregionalna.com\/wp-content\/uploads\/2025\/03\/80823.jpg 1200w\" data-sizes=\"(max-width: 1024px) 100vw, 1024px\" src=\"data:image\/svg+xml;base64,PHN2ZyB3aWR0aD0iMSIgaGVpZ2h0PSIxIiB4bWxucz0iaHR0cDovL3d3dy53My5vcmcvMjAwMC9zdmciPjwvc3ZnPg==\" style=\"--smush-placeholder-width: 1024px; --smush-placeholder-aspect-ratio: 1024\/681;\" \/><\/figure>\n\n\n\n<figure class=\"wp-block-image size-large\"><img decoding=\"async\" width=\"1024\" height=\"682\" data-id=\"134558\" data-src=\"https:\/\/gazetaregionalna.com\/wp-content\/uploads\/2025\/03\/80822-1024x682.jpg\" alt=\"\" class=\"wp-image-134558 lazyload\" data-srcset=\"https:\/\/gazetaregionalna.com\/wp-content\/uploads\/2025\/03\/80822-1024x682.jpg 1024w, https:\/\/gazetaregionalna.com\/wp-content\/uploads\/2025\/03\/80822-300x200.jpg 300w, https:\/\/gazetaregionalna.com\/wp-content\/uploads\/2025\/03\/80822-768x511.jpg 768w, https:\/\/gazetaregionalna.com\/wp-content\/uploads\/2025\/03\/80822.jpg 1200w\" data-sizes=\"(max-width: 1024px) 100vw, 1024px\" src=\"data:image\/svg+xml;base64,PHN2ZyB3aWR0aD0iMSIgaGVpZ2h0PSIxIiB4bWxucz0iaHR0cDovL3d3dy53My5vcmcvMjAwMC9zdmciPjwvc3ZnPg==\" style=\"--smush-placeholder-width: 1024px; --smush-placeholder-aspect-ratio: 1024\/682;\" \/><\/figure>\n\n\n\n<figure class=\"wp-block-image size-large\"><img decoding=\"async\" width=\"1024\" height=\"681\" data-id=\"134557\" data-src=\"https:\/\/gazetaregionalna.com\/wp-content\/uploads\/2025\/03\/80821-1024x681.jpg\" alt=\"\" class=\"wp-image-134557 lazyload\" data-srcset=\"https:\/\/gazetaregionalna.com\/wp-content\/uploads\/2025\/03\/80821-1024x681.jpg 1024w, https:\/\/gazetaregionalna.com\/wp-content\/uploads\/2025\/03\/80821-300x200.jpg 300w, https:\/\/gazetaregionalna.com\/wp-content\/uploads\/2025\/03\/80821-768x511.jpg 768w, https:\/\/gazetaregionalna.com\/wp-content\/uploads\/2025\/03\/80821.jpg 1200w\" data-sizes=\"(max-width: 1024px) 100vw, 1024px\" src=\"data:image\/svg+xml;base64,PHN2ZyB3aWR0aD0iMSIgaGVpZ2h0PSIxIiB4bWxucz0iaHR0cDovL3d3dy53My5vcmcvMjAwMC9zdmciPjwvc3ZnPg==\" style=\"--smush-placeholder-width: 1024px; --smush-placeholder-aspect-ratio: 1024\/681;\" \/><\/figure>\n\n\n\n<figure class=\"wp-block-image size-large\"><img decoding=\"async\" width=\"1024\" height=\"681\" data-id=\"134556\" data-src=\"https:\/\/gazetaregionalna.com\/wp-content\/uploads\/2025\/03\/80819-1024x681.jpg\" alt=\"\" class=\"wp-image-134556 lazyload\" data-srcset=\"https:\/\/gazetaregionalna.com\/wp-content\/uploads\/2025\/03\/80819-1024x681.jpg 1024w, https:\/\/gazetaregionalna.com\/wp-content\/uploads\/2025\/03\/80819-300x200.jpg 300w, https:\/\/gazetaregionalna.com\/wp-content\/uploads\/2025\/03\/80819-768x511.jpg 768w, https:\/\/gazetaregionalna.com\/wp-content\/uploads\/2025\/03\/80819.jpg 1200w\" data-sizes=\"(max-width: 1024px) 100vw, 1024px\" src=\"data:image\/svg+xml;base64,PHN2ZyB3aWR0aD0iMSIgaGVpZ2h0PSIxIiB4bWxucz0iaHR0cDovL3d3dy53My5vcmcvMjAwMC9zdmciPjwvc3ZnPg==\" style=\"--smush-placeholder-width: 1024px; --smush-placeholder-aspect-ratio: 1024\/681;\" \/><\/figure>\n\n\n\n<figure data-wp-context=\"{&quot;imageId&quot;:&quot;69ef73ce468c4&quot;}\" data-wp-interactive=\"core\/image\" data-wp-key=\"69ef73ce468c4\" class=\"wp-block-image size-full wp-lightbox-container\"><img decoding=\"async\" width=\"1200\" height=\"798\" data-wp-class--hide=\"state.isContentHidden\" data-wp-class--show=\"state.isContentVisible\" data-wp-init=\"callbacks.setButtonStyles\" data-wp-on--click=\"actions.showLightbox\" data-wp-on--load=\"callbacks.setButtonStyles\" data-wp-on-window--resize=\"callbacks.setButtonStyles\" data-id=\"134554\" data-src=\"https:\/\/gazetaregionalna.com\/wp-content\/uploads\/2025\/03\/80817.jpg\" alt=\"\" class=\"wp-image-134554 lazyload\" data-srcset=\"https:\/\/gazetaregionalna.com\/wp-content\/uploads\/2025\/03\/80817.jpg 1200w, https:\/\/gazetaregionalna.com\/wp-content\/uploads\/2025\/03\/80817-300x200.jpg 300w, https:\/\/gazetaregionalna.com\/wp-content\/uploads\/2025\/03\/80817-1024x681.jpg 1024w, https:\/\/gazetaregionalna.com\/wp-content\/uploads\/2025\/03\/80817-768x511.jpg 768w\" data-sizes=\"(max-width: 1200px) 100vw, 1200px\" src=\"data:image\/svg+xml;base64,PHN2ZyB3aWR0aD0iMSIgaGVpZ2h0PSIxIiB4bWxucz0iaHR0cDovL3d3dy53My5vcmcvMjAwMC9zdmciPjwvc3ZnPg==\" style=\"--smush-placeholder-width: 1200px; --smush-placeholder-aspect-ratio: 1200\/798;\" \/><button\n\t\t\tclass=\"lightbox-trigger\"\n\t\t\ttype=\"button\"\n\t\t\taria-haspopup=\"dialog\"\n\t\t\taria-label=\"Powi\u0119ksz\"\n\t\t\tdata-wp-init=\"callbacks.initTriggerButton\"\n\t\t\tdata-wp-on--click=\"actions.showLightbox\"\n\t\t\tdata-wp-style--right=\"state.imageButtonRight\"\n\t\t\tdata-wp-style--top=\"state.imageButtonTop\"\n\t\t>\n\t\t\t<svg xmlns=\"http:\/\/www.w3.org\/2000\/svg\" width=\"12\" height=\"12\" fill=\"none\" viewBox=\"0 0 12 12\">\n\t\t\t\t<path fill=\"#fff\" d=\"M2 0a2 2 0 0 0-2 2v2h1.5V2a.5.5 0 0 1 .5-.5h2V0H2Zm2 10.5H2a.5.5 0 0 1-.5-.5V8H0v2a2 2 0 0 0 2 2h2v-1.5ZM8 12v-1.5h2a.5.5 0 0 0 .5-.5V8H12v2a2 2 0 0 1-2 2H8Zm2-12a2 2 0 0 1 2 2v2h-1.5V2a.5.5 0 0 0-.5-.5H8V0h2Z\" \/>\n\t\t\t<\/svg>\n\t\t<\/button><\/figure>\n<\/figure>\n","protected":false},"excerpt":{"rendered":"<p>Przy Al. NMP 22 trwa remont budynku g\u0142\u00f3wnego Biblioteki Publicznej im. Biega\u0144skiego. Prace s\u0142u\u017c\u0105 m.in. przystosowaniu go do potrzeb os\u00f3b z niepe\u0142nosprawno\u015bciami. Roboty maj\u0105<\/p>\n","protected":false},"author":11,"featured_media":134555,"comment_status":"closed","ping_status":"open","sticky":false,"template":"","format":"standard","meta":{"_monsterinsights_skip_tracking":false,"_monsterinsights_sitenote_active":false,"_monsterinsights_sitenote_note":"","_monsterinsights_sitenote_category":0,"_uf_show_specific_survey":0,"_uf_disable_surveys":false,"footnotes":""},"categories":[3,94,2],"tags":[1049,144,4549,92],"class_list":["post-134550","post","type-post","status-publish","format-standard","has-post-thumbnail","hentry","category-czestochowa-informacje","category-polecane","category-wiadomosci","tag-biblioteka-publiczna-w-czestochowie","tag-czestochowa","tag-prace-remontowe","tag-remont"],"_links":{"self":[{"href":"https:\/\/gazetaregionalna.com\/index.php?rest_route=\/wp\/v2\/posts\/134550","targetHints":{"allow":["GET"]}}],"collection":[{"href":"https:\/\/gazetaregionalna.com\/index.php?rest_route=\/wp\/v2\/posts"}],"about":[{"href":"https:\/\/gazetaregionalna.com\/index.php?rest_route=\/wp\/v2\/types\/post"}],"author":[{"embeddable":true,"href":"https:\/\/gazetaregionalna.com\/index.php?rest_route=\/wp\/v2\/users\/11"}],"replies":[{"embeddable":true,"href":"https:\/\/gazetaregionalna.com\/index.php?rest_route=%2Fwp%2Fv2%2Fcomments&post=134550"}],"version-history":[{"count":2,"href":"https:\/\/gazetaregionalna.com\/index.php?rest_route=\/wp\/v2\/posts\/134550\/revisions"}],"predecessor-version":[{"id":134562,"href":"https:\/\/gazetaregionalna.com\/index.php?rest_route=\/wp\/v2\/posts\/134550\/revisions\/134562"}],"wp:featuredmedia":[{"embeddable":true,"href":"https:\/\/gazetaregionalna.com\/index.php?rest_route=\/wp\/v2\/media\/134555"}],"wp:attachment":[{"href":"https:\/\/gazetaregionalna.com\/index.php?rest_route=%2Fwp%2Fv2%2Fmedia&parent=134550"}],"wp:term":[{"taxonomy":"category","embeddable":true,"href":"https:\/\/gazetaregionalna.com\/index.php?rest_route=%2Fwp%2Fv2%2Fcategories&post=134550"},{"taxonomy":"post_tag","embeddable":true,"href":"https:\/\/gazetaregionalna.com\/index.php?rest_route=%2Fwp%2Fv2%2Ftags&post=134550"}],"curies":[{"name":"wp","href":"https:\/\/api.w.org\/{rel}","templated":true}]}}