{"id":134535,"date":"2025-03-09T20:16:28","date_gmt":"2025-03-09T20:16:28","guid":{"rendered":"https:\/\/gazetaregionalna.com\/?p=134535"},"modified":"2025-03-09T20:16:30","modified_gmt":"2025-03-09T20:16:30","slug":"jubileuszowy-x-czestochowski-dzien-fantastyki-za-nami","status":"publish","type":"post","link":"https:\/\/gazetaregionalna.com\/?p=134535","title":{"rendered":"Jubileuszowy X Cz\u0119stochowski Dzie\u0144 Fantastyki za nami. Byli\u015bcie?"},"content":{"rendered":"\n<h2 class=\"wp-block-heading\">8 marca Cz\u0119stochowski Klub Mi\u0142o\u015bnik\u00f3w Fantastyki i Gier Fabularnych zorganizowa\u0142 dziesi\u0105t\u0105 edycj\u0119 Cz\u0119stochowskiego Dnia Fantastyki. W\u015br\u00f3d atrakcji jubileuszowej imprezy znalaz\u0142y si\u0119 m.in. spotkania autorskie z \u0141ukaszem Orbitowskim i Andrzejem Pilipiukiem. <\/h2>\n\n\n\n<p>Tak jak<a href=\"https:\/\/gazetaregionalna.com\/jubileuszowy-czestochowski-dzien-fantastyki\/\"> zapowiadali\u015bmy,<\/a> na 8 marca zaplanowano X Cz\u0119stochowski Dzie\u0144 Fantastyki. Na imprez\u0119 tradycyjnie zaprosi\u0142 Cz\u0119stochowski Klub Mi\u0142o\u015bnik\u00f3w Fantastyki i Gier Fabularnych. Wydarzenie odby\u0142o si\u0119 w Pubie Lucky Saloon na Biznes Centrum.<\/p>\n\n\n\n<p>Wydarzenie rozpocz\u0119\u0142o si\u0119 o godz. 12. Atrakcji nie brakowa\u0142o a\u017c do p\u00f3\u017anych godzin wieczornych. Jak zawsze w programie znalaz\u0142y si\u0119 spotkania autorskie. <\/p>\n\n\n\n<figure class=\"wp-block-image size-large\"><img decoding=\"async\" width=\"1024\" height=\"768\" data-src=\"https:\/\/gazetaregionalna.com\/wp-content\/uploads\/2025\/03\/476374851_623221637240334_5804567997334677580_n-1024x768.jpg\" alt=\"\" class=\"wp-image-134538 lazyload\" data-srcset=\"https:\/\/gazetaregionalna.com\/wp-content\/uploads\/2025\/03\/476374851_623221637240334_5804567997334677580_n-1024x768.jpg 1024w, https:\/\/gazetaregionalna.com\/wp-content\/uploads\/2025\/03\/476374851_623221637240334_5804567997334677580_n-300x225.jpg 300w, https:\/\/gazetaregionalna.com\/wp-content\/uploads\/2025\/03\/476374851_623221637240334_5804567997334677580_n-768x576.jpg 768w, https:\/\/gazetaregionalna.com\/wp-content\/uploads\/2025\/03\/476374851_623221637240334_5804567997334677580_n.jpg 1200w\" data-sizes=\"(max-width: 1024px) 100vw, 1024px\" src=\"data:image\/svg+xml;base64,PHN2ZyB3aWR0aD0iMSIgaGVpZ2h0PSIxIiB4bWxucz0iaHR0cDovL3d3dy53My5vcmcvMjAwMC9zdmciPjwvc3ZnPg==\" style=\"--smush-placeholder-width: 1024px; --smush-placeholder-aspect-ratio: 1024\/768;\" \/><figcaption class=\"wp-element-caption\">X Cz\u0119stochowski Dzie\u0144 Fantastyki (mat. organizator\u00f3w\/Facebook)<\/figcaption><\/figure>\n\n\n\n<p>Tomasz Florczyk przeprowadzi\u0142 rozmowy z Magdalen\u0105 Kozak i \u0141ukaszem Orbitowskim. Ona jest kobiet\u0105 wielu pasji, bo nie tylko autork\u0105 (m.in. cyklu o Vesperze), ale te\u017c lekarzem wojskowym. On nale\u017cy do najpopularniejszych obecnie pisarzy. Niedawno wyda\u0142 za powie\u015b\u0107 \u201eWr\u00f3g\u201d,  w kt\u00f3rej zderza okrutny i ol\u015bniewaj\u0105cy \u015bwiat staro\u017cytnego Rzymu z atmosfer\u0105 Polski tu\u017c przed przyst\u0105pieniem do Unii Europejskiej.<\/p>\n\n\n\n<p>Z kolei z Andrzejem Pilipiukiem, jednym z najbardziej oczekiwanych go\u015b\u0107 CDF, porozmawia\u0142 \u0141ukasz &#8222;Sas&#8221; Sasu\u0142a. Autor promowa\u0142 wydany niedawno zbi\u00f3r opowiada\u0144 \u201eDrogi przez morze\u201d, cho\u0107 oczywi\u015bcie opowiada\u0142 r\u00f3wnie\u017c o wcze\u015bniejszych dokonaniach, m.in. cyklu o Jakubie W\u0119drowyczu. <\/p>\n\n\n\n<figure class=\"wp-block-image size-large\"><img decoding=\"async\" width=\"1024\" height=\"768\" data-src=\"https:\/\/gazetaregionalna.com\/wp-content\/uploads\/2025\/03\/481916467_623299207232577_1566520165099638599_n-1024x768.jpg\" alt=\"\" class=\"wp-image-134544 lazyload\" data-srcset=\"https:\/\/gazetaregionalna.com\/wp-content\/uploads\/2025\/03\/481916467_623299207232577_1566520165099638599_n-1024x768.jpg 1024w, https:\/\/gazetaregionalna.com\/wp-content\/uploads\/2025\/03\/481916467_623299207232577_1566520165099638599_n-300x225.jpg 300w, https:\/\/gazetaregionalna.com\/wp-content\/uploads\/2025\/03\/481916467_623299207232577_1566520165099638599_n-768x576.jpg 768w, https:\/\/gazetaregionalna.com\/wp-content\/uploads\/2025\/03\/481916467_623299207232577_1566520165099638599_n.jpg 1200w\" data-sizes=\"(max-width: 1024px) 100vw, 1024px\" src=\"data:image\/svg+xml;base64,PHN2ZyB3aWR0aD0iMSIgaGVpZ2h0PSIxIiB4bWxucz0iaHR0cDovL3d3dy53My5vcmcvMjAwMC9zdmciPjwvc3ZnPg==\" style=\"--smush-placeholder-width: 1024px; --smush-placeholder-aspect-ratio: 1024\/768;\" \/><figcaption class=\"wp-element-caption\">X Cz\u0119stochowski Dzie\u0144 Fantastyki (mat. organizator\u00f3w\/Facebook)<\/figcaption><\/figure>\n\n\n\n<p>Go\u015bciem imprezy by\u0142 r\u00f3wnie\u017c m.in. ceniony pisarz Krzysztof Bartnicki, z kt\u00f3rym rozmow\u0119 przeprowadzi\u0142 S\u0142awomir Doma\u0144ski.<\/p>\n\n\n\n<p>Nie brakowa\u0142o te\u017c konkurs\u00f3w (np. \u201eMini Cosplay Show\u201d), prelekcji czy panelu dyskusyjnego. Du\u017cym zainteresowaniem cieszy\u0142a si\u0119 r\u00f3wnie\u017c strefa gier: planszowych, bitewnych, elektronicznych i fabularnych.<\/p>\n\n\n\n<figure class=\"wp-block-image size-full\"><img decoding=\"async\" width=\"736\" height=\"1000\" data-src=\"https:\/\/gazetaregionalna.com\/wp-content\/uploads\/2025\/03\/482259527_623447723884392_2599831256574660904_n.jpg\" alt=\"\" class=\"wp-image-134547 lazyload\" data-srcset=\"https:\/\/gazetaregionalna.com\/wp-content\/uploads\/2025\/03\/482259527_623447723884392_2599831256574660904_n.jpg 736w, https:\/\/gazetaregionalna.com\/wp-content\/uploads\/2025\/03\/482259527_623447723884392_2599831256574660904_n-221x300.jpg 221w\" data-sizes=\"(max-width: 736px) 100vw, 736px\" src=\"data:image\/svg+xml;base64,PHN2ZyB3aWR0aD0iMSIgaGVpZ2h0PSIxIiB4bWxucz0iaHR0cDovL3d3dy53My5vcmcvMjAwMC9zdmciPjwvc3ZnPg==\" style=\"--smush-placeholder-width: 736px; --smush-placeholder-aspect-ratio: 736\/1000;\" \/><figcaption class=\"wp-element-caption\">X Cz\u0119stochowski Dzie\u0144 Fantastyki (mat. organizator\u00f3w\/Facebook)<\/figcaption><\/figure>\n\n\n\n<p>A jak jubileusz to nie brak\u0142o oczywi\u015bcie okoliczno\u015bciowego tortu z symboliczn\u0105 &#8222;10&#8221;. Na koniec &#8211; zgodnie z tradycj\u0105 &#8211; og\u0142oszono termin kolejnej ods\u0142ony imprezy. XI Cz\u0119stochowski Dzie\u0144 Fantastyki odb\u0119dzie si\u0119 28 czerwca. Aktualno\u015bci nale\u017cy szuka\u0107 na stronie <a href=\"https:\/\/www.facebook.com\/CDFkonwent\" target=\"_blank\" rel=\"noopener\">www.facebook.com\/CDFkonwent<\/a>.<\/p>\n\n\n\n<p><strong>red.<\/strong><\/p>\n\n\n\n<figure class=\"wp-block-gallery has-nested-images columns-default is-cropped wp-block-gallery-1 is-layout-flex wp-block-gallery-is-layout-flex\">\n<figure class=\"wp-block-image size-large\"><img decoding=\"async\" width=\"736\" height=\"1000\" data-id=\"134548\" data-src=\"https:\/\/gazetaregionalna.com\/wp-content\/uploads\/2025\/03\/482326662_623237633905401_8655498975098490572_n.jpg\" alt=\"\" class=\"wp-image-134548 lazyload\" data-srcset=\"https:\/\/gazetaregionalna.com\/wp-content\/uploads\/2025\/03\/482326662_623237633905401_8655498975098490572_n.jpg 736w, https:\/\/gazetaregionalna.com\/wp-content\/uploads\/2025\/03\/482326662_623237633905401_8655498975098490572_n-221x300.jpg 221w\" data-sizes=\"(max-width: 736px) 100vw, 736px\" src=\"data:image\/svg+xml;base64,PHN2ZyB3aWR0aD0iMSIgaGVpZ2h0PSIxIiB4bWxucz0iaHR0cDovL3d3dy53My5vcmcvMjAwMC9zdmciPjwvc3ZnPg==\" style=\"--smush-placeholder-width: 736px; --smush-placeholder-aspect-ratio: 736\/1000;\" \/><\/figure>\n\n\n\n<figure class=\"wp-block-image size-large\"><img decoding=\"async\" width=\"1024\" height=\"768\" data-id=\"134546\" data-src=\"https:\/\/gazetaregionalna.com\/wp-content\/uploads\/2025\/03\/482203989_623337780562053_2656831783561943430_n-1024x768.jpg\" alt=\"\" class=\"wp-image-134546 lazyload\" data-srcset=\"https:\/\/gazetaregionalna.com\/wp-content\/uploads\/2025\/03\/482203989_623337780562053_2656831783561943430_n-1024x768.jpg 1024w, https:\/\/gazetaregionalna.com\/wp-content\/uploads\/2025\/03\/482203989_623337780562053_2656831783561943430_n-300x225.jpg 300w, https:\/\/gazetaregionalna.com\/wp-content\/uploads\/2025\/03\/482203989_623337780562053_2656831783561943430_n-768x576.jpg 768w, https:\/\/gazetaregionalna.com\/wp-content\/uploads\/2025\/03\/482203989_623337780562053_2656831783561943430_n.jpg 1200w\" data-sizes=\"(max-width: 1024px) 100vw, 1024px\" src=\"data:image\/svg+xml;base64,PHN2ZyB3aWR0aD0iMSIgaGVpZ2h0PSIxIiB4bWxucz0iaHR0cDovL3d3dy53My5vcmcvMjAwMC9zdmciPjwvc3ZnPg==\" style=\"--smush-placeholder-width: 1024px; --smush-placeholder-aspect-ratio: 1024\/768;\" \/><\/figure>\n\n\n\n<figure class=\"wp-block-image size-large\"><img decoding=\"async\" width=\"1024\" height=\"768\" data-id=\"134542\" data-src=\"https:\/\/gazetaregionalna.com\/wp-content\/uploads\/2025\/03\/480940620_623158767246621_4293233021076917384_n-1024x768.jpg\" alt=\"\" class=\"wp-image-134542 lazyload\" data-srcset=\"https:\/\/gazetaregionalna.com\/wp-content\/uploads\/2025\/03\/480940620_623158767246621_4293233021076917384_n-1024x768.jpg 1024w, https:\/\/gazetaregionalna.com\/wp-content\/uploads\/2025\/03\/480940620_623158767246621_4293233021076917384_n-300x225.jpg 300w, https:\/\/gazetaregionalna.com\/wp-content\/uploads\/2025\/03\/480940620_623158767246621_4293233021076917384_n-768x576.jpg 768w, https:\/\/gazetaregionalna.com\/wp-content\/uploads\/2025\/03\/480940620_623158767246621_4293233021076917384_n.jpg 1200w\" data-sizes=\"(max-width: 1024px) 100vw, 1024px\" src=\"data:image\/svg+xml;base64,PHN2ZyB3aWR0aD0iMSIgaGVpZ2h0PSIxIiB4bWxucz0iaHR0cDovL3d3dy53My5vcmcvMjAwMC9zdmciPjwvc3ZnPg==\" style=\"--smush-placeholder-width: 1024px; --smush-placeholder-aspect-ratio: 1024\/768;\" \/><\/figure>\n\n\n\n<figure class=\"wp-block-image size-large\"><img decoding=\"async\" width=\"1024\" height=\"768\" data-id=\"134545\" data-src=\"https:\/\/gazetaregionalna.com\/wp-content\/uploads\/2025\/03\/481954866_623196233909541_5969609186460294230_n-1024x768.jpg\" alt=\"\" class=\"wp-image-134545 lazyload\" data-srcset=\"https:\/\/gazetaregionalna.com\/wp-content\/uploads\/2025\/03\/481954866_623196233909541_5969609186460294230_n-1024x768.jpg 1024w, https:\/\/gazetaregionalna.com\/wp-content\/uploads\/2025\/03\/481954866_623196233909541_5969609186460294230_n-300x225.jpg 300w, https:\/\/gazetaregionalna.com\/wp-content\/uploads\/2025\/03\/481954866_623196233909541_5969609186460294230_n-768x576.jpg 768w, https:\/\/gazetaregionalna.com\/wp-content\/uploads\/2025\/03\/481954866_623196233909541_5969609186460294230_n.jpg 1200w\" data-sizes=\"(max-width: 1024px) 100vw, 1024px\" src=\"data:image\/svg+xml;base64,PHN2ZyB3aWR0aD0iMSIgaGVpZ2h0PSIxIiB4bWxucz0iaHR0cDovL3d3dy53My5vcmcvMjAwMC9zdmciPjwvc3ZnPg==\" style=\"--smush-placeholder-width: 1024px; --smush-placeholder-aspect-ratio: 1024\/768;\" \/><\/figure>\n\n\n\n<figure class=\"wp-block-image size-large\"><img decoding=\"async\" width=\"1024\" height=\"768\" data-id=\"134543\" data-src=\"https:\/\/gazetaregionalna.com\/wp-content\/uploads\/2025\/03\/480965381_623143523914812_704291332532634842_n-1024x768.jpg\" alt=\"\" class=\"wp-image-134543 lazyload\" data-srcset=\"https:\/\/gazetaregionalna.com\/wp-content\/uploads\/2025\/03\/480965381_623143523914812_704291332532634842_n-1024x768.jpg 1024w, https:\/\/gazetaregionalna.com\/wp-content\/uploads\/2025\/03\/480965381_623143523914812_704291332532634842_n-300x225.jpg 300w, https:\/\/gazetaregionalna.com\/wp-content\/uploads\/2025\/03\/480965381_623143523914812_704291332532634842_n-768x576.jpg 768w, https:\/\/gazetaregionalna.com\/wp-content\/uploads\/2025\/03\/480965381_623143523914812_704291332532634842_n.jpg 1200w\" data-sizes=\"(max-width: 1024px) 100vw, 1024px\" src=\"data:image\/svg+xml;base64,PHN2ZyB3aWR0aD0iMSIgaGVpZ2h0PSIxIiB4bWxucz0iaHR0cDovL3d3dy53My5vcmcvMjAwMC9zdmciPjwvc3ZnPg==\" style=\"--smush-placeholder-width: 1024px; --smush-placeholder-aspect-ratio: 1024\/768;\" \/><\/figure>\n\n\n\n<figure data-wp-context=\"{&quot;imageId&quot;:&quot;69ef5ed30c99d&quot;}\" data-wp-interactive=\"core\/image\" data-wp-key=\"69ef5ed30c99d\" class=\"wp-block-image size-full wp-lightbox-container\"><img decoding=\"async\" width=\"1200\" height=\"900\" data-wp-class--hide=\"state.isContentHidden\" data-wp-class--show=\"state.isContentVisible\" data-wp-init=\"callbacks.setButtonStyles\" data-wp-on--click=\"actions.showLightbox\" data-wp-on--load=\"callbacks.setButtonStyles\" data-wp-on-window--resize=\"callbacks.setButtonStyles\" data-id=\"134541\" data-src=\"https:\/\/gazetaregionalna.com\/wp-content\/uploads\/2025\/03\/480366281_623350310560800_5920160140452289865_n.jpg\" alt=\"\" class=\"wp-image-134541 lazyload\" data-srcset=\"https:\/\/gazetaregionalna.com\/wp-content\/uploads\/2025\/03\/480366281_623350310560800_5920160140452289865_n.jpg 1200w, https:\/\/gazetaregionalna.com\/wp-content\/uploads\/2025\/03\/480366281_623350310560800_5920160140452289865_n-300x225.jpg 300w, https:\/\/gazetaregionalna.com\/wp-content\/uploads\/2025\/03\/480366281_623350310560800_5920160140452289865_n-1024x768.jpg 1024w, https:\/\/gazetaregionalna.com\/wp-content\/uploads\/2025\/03\/480366281_623350310560800_5920160140452289865_n-768x576.jpg 768w\" data-sizes=\"(max-width: 1200px) 100vw, 1200px\" src=\"data:image\/svg+xml;base64,PHN2ZyB3aWR0aD0iMSIgaGVpZ2h0PSIxIiB4bWxucz0iaHR0cDovL3d3dy53My5vcmcvMjAwMC9zdmciPjwvc3ZnPg==\" style=\"--smush-placeholder-width: 1200px; --smush-placeholder-aspect-ratio: 1200\/900;\" \/><button\n\t\t\tclass=\"lightbox-trigger\"\n\t\t\ttype=\"button\"\n\t\t\taria-haspopup=\"dialog\"\n\t\t\taria-label=\"Powi\u0119ksz\"\n\t\t\tdata-wp-init=\"callbacks.initTriggerButton\"\n\t\t\tdata-wp-on--click=\"actions.showLightbox\"\n\t\t\tdata-wp-style--right=\"state.imageButtonRight\"\n\t\t\tdata-wp-style--top=\"state.imageButtonTop\"\n\t\t>\n\t\t\t<svg xmlns=\"http:\/\/www.w3.org\/2000\/svg\" width=\"12\" height=\"12\" fill=\"none\" viewBox=\"0 0 12 12\">\n\t\t\t\t<path fill=\"#fff\" d=\"M2 0a2 2 0 0 0-2 2v2h1.5V2a.5.5 0 0 1 .5-.5h2V0H2Zm2 10.5H2a.5.5 0 0 1-.5-.5V8H0v2a2 2 0 0 0 2 2h2v-1.5ZM8 12v-1.5h2a.5.5 0 0 0 .5-.5V8H12v2a2 2 0 0 1-2 2H8Zm2-12a2 2 0 0 1 2 2v2h-1.5V2a.5.5 0 0 0-.5-.5H8V0h2Z\" \/>\n\t\t\t<\/svg>\n\t\t<\/button><\/figure>\n<\/figure>\n","protected":false},"excerpt":{"rendered":"<p>8 marca Cz\u0119stochowski Klub Mi\u0142o\u015bnik\u00f3w Fantastyki i Gier Fabularnych zorganizowa\u0142 dziesi\u0105t\u0105 edycj\u0119 Cz\u0119stochowskiego Dnia Fantastyki. W\u015br\u00f3d atrakcji jubileuszowej imprezy znalaz\u0142y si\u0119 m.in. spotkania autorskie<\/p>\n","protected":false},"author":11,"featured_media":134539,"comment_status":"closed","ping_status":"open","sticky":false,"template":"","format":"standard","meta":{"_monsterinsights_skip_tracking":false,"_monsterinsights_sitenote_active":false,"_monsterinsights_sitenote_note":"","_monsterinsights_sitenote_category":0,"_uf_show_specific_survey":0,"_uf_disable_surveys":false,"footnotes":""},"categories":[12,3,2],"tags":[144,7494,9617,1169,1050,9615],"class_list":["post-134535","post","type-post","status-publish","format-standard","has-post-thumbnail","hentry","category-kultura-i-rozrywka","category-czestochowa-informacje","category-wiadomosci","tag-czestochowa","tag-czestochowski-dzien-fantastyki","tag-czestochowski-klub-milosnikow-fantastyki-i-gier-fabularnych","tag-jubileusz","tag-literatura","tag-lucky-saloon"],"_links":{"self":[{"href":"https:\/\/gazetaregionalna.com\/index.php?rest_route=\/wp\/v2\/posts\/134535","targetHints":{"allow":["GET"]}}],"collection":[{"href":"https:\/\/gazetaregionalna.com\/index.php?rest_route=\/wp\/v2\/posts"}],"about":[{"href":"https:\/\/gazetaregionalna.com\/index.php?rest_route=\/wp\/v2\/types\/post"}],"author":[{"embeddable":true,"href":"https:\/\/gazetaregionalna.com\/index.php?rest_route=\/wp\/v2\/users\/11"}],"replies":[{"embeddable":true,"href":"https:\/\/gazetaregionalna.com\/index.php?rest_route=%2Fwp%2Fv2%2Fcomments&post=134535"}],"version-history":[{"count":3,"href":"https:\/\/gazetaregionalna.com\/index.php?rest_route=\/wp\/v2\/posts\/134535\/revisions"}],"predecessor-version":[{"id":134549,"href":"https:\/\/gazetaregionalna.com\/index.php?rest_route=\/wp\/v2\/posts\/134535\/revisions\/134549"}],"wp:featuredmedia":[{"embeddable":true,"href":"https:\/\/gazetaregionalna.com\/index.php?rest_route=\/wp\/v2\/media\/134539"}],"wp:attachment":[{"href":"https:\/\/gazetaregionalna.com\/index.php?rest_route=%2Fwp%2Fv2%2Fmedia&parent=134535"}],"wp:term":[{"taxonomy":"category","embeddable":true,"href":"https:\/\/gazetaregionalna.com\/index.php?rest_route=%2Fwp%2Fv2%2Fcategories&post=134535"},{"taxonomy":"post_tag","embeddable":true,"href":"https:\/\/gazetaregionalna.com\/index.php?rest_route=%2Fwp%2Fv2%2Ftags&post=134535"}],"curies":[{"name":"wp","href":"https:\/\/api.w.org\/{rel}","templated":true}]}}