{"id":134507,"date":"2025-03-09T09:25:21","date_gmt":"2025-03-09T09:25:21","guid":{"rendered":"https:\/\/gazetaregionalna.com\/?p=134507"},"modified":"2025-03-09T09:25:22","modified_gmt":"2025-03-09T09:25:22","slug":"dwa-trafienia-brunesa-jeden-baratha-asysta-bramkarza-trelowskiego-jest-czwarte-z-rzedu-zwyciestwo-rakowa","status":"publish","type":"post","link":"https:\/\/gazetaregionalna.com\/?p=134507","title":{"rendered":"Dwa trafienia Brunesa, jeden Baratha. Asysta bramkarza Trelowskiego! Jest czwarte z rz\u0119du zwyci\u0119stwo Rakowa!"},"content":{"rendered":"\n<p>Pi\u0142karze Rakowa Cz\u0119stochowa odnie\u015bli czwarte zwyci\u0119stwo z rz\u0119du i wci\u0105\u017c s\u0105 wiceliderem w PKO BP Ekstrakalsie. Po dw\u00f3ch gola Jonatana Brunesa i jednym Petera Baratha pokonali w Gliwicach Piast 3:0!<\/p>\n\n\n\n<p>Obydwie dru\u017cyny w 2025 roku prezentuj\u0105 si\u0119 z bardzo dobrej strony. Piast do meczu z Rakowa nie przegra\u0142 spotkania. Na koncie mia\u0142 3 wygrane i 2 remisy. Rak\u00f3w jad\u0105c do Gliwic mia\u0142 trzy zwyci\u0119stwa z rz\u0119du&#8230; i my\u015bla\u0142 o kolejnym.<\/p>\n\n\n\n<p>Gospodarze przed spotkaniem promowali akcj\u0119 #ZanimZnikniesz. Mia\u0142a zach\u0119ci\u0107 kobiety do profilaktycznych bada\u0144. Akcja bardzo trafna&#8230;<\/p>\n\n\n\n<p>Pierwsi gro\u017an\u0105 sytuacj\u0119 przeprowadzili gospodarze. W 22. minucie Jorge Felix by\u0142 sam na sam z Kacprem Trelowskim. Strzeli\u0142, ale pi\u0142k\u0119 zmierzaj\u0105c\u0105 do bramki wybi\u0142 Stratos Svarnas.<\/p>\n\n\n\n<p>Dwie minuty p\u00f3\u017aniej Ivi Lopez poda\u0142 g\u0142ow\u0105 z&#8230; w\u0142asnej po\u0142owy do Jonatana Brunesa. Ten szybko znalaz\u0142 si\u0119 sam na sam z bramkarzem gospodarzy i by\u0142o 1:0 dla Rakowa.<\/p>\n\n\n\n<p>W 37. minucie spotkania Brunes otrzyma\u0142 podanie od W\u0142adys\u0142awa Kochergina. Umiej\u0119tnym strza\u0142em ulokowa\u0142 pi\u0142k\u0119 w bramce Piasta, ale by\u0142 na ma\u0142ym spalonym i s\u0119dziowie nie uznali gola.<\/p>\n\n\n\n<p>W 38. minucie s\u0119dzia \u0141ukasz Ku\u017ama z Bia\u0142egostoku podyktowa\u0142 dla Piasta rzut karny za zagranie r\u0119k\u0105 Gustawa Bergrrena w polu karnym, ale po analizie VAR wycofa\u0142 si\u0119 ze swojej decyzji&#8230;<\/p>\n\n\n\n<p>W 42. minucie Maciej Roso\u0142ek strzela\u0142 z bliskiej odleg\u0142o\u015bci, ale Trelowski by\u0142 na posterunku.<\/p>\n\n\n\n<p>W 70. minucie bramkarza Rakowa zanotowa\u0142&#8230; asyst\u0119. D\u0142ugim i p\u0142askim wykopem uruchomi\u0142 Brunesa, a ten zdoby\u0142 swojego drugiego gola w meczu!<\/p>\n\n\n\n<p>W doliczonym czasie gry Leonardo Rocha popisa\u0142 si\u0119 rajdem z lewej strony boiska. Wbieg\u0142 w pole karne. Dogra\u0142 do Michaelea Amewaya, ale ten przepu\u015bci\u0142 pi\u0142k\u0119 do Petera Baratha. Barath strzeli\u0142 i zdoby\u0142 swojego pierwszego gola i trzeciego dla Rakowa! Tym samym ustali\u0142 wynik spotkania na 3:0.<\/p>\n\n\n\n<p>Dla Piasta by\u0142a to pierwsza pora\u017cka w 2025 roku, a dla Rakowa czwarte zwyci\u0119stwo z rz\u0119du. Rak\u00f3w jako jedyny w obecnym sezonie nie przegra\u0142 jeszcze meczu na wyje\u017adzie w PKO BP Ekstraklasie.<\/p>\n\n\n\n<p>16 marca podopieczni trenera Marka Papszuna podejmowa\u0107 b\u0119d\u0105 w Cz\u0119stochowie Legi\u0119 Warszawa.<\/p>\n\n\n\n<p>MR-K, BC, fot: AK<\/p>\n\n\n\n<p>Piast Gliwice &#8211; Rak\u00f3w Cz\u0119stochowa 0:3 (0:1)<\/p>\n\n\n\n<p>Bramki: : 0:1 Brunes (24.), 0:2 Brunes (70.), 0:3 Bar\u00e1th (90.)<\/p>\n\n\n\n<p>Rak\u00f3w: Trelowski &#8211; Tudor, Rodin, Svarnas, Jean Carlos (90. Mos\u00f3r), Otieno, Berggren, Kochergin (74. Barath), Ivi Lopez (74. Rocha), Makuch (46. Diaz), Brunes (82. Ameyaw).<\/p>\n\n\n\n<p>Partnerami relacji sportowych s\u0105:<\/p>\n\n\n\n<p>DMK Invest materia\u0142y budowlane Konopiska (<a href=\"http:\/\/www.dmkinvest.pl\/\" target=\"_blank\" rel=\"noopener\">www.dmkinvest.pl<\/a>)<\/p>\n\n\n\n<p>W\u0142odar Developer Cz\u0119stochowa (www.wlodardeveloper.pl)<\/p>\n\n\n\n<figure class=\"wp-block-gallery has-nested-images columns-default is-cropped wp-block-gallery-1 is-layout-flex wp-block-gallery-is-layout-flex\">\n<figure class=\"wp-block-image size-large\"><img decoding=\"async\" width=\"1000\" height=\"678\" data-id=\"134516\" data-src=\"https:\/\/gazetaregionalna.com\/wp-content\/uploads\/2025\/03\/Piast-Rakow-0-1.jpg\" alt=\"\" class=\"wp-image-134516 lazyload\" data-srcset=\"https:\/\/gazetaregionalna.com\/wp-content\/uploads\/2025\/03\/Piast-Rakow-0-1.jpg 1000w, https:\/\/gazetaregionalna.com\/wp-content\/uploads\/2025\/03\/Piast-Rakow-0-1-300x203.jpg 300w, https:\/\/gazetaregionalna.com\/wp-content\/uploads\/2025\/03\/Piast-Rakow-0-1-768x521.jpg 768w\" data-sizes=\"(max-width: 1000px) 100vw, 1000px\" src=\"data:image\/svg+xml;base64,PHN2ZyB3aWR0aD0iMSIgaGVpZ2h0PSIxIiB4bWxucz0iaHR0cDovL3d3dy53My5vcmcvMjAwMC9zdmciPjwvc3ZnPg==\" style=\"--smush-placeholder-width: 1000px; --smush-placeholder-aspect-ratio: 1000\/678;\" \/><\/figure>\n\n\n\n<figure class=\"wp-block-image size-large\"><img decoding=\"async\" width=\"1000\" height=\"663\" data-id=\"134515\" data-src=\"https:\/\/gazetaregionalna.com\/wp-content\/uploads\/2025\/03\/Piast-Rakow-00.jpg\" alt=\"\" class=\"wp-image-134515 lazyload\" data-srcset=\"https:\/\/gazetaregionalna.com\/wp-content\/uploads\/2025\/03\/Piast-Rakow-00.jpg 1000w, https:\/\/gazetaregionalna.com\/wp-content\/uploads\/2025\/03\/Piast-Rakow-00-300x199.jpg 300w, https:\/\/gazetaregionalna.com\/wp-content\/uploads\/2025\/03\/Piast-Rakow-00-768x509.jpg 768w\" data-sizes=\"(max-width: 1000px) 100vw, 1000px\" src=\"data:image\/svg+xml;base64,PHN2ZyB3aWR0aD0iMSIgaGVpZ2h0PSIxIiB4bWxucz0iaHR0cDovL3d3dy53My5vcmcvMjAwMC9zdmciPjwvc3ZnPg==\" style=\"--smush-placeholder-width: 1000px; --smush-placeholder-aspect-ratio: 1000\/663;\" \/><\/figure>\n\n\n\n<figure class=\"wp-block-image size-large\"><img decoding=\"async\" width=\"1000\" height=\"666\" data-id=\"134514\" data-src=\"https:\/\/gazetaregionalna.com\/wp-content\/uploads\/2025\/03\/Piast-Rakow-000.jpg\" alt=\"\" class=\"wp-image-134514 lazyload\" data-srcset=\"https:\/\/gazetaregionalna.com\/wp-content\/uploads\/2025\/03\/Piast-Rakow-000.jpg 1000w, https:\/\/gazetaregionalna.com\/wp-content\/uploads\/2025\/03\/Piast-Rakow-000-300x200.jpg 300w, https:\/\/gazetaregionalna.com\/wp-content\/uploads\/2025\/03\/Piast-Rakow-000-768x511.jpg 768w\" data-sizes=\"(max-width: 1000px) 100vw, 1000px\" src=\"data:image\/svg+xml;base64,PHN2ZyB3aWR0aD0iMSIgaGVpZ2h0PSIxIiB4bWxucz0iaHR0cDovL3d3dy53My5vcmcvMjAwMC9zdmciPjwvc3ZnPg==\" style=\"--smush-placeholder-width: 1000px; --smush-placeholder-aspect-ratio: 1000\/666;\" \/><\/figure>\n\n\n\n<figure class=\"wp-block-image size-large\"><img decoding=\"async\" width=\"717\" height=\"540\" data-id=\"134513\" data-src=\"https:\/\/gazetaregionalna.com\/wp-content\/uploads\/2025\/03\/Piast-Rakow-0000.jpg\" alt=\"\" class=\"wp-image-134513 lazyload\" data-srcset=\"https:\/\/gazetaregionalna.com\/wp-content\/uploads\/2025\/03\/Piast-Rakow-0000.jpg 717w, https:\/\/gazetaregionalna.com\/wp-content\/uploads\/2025\/03\/Piast-Rakow-0000-300x226.jpg 300w\" data-sizes=\"(max-width: 717px) 100vw, 717px\" src=\"data:image\/svg+xml;base64,PHN2ZyB3aWR0aD0iMSIgaGVpZ2h0PSIxIiB4bWxucz0iaHR0cDovL3d3dy53My5vcmcvMjAwMC9zdmciPjwvc3ZnPg==\" style=\"--smush-placeholder-width: 717px; --smush-placeholder-aspect-ratio: 717\/540;\" \/><\/figure>\n\n\n\n<figure class=\"wp-block-image size-large\"><img decoding=\"async\" width=\"1000\" height=\"662\" data-id=\"134512\" data-src=\"https:\/\/gazetaregionalna.com\/wp-content\/uploads\/2025\/03\/Piast-Rakow-104.jpg\" alt=\"\" class=\"wp-image-134512 lazyload\" data-srcset=\"https:\/\/gazetaregionalna.com\/wp-content\/uploads\/2025\/03\/Piast-Rakow-104.jpg 1000w, https:\/\/gazetaregionalna.com\/wp-content\/uploads\/2025\/03\/Piast-Rakow-104-300x199.jpg 300w, https:\/\/gazetaregionalna.com\/wp-content\/uploads\/2025\/03\/Piast-Rakow-104-768x508.jpg 768w\" data-sizes=\"(max-width: 1000px) 100vw, 1000px\" src=\"data:image\/svg+xml;base64,PHN2ZyB3aWR0aD0iMSIgaGVpZ2h0PSIxIiB4bWxucz0iaHR0cDovL3d3dy53My5vcmcvMjAwMC9zdmciPjwvc3ZnPg==\" style=\"--smush-placeholder-width: 1000px; --smush-placeholder-aspect-ratio: 1000\/662;\" \/><\/figure>\n\n\n\n<figure class=\"wp-block-image size-large\"><img decoding=\"async\" width=\"1000\" height=\"671\" data-id=\"134511\" data-src=\"https:\/\/gazetaregionalna.com\/wp-content\/uploads\/2025\/03\/Piast-Rakow-115.jpg\" alt=\"\" class=\"wp-image-134511 lazyload\" data-srcset=\"https:\/\/gazetaregionalna.com\/wp-content\/uploads\/2025\/03\/Piast-Rakow-115.jpg 1000w, https:\/\/gazetaregionalna.com\/wp-content\/uploads\/2025\/03\/Piast-Rakow-115-300x201.jpg 300w, https:\/\/gazetaregionalna.com\/wp-content\/uploads\/2025\/03\/Piast-Rakow-115-768x515.jpg 768w\" data-sizes=\"(max-width: 1000px) 100vw, 1000px\" src=\"data:image\/svg+xml;base64,PHN2ZyB3aWR0aD0iMSIgaGVpZ2h0PSIxIiB4bWxucz0iaHR0cDovL3d3dy53My5vcmcvMjAwMC9zdmciPjwvc3ZnPg==\" style=\"--smush-placeholder-width: 1000px; --smush-placeholder-aspect-ratio: 1000\/671;\" \/><\/figure>\n\n\n\n<figure class=\"wp-block-image size-large\"><img decoding=\"async\" width=\"1000\" height=\"664\" data-id=\"134510\" data-src=\"https:\/\/gazetaregionalna.com\/wp-content\/uploads\/2025\/03\/Piast-Rakow-1-1.jpg\" alt=\"\" class=\"wp-image-134510 lazyload\" data-srcset=\"https:\/\/gazetaregionalna.com\/wp-content\/uploads\/2025\/03\/Piast-Rakow-1-1.jpg 1000w, https:\/\/gazetaregionalna.com\/wp-content\/uploads\/2025\/03\/Piast-Rakow-1-1-300x199.jpg 300w, https:\/\/gazetaregionalna.com\/wp-content\/uploads\/2025\/03\/Piast-Rakow-1-1-768x510.jpg 768w\" data-sizes=\"(max-width: 1000px) 100vw, 1000px\" src=\"data:image\/svg+xml;base64,PHN2ZyB3aWR0aD0iMSIgaGVpZ2h0PSIxIiB4bWxucz0iaHR0cDovL3d3dy53My5vcmcvMjAwMC9zdmciPjwvc3ZnPg==\" style=\"--smush-placeholder-width: 1000px; --smush-placeholder-aspect-ratio: 1000\/664;\" \/><\/figure>\n\n\n\n<figure class=\"wp-block-image size-large\"><img decoding=\"async\" width=\"1000\" height=\"662\" data-id=\"134509\" data-src=\"https:\/\/gazetaregionalna.com\/wp-content\/uploads\/2025\/03\/Piast-Rakow-1.jpg\" alt=\"\" class=\"wp-image-134509 lazyload\" data-srcset=\"https:\/\/gazetaregionalna.com\/wp-content\/uploads\/2025\/03\/Piast-Rakow-1.jpg 1000w, https:\/\/gazetaregionalna.com\/wp-content\/uploads\/2025\/03\/Piast-Rakow-1-300x199.jpg 300w, https:\/\/gazetaregionalna.com\/wp-content\/uploads\/2025\/03\/Piast-Rakow-1-768x508.jpg 768w\" data-sizes=\"(max-width: 1000px) 100vw, 1000px\" src=\"data:image\/svg+xml;base64,PHN2ZyB3aWR0aD0iMSIgaGVpZ2h0PSIxIiB4bWxucz0iaHR0cDovL3d3dy53My5vcmcvMjAwMC9zdmciPjwvc3ZnPg==\" style=\"--smush-placeholder-width: 1000px; --smush-placeholder-aspect-ratio: 1000\/662;\" \/><\/figure>\n<\/figure>\n\n\n\n<figure class=\"wp-block-image size-large\"><img decoding=\"async\" width=\"1024\" height=\"1024\" data-src=\"https:\/\/gazetaregionalna.com\/wp-content\/uploads\/2024\/04\/DMK-Invest-2-1024x1024.jpg\" alt=\"\" class=\"wp-image-123883 lazyload\" data-srcset=\"https:\/\/gazetaregionalna.com\/wp-content\/uploads\/2024\/04\/DMK-Invest-2-1024x1024.jpg 1024w, https:\/\/gazetaregionalna.com\/wp-content\/uploads\/2024\/04\/DMK-Invest-2-300x300.jpg 300w, https:\/\/gazetaregionalna.com\/wp-content\/uploads\/2024\/04\/DMK-Invest-2-150x150.jpg 150w, https:\/\/gazetaregionalna.com\/wp-content\/uploads\/2024\/04\/DMK-Invest-2-768x768.jpg 768w, https:\/\/gazetaregionalna.com\/wp-content\/uploads\/2024\/04\/DMK-Invest-2-1536x1536.jpg 1536w, https:\/\/gazetaregionalna.com\/wp-content\/uploads\/2024\/04\/DMK-Invest-2-2048x2048.jpg 2048w, https:\/\/gazetaregionalna.com\/wp-content\/uploads\/2024\/04\/DMK-Invest-2-215x215.jpg 215w, https:\/\/gazetaregionalna.com\/wp-content\/uploads\/2024\/04\/DMK-Invest-2-scaled.jpg 1600w\" data-sizes=\"(max-width: 1024px) 100vw, 1024px\" src=\"data:image\/svg+xml;base64,PHN2ZyB3aWR0aD0iMSIgaGVpZ2h0PSIxIiB4bWxucz0iaHR0cDovL3d3dy53My5vcmcvMjAwMC9zdmciPjwvc3ZnPg==\" style=\"--smush-placeholder-width: 1024px; --smush-placeholder-aspect-ratio: 1024\/1024;\" \/><\/figure>\n\n\n\n<figure class=\"wp-block-image size-large\"><img decoding=\"async\" width=\"1024\" height=\"1024\" data-src=\"https:\/\/gazetaregionalna.com\/wp-content\/uploads\/2025\/01\/Wlodar-Wilenska-fb-1-1024x1024.jpg\" alt=\"\" class=\"wp-image-133184 lazyload\" data-srcset=\"https:\/\/gazetaregionalna.com\/wp-content\/uploads\/2025\/01\/Wlodar-Wilenska-fb-1-1024x1024.jpg 1024w, https:\/\/gazetaregionalna.com\/wp-content\/uploads\/2025\/01\/Wlodar-Wilenska-fb-1-300x300.jpg 300w, https:\/\/gazetaregionalna.com\/wp-content\/uploads\/2025\/01\/Wlodar-Wilenska-fb-1-150x150.jpg 150w, https:\/\/gazetaregionalna.com\/wp-content\/uploads\/2025\/01\/Wlodar-Wilenska-fb-1-768x768.jpg 768w, https:\/\/gazetaregionalna.com\/wp-content\/uploads\/2025\/01\/Wlodar-Wilenska-fb-1-215x215.jpg 215w, https:\/\/gazetaregionalna.com\/wp-content\/uploads\/2025\/01\/Wlodar-Wilenska-fb-1.jpg 1080w\" data-sizes=\"(max-width: 1024px) 100vw, 1024px\" src=\"data:image\/svg+xml;base64,PHN2ZyB3aWR0aD0iMSIgaGVpZ2h0PSIxIiB4bWxucz0iaHR0cDovL3d3dy53My5vcmcvMjAwMC9zdmciPjwvc3ZnPg==\" style=\"--smush-placeholder-width: 1024px; --smush-placeholder-aspect-ratio: 1024\/1024;\" \/><\/figure>\n","protected":false},"excerpt":{"rendered":"<p>Pi\u0142karze Rakowa Cz\u0119stochowa odnie\u015bli czwarte zwyci\u0119stwo z rz\u0119du i wci\u0105\u017c s\u0105 wiceliderem w PKO BP Ekstrakalsie. Po dw\u00f3ch gola Jonatana Brunesa i jednym Petera<\/p>\n","protected":false},"author":15,"featured_media":134516,"comment_status":"closed","ping_status":"open","sticky":false,"template":"","format":"standard","meta":{"_monsterinsights_skip_tracking":false,"_monsterinsights_sitenote_active":false,"_monsterinsights_sitenote_note":"","_monsterinsights_sitenote_category":0,"_uf_show_specific_survey":0,"_uf_disable_surveys":false,"footnotes":""},"categories":[94,6,5],"tags":[],"class_list":["post-134507","post","type-post","status-publish","format-standard","has-post-thumbnail","hentry","category-polecane","category-pilka-nozna","category-sport"],"_links":{"self":[{"href":"https:\/\/gazetaregionalna.com\/index.php?rest_route=\/wp\/v2\/posts\/134507","targetHints":{"allow":["GET"]}}],"collection":[{"href":"https:\/\/gazetaregionalna.com\/index.php?rest_route=\/wp\/v2\/posts"}],"about":[{"href":"https:\/\/gazetaregionalna.com\/index.php?rest_route=\/wp\/v2\/types\/post"}],"author":[{"embeddable":true,"href":"https:\/\/gazetaregionalna.com\/index.php?rest_route=\/wp\/v2\/users\/15"}],"replies":[{"embeddable":true,"href":"https:\/\/gazetaregionalna.com\/index.php?rest_route=%2Fwp%2Fv2%2Fcomments&post=134507"}],"version-history":[{"count":1,"href":"https:\/\/gazetaregionalna.com\/index.php?rest_route=\/wp\/v2\/posts\/134507\/revisions"}],"predecessor-version":[{"id":134517,"href":"https:\/\/gazetaregionalna.com\/index.php?rest_route=\/wp\/v2\/posts\/134507\/revisions\/134517"}],"wp:featuredmedia":[{"embeddable":true,"href":"https:\/\/gazetaregionalna.com\/index.php?rest_route=\/wp\/v2\/media\/134516"}],"wp:attachment":[{"href":"https:\/\/gazetaregionalna.com\/index.php?rest_route=%2Fwp%2Fv2%2Fmedia&parent=134507"}],"wp:term":[{"taxonomy":"category","embeddable":true,"href":"https:\/\/gazetaregionalna.com\/index.php?rest_route=%2Fwp%2Fv2%2Fcategories&post=134507"},{"taxonomy":"post_tag","embeddable":true,"href":"https:\/\/gazetaregionalna.com\/index.php?rest_route=%2Fwp%2Fv2%2Ftags&post=134507"}],"curies":[{"name":"wp","href":"https:\/\/api.w.org\/{rel}","templated":true}]}}