{"id":134497,"date":"2025-03-07T18:55:26","date_gmt":"2025-03-07T18:55:26","guid":{"rendered":"https:\/\/gazetaregionalna.com\/?p=134497"},"modified":"2025-03-07T18:55:28","modified_gmt":"2025-03-07T18:55:28","slug":"jubileuszowy-czestochowski-dzien-fantastyki","status":"publish","type":"post","link":"https:\/\/gazetaregionalna.com\/?p=134497","title":{"rendered":"Jubileuszowy X Cz\u0119stochowski Dzie\u0144 Fantastyki ju\u017c 8 marca [PROGRAM]"},"content":{"rendered":"\n<h2 class=\"wp-block-heading\">Cz\u0119stochowski Klub Mi\u0142o\u015bnik\u00f3w Fantastyki i Gier Fabularnych zaprasza na dziesi\u0105t\u0105 edycj\u0119 Cz\u0119stochowskiego Dnia Fantastyki. Jubileuszowe wydarzenie odb\u0119dzie w sobot\u0119, 8 marca w Pubie Lucky Saloon.<\/h2>\n\n\n\n<p>Dotychczas Cz\u0119stochowski Klub Mi\u0142o\u015bnik\u00f3w Fantastyki i Gier Fabularnych zorganizowa\u0142 dziewi\u0119\u0107 kolejnych <a href=\"https:\/\/www.facebook.com\/CDFkonwent\" target=\"_blank\" rel=\"noopener\">Cz\u0119stochowskich Dni Fantastyki.<\/a> Pierwszy odby\u0142 si\u0119 pod koniec 2022 r. By\u0142y edycje po\u015bwi\u0119cone Wied\u017aminowi czy &#8222;W\u0142adcy pier\u015bcieni&#8221;. Teraz pora na jubileuszow\u0105, dziesi\u0105t\u0105 ods\u0142on\u0119.<\/p>\n\n\n\n<p>Ta odb\u0119dzie si\u0119 ju\u017c w sobot\u0119, 8 marca w Pubie Lucky Saloon. W programie &#8211; jak zawsze &#8211; nie zabraknie spotka\u0144 autorskich. Tym razem Cz\u0119stochow\u0119 odwiedz\u0105: Magdalena Kozak, Andrzej Pilipiuk, \u0141ukasz Orbitowski, Adam Wieczorek i Krzysztof Bartnicki (zaplanowano te\u017c czas na autografy autor\u00f3w).<\/p>\n\n\n\n<p>To oczywi\u015bcie nie koniec atrakcji, bo organizatorzy zadbali o to, by propozycje by\u0142y niezwykle r\u00f3\u017cnorodne. Nie braknie wi\u0119c konkurs\u00f3w, strefy gier (planszowych, elektronicznych, fabularnych, bitewnych) czy prelekcji. Oczywi\u015bcie czynne b\u0119d\u0105 te\u017c strefy wystawc\u00f3w i gastronomiczna.<\/p>\n\n\n\n<p>Wej\u015bcie do Lucky Saloon mo\u017cliwe b\u0119dzie od godz. 11.00. Uroczyste otwarcie odb\u0119dzie si\u0119 godzin\u0119 p\u00f3\u017aniej. Wst\u0119p na X Cz\u0119stochowski Dzie\u0144 Fantastyki kosztuje 30 z\u0142. Dzieci do lat 7. wchodz\u0105 za darmo.<\/p>\n\n\n\n<p>Jednym z patron\u00f3w medialnych wydarzenia jest &#8222;Gazeta Regionalna&#8221;.<\/p>\n\n\n\n<p><strong>red.<\/strong><\/p>\n\n\n\n<figure class=\"wp-block-image size-large\"><img decoding=\"async\" width=\"724\" height=\"1024\" data-src=\"https:\/\/gazetaregionalna.com\/wp-content\/uploads\/2025\/03\/481081036_622567363972428_5734305685389829588_n-724x1024.jpg\" alt=\"\" class=\"wp-image-134505 lazyload\" data-srcset=\"https:\/\/gazetaregionalna.com\/wp-content\/uploads\/2025\/03\/481081036_622567363972428_5734305685389829588_n-724x1024.jpg 724w, https:\/\/gazetaregionalna.com\/wp-content\/uploads\/2025\/03\/481081036_622567363972428_5734305685389829588_n-212x300.jpg 212w, https:\/\/gazetaregionalna.com\/wp-content\/uploads\/2025\/03\/481081036_622567363972428_5734305685389829588_n-768x1087.jpg 768w, https:\/\/gazetaregionalna.com\/wp-content\/uploads\/2025\/03\/481081036_622567363972428_5734305685389829588_n-1086x1536.jpg 1086w, https:\/\/gazetaregionalna.com\/wp-content\/uploads\/2025\/03\/481081036_622567363972428_5734305685389829588_n-scaled.jpg 1131w\" data-sizes=\"(max-width: 724px) 100vw, 724px\" src=\"data:image\/svg+xml;base64,PHN2ZyB3aWR0aD0iMSIgaGVpZ2h0PSIxIiB4bWxucz0iaHR0cDovL3d3dy53My5vcmcvMjAwMC9zdmciPjwvc3ZnPg==\" style=\"--smush-placeholder-width: 724px; --smush-placeholder-aspect-ratio: 724\/1024;\" \/><figcaption class=\"wp-element-caption\">X Cz\u0119stochowski Dzie\u0144 Fantastyki<\/figcaption><\/figure>\n\n\n\n<p><strong>X CDF &#8211; program &#8211; 8 marca<\/strong><\/p>\n\n\n\n<p><strong>Program godzinowy:<\/strong><\/p>\n\n\n\n<p>Godz. 11.00 \u2013 otwarcie drzwi<\/p>\n\n\n\n<p>Godz. 12.00 \u2013 rozpocz\u0119cie programu<\/p>\n\n\n\n<p>Godz. 12.00 \u2013 12.50 \u2013 spotkanie autorskie z Adamem Wieczorkiem, prowadzi: Kamil \u201eKynes\u201d Kacperak<\/p>\n\n\n\n<p>Godz. 13.00 \u2013 13.50 \u2013 spotkanie autorskie z Krzysztofem Bartnickim, prowadzi: S\u0142awomir Doma\u0144ski<\/p>\n\n\n\n<p>Godz. Godz. 14.00 \u2013 14.50 \u2013 spotkanie autorskie z Magdalen\u0105 Kozak, prowadzi: Tomasz Florczyk<\/p>\n\n\n\n<p>Godz. 15.00 \u2013 15.50 \u2013 spotkanie autorskie z \u0141ukaszem Orbitowskim, prowadzi: Tomasz Florczyk<\/p>\n\n\n\n<p>Godz.16.00 \u2013 16.30 \u2013 Konkurs \u201eMini Cosplay Show\u201d (zapisy od godz. 11.00 do 15.30), prowadzi: Aleksander Stefa\u0144ski<\/p>\n\n\n\n<p>Godz.16.30 \u2013 17.00 \u2013 PRZERWA<\/p>\n\n\n\n<p>Godz.17.00 \u2013 17.50 \u2013 spotkanie autorskie z Andrzejem Pilipukiem, prowadzi: \u0141ukasz \u201eSas\u201d Sasu\u0142a<\/p>\n\n\n\n<p>Godz. 18.00 \u2013 18.50 \u2013 panel dyskusyjny \u201eCzytaj!\u201d \u2013 \u201eLiteratura na rozdro\u017cu: mi\u0119dzy realizmem, a fantastyk\u0105\u201d, uczestnicy: \u0141ukasz Orbitowski, Krzysztof Bartnicki, \u0141ukasz \u201eSas\u201d Sasu\u0142a, prowadzi: Tomasz Florczyk<\/p>\n\n\n\n<p>Godz. 19.00 \u2013 19.50 \u2013 prelekcja \u201eCzy Berserk dzieje si\u0119 we Francji? Gotycki horror w japooskim komiksie i nie tylko\u201d, prowadzi: \u0141ukasz \u201eSas\u201d Sasu\u0142a<\/p>\n\n\n\n<p>Godz. 20.00 \u2013 20.50 \u2013 konkurs \u201eRaz, dwa, trzy &#8211; konkurs z wiedzy o filmach sci-fi\u201d, prowadzi: Kamil Kacperak<\/p>\n\n\n\n<p>Godz. 21.00 \u2013 zako\u0144czenie programu, og\u0142oszenie XI edycji CDF<\/p>\n\n\n\n<p><strong>Program Nocny:<\/strong><\/p>\n\n\n\n<p>Godz. 21.00 \u2013 00.00 \u2013 Jubileuszowa Impreza CDF!<\/p>\n\n\n\n<p><strong>Program ci\u0105g\u0142y:<\/strong><\/p>\n\n\n\n<p>Godz. 11.00 \u2013 21.00 \u2013 Strefa Gier Planszowych \u2013 Nocne Granie Cz\u0119stochowa<\/p>\n\n\n\n<p>Godz. 15.00 &#8211; Turniej: Tajniacy<\/p>\n\n\n\n<p>Godz. 11.00 \u2013 17.00 &#8211; Strefa Gier Bitewnych: I. Warhammer 40 000, II. Warhammer Fantasy Battle, III. Warhammer 40 000: Kill Team, IV. BattleTech, V. Tranch Crusade, prowadz\u0105: Marcin Lazarowicz, B\u0142a\u017cej Lewandowski &amp; Erpegowe Piekie\u0142ko<\/p>\n\n\n\n<p>Godz. 11.00 \u2013 20.00 &#8211; Strefa Gier Elektronicznych \u2013 Nocne Granie Cz\u0119stochowa<\/p>\n\n\n\n<p>Godz. 13.00 -Turniej I: Street Fighter V<\/p>\n\n\n\n<p>Godz. 17.00 \u2013 Turniej: Mortal Kombat 11, prowadz\u0105: Andrzej Majtyka, Kriss Bednarek &amp; Alex \u201eHunter\u201d Czichos<\/p>\n\n\n\n<p>Godz. 13.00 \u2013 21.00 &#8211; Strefa Gier Fabularnych, Sesja I \u2013 \u201eJedyny Pier\u015bcie\u0144\u201d, prowadzi: Rafa\u0142 Kwasek, Sesja II \u2013 \u201eNeuroshima\u201d, prowadzi: Dominik Morawski<\/p>\n\n\n\n<p>Godz. 11.00 \u2013 21.00 &#8211; Strefa Wystawc\u00f3w<\/p>\n\n\n\n<p>Godz. 11.00 \u2013 6.00 \u2013 Strefa Gastronomiczna<\/p>\n","protected":false},"excerpt":{"rendered":"<p>Cz\u0119stochowski Klub Mi\u0142o\u015bnik\u00f3w Fantastyki i Gier Fabularnych zaprasza na dziesi\u0105t\u0105 edycj\u0119 Cz\u0119stochowskiego Dnia Fantastyki. Jubileuszowe wydarzenie odb\u0119dzie w sobot\u0119, 8 marca w Pubie Lucky<\/p>\n","protected":false},"author":11,"featured_media":134504,"comment_status":"closed","ping_status":"open","sticky":false,"template":"","format":"standard","meta":{"_monsterinsights_skip_tracking":false,"_monsterinsights_sitenote_active":false,"_monsterinsights_sitenote_note":"","_monsterinsights_sitenote_category":0,"_uf_show_specific_survey":0,"_uf_disable_surveys":false,"footnotes":""},"categories":[12,3,94,2],"tags":[144,7494,1169,9615],"class_list":["post-134497","post","type-post","status-publish","format-standard","has-post-thumbnail","hentry","category-kultura-i-rozrywka","category-czestochowa-informacje","category-polecane","category-wiadomosci","tag-czestochowa","tag-czestochowski-dzien-fantastyki","tag-jubileusz","tag-lucky-saloon"],"_links":{"self":[{"href":"https:\/\/gazetaregionalna.com\/index.php?rest_route=\/wp\/v2\/posts\/134497","targetHints":{"allow":["GET"]}}],"collection":[{"href":"https:\/\/gazetaregionalna.com\/index.php?rest_route=\/wp\/v2\/posts"}],"about":[{"href":"https:\/\/gazetaregionalna.com\/index.php?rest_route=\/wp\/v2\/types\/post"}],"author":[{"embeddable":true,"href":"https:\/\/gazetaregionalna.com\/index.php?rest_route=\/wp\/v2\/users\/11"}],"replies":[{"embeddable":true,"href":"https:\/\/gazetaregionalna.com\/index.php?rest_route=%2Fwp%2Fv2%2Fcomments&post=134497"}],"version-history":[{"count":4,"href":"https:\/\/gazetaregionalna.com\/index.php?rest_route=\/wp\/v2\/posts\/134497\/revisions"}],"predecessor-version":[{"id":134506,"href":"https:\/\/gazetaregionalna.com\/index.php?rest_route=\/wp\/v2\/posts\/134497\/revisions\/134506"}],"wp:featuredmedia":[{"embeddable":true,"href":"https:\/\/gazetaregionalna.com\/index.php?rest_route=\/wp\/v2\/media\/134504"}],"wp:attachment":[{"href":"https:\/\/gazetaregionalna.com\/index.php?rest_route=%2Fwp%2Fv2%2Fmedia&parent=134497"}],"wp:term":[{"taxonomy":"category","embeddable":true,"href":"https:\/\/gazetaregionalna.com\/index.php?rest_route=%2Fwp%2Fv2%2Fcategories&post=134497"},{"taxonomy":"post_tag","embeddable":true,"href":"https:\/\/gazetaregionalna.com\/index.php?rest_route=%2Fwp%2Fv2%2Ftags&post=134497"}],"curies":[{"name":"wp","href":"https:\/\/api.w.org\/{rel}","templated":true}]}}