{"id":134490,"date":"2025-03-07T18:36:11","date_gmt":"2025-03-07T18:36:11","guid":{"rendered":"https:\/\/gazetaregionalna.com\/?p=134490"},"modified":"2025-03-07T18:36:12","modified_gmt":"2025-03-07T18:36:12","slug":"ujd-oswiadczenie-rektor","status":"publish","type":"post","link":"https:\/\/gazetaregionalna.com\/?p=134490","title":{"rendered":"UJD wyda\u0142 o\u015bwiadczenie. Obowi\u0105zki rektora przejmie dr hab. Bogus\u0142aw Przywora"},"content":{"rendered":"\n<h2 class=\"wp-block-heading\">Jak ju\u017c informowali\u015bmy, rektor UJD zosta\u0142 zatrzymany. W zwi\u0105zku z tym, 7 marca uczelnia wyda\u0142a o\u015bwiadczenie. Og\u0142osi\u0142a, \u017ce obowi\u0105zki przejmie teraz prorektor ds. nauki i bada\u0144 naukowych dr hab. Bogus\u0142aw Przywora.<\/h2>\n\n\n\n<p>Zgodnie z podan\u0105 przez nas wcze\u015bniej <a href=\"https:\/\/gazetaregionalna.com\/rektor-ujd-w-czestochowie-z-zarzutami\/\">informacj\u0105<\/a>, do zatrzymania rektora<a href=\"https:\/\/www.facebook.com\/UJDCzestochowa\" target=\"_blank\" rel=\"noopener\"> Uniwersytetu Jana D\u0142ugosza<\/a> w Cz\u0119stochowie dosz\u0142o w poniedzia\u0142ek, 3 marca. Dziennikarze Radia Katowice ustalili, \u017ce Janusz K. us\u0142ysza\u0142 zarzuty udzielania korzy\u015bci maj\u0105tkowej i osobistej by\u0142emu wicemarsza\u0142kowi wojew\u00f3dztwa \u015bl\u0105skiego Bart\u0142omiejowi S., kt\u00f3ry zosta\u0142 zatrzymany pod koniec pa\u017adziernika ubieg\u0142ego roku.<\/p>\n\n\n\n<figure class=\"wp-block-embed is-type-wp-embed is-provider-gazeta-regionalna wp-block-embed-gazeta-regionalna\"><div class=\"wp-block-embed__wrapper\">\n<div class=\"fitvids-video\"><blockquote class=\"wp-embedded-content\" data-secret=\"U8Wmd9u9H8\"><a href=\"https:\/\/gazetaregionalna.com\/rektor-ujd-w-czestochowie-z-zarzutami\/\">Rektor UJD w Cz\u0119stochowie zatrzymany z zarzutami<\/a><\/blockquote><iframe class=\"wp-embedded-content lazyload\" sandbox=\"allow-scripts\" security=\"restricted\" style=\"position: absolute; clip: rect(1px, 1px, 1px, 1px);\" title=\"&#8222;Rektor UJD w Cz\u0119stochowie zatrzymany z zarzutami&#8221; &#8212; Gazeta Regionalna\" data-src=\"https:\/\/gazetaregionalna.com\/rektor-ujd-w-czestochowie-z-zarzutami\/embed\/#?secret=jv1o0DlYAQ#?secret=U8Wmd9u9H8\" data-secret=\"U8Wmd9u9H8\" width=\"600\" height=\"338\" frameborder=\"0\" marginwidth=\"0\" marginheight=\"0\" scrolling=\"no\" src=\"data:image\/svg+xml;base64,PHN2ZyB3aWR0aD0iMSIgaGVpZ2h0PSIxIiB4bWxucz0iaHR0cDovL3d3dy53My5vcmcvMjAwMC9zdmciPjwvc3ZnPg==\" data-load-mode=\"1\"><\/iframe><\/div>\n<\/div><\/figure>\n\n\n\n<p>Zgodnie z zapowiedzi\u0105 Uniwersytet Jana D\u0142ugosza wyda\u0142 7 marca o\u015bwiadczenie w tej sprawie. Jego tre\u015b\u0107 podajemy poni\u017cej:<\/p>\n\n\n\n<p><em>W zwi\u0105zku z post\u0119powaniem prowadzonym przez prokuratur\u0119 i wynikaj\u0105cym z niego zawieszeniem w czynno\u015bciach s\u0142u\u017cbowych Rektora Uniwersytetu Jana D\u0142ugosza w Cz\u0119stochowie prof. dr. hab. Janusza Kapu\u015bniaka informujemy, i\u017c z dniem 5.03.2025 r. na podstawie Statutu UJD i ustawy Prawo o szkolnictwie wy\u017cszym i nauce, obowi\u0105zki Rektora UJD pe\u0142ni Prorektor ds. Nauki i Bada\u0144 Naukowych dr hab. Bogus\u0142aw Przywora, prof. UJD.<\/em> <em>Jednocze\u015bnie informujemy, \u017ce powy\u017csza sytuacja nie wp\u0142ywa na funkcjonowanie Uczelni.<\/em><\/p>\n\n\n\n<p><strong>red.<\/strong><\/p>\n","protected":false},"excerpt":{"rendered":"<p>Jak ju\u017c informowali\u015bmy, rektor UJD zosta\u0142 zatrzymany. W zwi\u0105zku z tym, 7 marca uczelnia wyda\u0142a o\u015bwiadczenie. Og\u0142osi\u0142a, \u017ce obowi\u0105zki przejmie teraz prorektor ds. nauki<\/p>\n","protected":false},"author":11,"featured_media":134494,"comment_status":"closed","ping_status":"open","sticky":false,"template":"","format":"standard","meta":{"_monsterinsights_skip_tracking":false,"_monsterinsights_sitenote_active":false,"_monsterinsights_sitenote_note":"","_monsterinsights_sitenote_category":0,"_uf_show_specific_survey":0,"_uf_disable_surveys":false,"footnotes":""},"categories":[3,41,94,2],"tags":[144,7397,7330,3202],"class_list":["post-134490","post","type-post","status-publish","format-standard","has-post-thumbnail","hentry","category-czestochowa-informacje","category-edukacja","category-polecane","category-wiadomosci","tag-czestochowa","tag-oswiadczenie","tag-rektor","tag-ujd"],"_links":{"self":[{"href":"https:\/\/gazetaregionalna.com\/index.php?rest_route=\/wp\/v2\/posts\/134490","targetHints":{"allow":["GET"]}}],"collection":[{"href":"https:\/\/gazetaregionalna.com\/index.php?rest_route=\/wp\/v2\/posts"}],"about":[{"href":"https:\/\/gazetaregionalna.com\/index.php?rest_route=\/wp\/v2\/types\/post"}],"author":[{"embeddable":true,"href":"https:\/\/gazetaregionalna.com\/index.php?rest_route=\/wp\/v2\/users\/11"}],"replies":[{"embeddable":true,"href":"https:\/\/gazetaregionalna.com\/index.php?rest_route=%2Fwp%2Fv2%2Fcomments&post=134490"}],"version-history":[{"count":2,"href":"https:\/\/gazetaregionalna.com\/index.php?rest_route=\/wp\/v2\/posts\/134490\/revisions"}],"predecessor-version":[{"id":134496,"href":"https:\/\/gazetaregionalna.com\/index.php?rest_route=\/wp\/v2\/posts\/134490\/revisions\/134496"}],"wp:featuredmedia":[{"embeddable":true,"href":"https:\/\/gazetaregionalna.com\/index.php?rest_route=\/wp\/v2\/media\/134494"}],"wp:attachment":[{"href":"https:\/\/gazetaregionalna.com\/index.php?rest_route=%2Fwp%2Fv2%2Fmedia&parent=134490"}],"wp:term":[{"taxonomy":"category","embeddable":true,"href":"https:\/\/gazetaregionalna.com\/index.php?rest_route=%2Fwp%2Fv2%2Fcategories&post=134490"},{"taxonomy":"post_tag","embeddable":true,"href":"https:\/\/gazetaregionalna.com\/index.php?rest_route=%2Fwp%2Fv2%2Ftags&post=134490"}],"curies":[{"name":"wp","href":"https:\/\/api.w.org\/{rel}","templated":true}]}}