{"id":134364,"date":"2025-03-03T20:47:02","date_gmt":"2025-03-03T20:47:02","guid":{"rendered":"https:\/\/gazetaregionalna.com\/?p=134364"},"modified":"2025-03-03T20:47:03","modified_gmt":"2025-03-03T20:47:03","slug":"komediowa-nerwica-natrectw-konkurs","status":"publish","type":"post","link":"https:\/\/gazetaregionalna.com\/?p=134364","title":{"rendered":"Komediowa &#8222;Nerwica natr\u0119ctw&#8221; powraca do Cz\u0119stochowy. Mamy podw\u00f3jne zaproszenie [KONKURS]"},"content":{"rendered":"\n<h2 class=\"wp-block-heading\">Rewelacyjna komedia &#8222;Nerwica natr\u0119ctw&#8221; w re\u017cyserii Artura Barcisia wraca do Cz\u0119stochowy. Spektakl Teatru Gudejko grany b\u0119dzie 10 marca w filharmonii. Impresariat Adria Art ufundowa\u0142 dla Czytelnik\u00f3w podw\u00f3jne zaproszenie. Mo\u017cna je wygra\u0107 w konkursie. <\/h2>\n\n\n\n<p>&#8222;Nerwica natr\u0119ctw&#8221; to lekka opowie\u015b\u0107 o skomplikowanych osobowo\u015bciach w re\u017cyserii Artura Barcisia. To spektakl o tym, co mo\u017ce si\u0119 wydarzy\u0107, kiedy pacjenci gabinetu psychiatrycznego zaczn\u0105 leczy\u0107 si\u0119 nawzajem. -Zapraszamy na niezwyk\u0142\u0105 komedi\u0119 Teatru Gudejko, kt\u00f3ry stoi za takimi przebojami jak \u201eGo\u0142o i weso\u0142o\u201d, \u201eMi\u0119dzy \u0142\u00f3\u017ckami\u201d i \u201eBerek, czyli upi\u00f3r w moherze\u201d &#8211; poleca <a href=\"https:\/\/www.facebook.com\/adriaartpl\" target=\"_blank\" rel=\"noreferrer noopener\">Impresariat Adria Art<\/a>.<\/p>\n\n\n\n<p>Tytu\u0142 ten ju\u017c kilkakrotnie go\u015bci\u0142 w Cz\u0119stochowie, zawsze przy znakomitej frekwencji. Teraz grany b\u0119dzie w szczeg\u00f3lnym okresie mi\u0119dzy Dniem Kobiet a Dniem M\u0119\u017cczyzny. Bilety mog\u0105 by\u0107 wi\u0119c wy\u015bmienitym upominkiem. <\/p>\n\n\n\n<figure class=\"wp-block-image size-large\"><img decoding=\"async\" width=\"1024\" height=\"635\" data-src=\"https:\/\/gazetaregionalna.com\/wp-content\/uploads\/2025\/03\/Screenshot-2025-03-03-at-21-44-30-Nerwica-natrectw-bilety-Czestochowa-ADRIA-ART-1024x635.jpg\" alt=\"\" class=\"wp-image-134370 lazyload\" data-srcset=\"https:\/\/gazetaregionalna.com\/wp-content\/uploads\/2025\/03\/Screenshot-2025-03-03-at-21-44-30-Nerwica-natrectw-bilety-Czestochowa-ADRIA-ART-1024x635.jpg 1024w, https:\/\/gazetaregionalna.com\/wp-content\/uploads\/2025\/03\/Screenshot-2025-03-03-at-21-44-30-Nerwica-natrectw-bilety-Czestochowa-ADRIA-ART-300x186.jpg 300w, https:\/\/gazetaregionalna.com\/wp-content\/uploads\/2025\/03\/Screenshot-2025-03-03-at-21-44-30-Nerwica-natrectw-bilety-Czestochowa-ADRIA-ART-768x476.jpg 768w, https:\/\/gazetaregionalna.com\/wp-content\/uploads\/2025\/03\/Screenshot-2025-03-03-at-21-44-30-Nerwica-natrectw-bilety-Czestochowa-ADRIA-ART.jpg 1152w\" data-sizes=\"(max-width: 1024px) 100vw, 1024px\" src=\"data:image\/svg+xml;base64,PHN2ZyB3aWR0aD0iMSIgaGVpZ2h0PSIxIiB4bWxucz0iaHR0cDovL3d3dy53My5vcmcvMjAwMC9zdmciPjwvc3ZnPg==\" style=\"--smush-placeholder-width: 1024px; --smush-placeholder-aspect-ratio: 1024\/635;\" \/><figcaption class=\"wp-element-caption\">&#8222;Nerwica natr\u0119ctw&#8221; (fot. Adria Art)<\/figcaption><\/figure>\n\n\n\n<p>Przypomnijmy, o czym jest ta historia. W poczekalni u genialnego psychiatry zawsze jest ciekawie. Jego pacjenci to osoby zmagaj\u0105ce si\u0119 z takimi problemami jak: niekontrolowane przeklinanie (choroba Tourette\u2019a), przeliczanie wszystkiego (arytmomania), strach przed bakteriami (nozofobia), powtarzanie ka\u017cdego zdania (palilalia), niemo\u017cno\u015b\u0107 stani\u0119cia na linii czy tytu\u0142owa nerwica natr\u0119ctw. Ju\u017c na co dzie\u0144 bywa bardzo zabawnie.\u00a0<\/p>\n\n\n\n<p>-A co mo\u017ce si\u0119 wydarzy\u0107, kiedy z powodu absencji lekarza pacjenci zaczynaj\u0105 leczy\u0107 si\u0119 sami? Odpowied\u017a poznaj\u0105 Pa\u0144stwo w trakcie tego komicznego spektaklu!\u00a0 &#8211; zaprasza Adria Art.<\/p>\n\n\n\n<figure class=\"wp-block-image size-large\"><img decoding=\"async\" width=\"1024\" height=\"638\" data-src=\"https:\/\/gazetaregionalna.com\/wp-content\/uploads\/2025\/03\/Screenshot-2025-03-03-at-21-44-40-Nerwica-natrectw-bilety-Czestochowa-ADRIA-ART-1024x638.jpg\" alt=\"\" class=\"wp-image-134369 lazyload\" data-srcset=\"https:\/\/gazetaregionalna.com\/wp-content\/uploads\/2025\/03\/Screenshot-2025-03-03-at-21-44-40-Nerwica-natrectw-bilety-Czestochowa-ADRIA-ART-1024x638.jpg 1024w, https:\/\/gazetaregionalna.com\/wp-content\/uploads\/2025\/03\/Screenshot-2025-03-03-at-21-44-40-Nerwica-natrectw-bilety-Czestochowa-ADRIA-ART-300x187.jpg 300w, https:\/\/gazetaregionalna.com\/wp-content\/uploads\/2025\/03\/Screenshot-2025-03-03-at-21-44-40-Nerwica-natrectw-bilety-Czestochowa-ADRIA-ART-768x478.jpg 768w, https:\/\/gazetaregionalna.com\/wp-content\/uploads\/2025\/03\/Screenshot-2025-03-03-at-21-44-40-Nerwica-natrectw-bilety-Czestochowa-ADRIA-ART-115x73.jpg 115w, https:\/\/gazetaregionalna.com\/wp-content\/uploads\/2025\/03\/Screenshot-2025-03-03-at-21-44-40-Nerwica-natrectw-bilety-Czestochowa-ADRIA-ART.jpg 1146w\" data-sizes=\"(max-width: 1024px) 100vw, 1024px\" src=\"data:image\/svg+xml;base64,PHN2ZyB3aWR0aD0iMSIgaGVpZ2h0PSIxIiB4bWxucz0iaHR0cDovL3d3dy53My5vcmcvMjAwMC9zdmciPjwvc3ZnPg==\" style=\"--smush-placeholder-width: 1024px; --smush-placeholder-aspect-ratio: 1024\/638;\" \/><figcaption class=\"wp-element-caption\">&#8222;Nerwica natr\u0119ctw&#8221; (fot. Adria Art)<\/figcaption><\/figure>\n\n\n\n<p>&#8222;Nerwica natr\u0119ctw&#8221; grana b\u0119dzie w poniedzia\u0142ek, 10 marca o godz. 19. Spektakl przeznaczony jest dla widz\u00f3w od 18. roku \u017cycia.<\/p>\n\n\n\n<p>Na scenie Filharmonii Cz\u0119stochowskiej wyst\u0105pi\u0105: Artur Barci\u015b, Zdzis\u0142aw Wardejn, Katarzyna Ankudowicz, Damian Kulec, Jowita Budnik oraz Karolina Sawka.<\/p>\n\n\n\n<p>Bilety kosztuj\u0105: 80, 100, 150 i 180 z\u0142. Mo\u017cna je kupi\u0107 na stronie <a href=\"https:\/\/bilety.adria-art.pl\/event\/view\/id\/485588\/teatr-nerwica-natrectw\" target=\"_blank\" rel=\"noopener\">bilety.adria-art.pl.<\/a><\/p>\n\n\n\n<figure class=\"wp-block-image size-large\"><img decoding=\"async\" width=\"1024\" height=\"683\" data-src=\"https:\/\/gazetaregionalna.com\/wp-content\/uploads\/2025\/03\/Screenshot-2025-03-03-at-21-44-11-Nerwica-natrectw-bilety-Czestochowa-ADRIA-ART-1024x683.jpg\" alt=\"\" class=\"wp-image-134372 lazyload\" data-srcset=\"https:\/\/gazetaregionalna.com\/wp-content\/uploads\/2025\/03\/Screenshot-2025-03-03-at-21-44-11-Nerwica-natrectw-bilety-Czestochowa-ADRIA-ART-1024x683.jpg 1024w, https:\/\/gazetaregionalna.com\/wp-content\/uploads\/2025\/03\/Screenshot-2025-03-03-at-21-44-11-Nerwica-natrectw-bilety-Czestochowa-ADRIA-ART-300x200.jpg 300w, https:\/\/gazetaregionalna.com\/wp-content\/uploads\/2025\/03\/Screenshot-2025-03-03-at-21-44-11-Nerwica-natrectw-bilety-Czestochowa-ADRIA-ART-768x512.jpg 768w, https:\/\/gazetaregionalna.com\/wp-content\/uploads\/2025\/03\/Screenshot-2025-03-03-at-21-44-11-Nerwica-natrectw-bilety-Czestochowa-ADRIA-ART.jpg 1071w\" data-sizes=\"(max-width: 1024px) 100vw, 1024px\" src=\"data:image\/svg+xml;base64,PHN2ZyB3aWR0aD0iMSIgaGVpZ2h0PSIxIiB4bWxucz0iaHR0cDovL3d3dy53My5vcmcvMjAwMC9zdmciPjwvc3ZnPg==\" style=\"--smush-placeholder-width: 1024px; --smush-placeholder-aspect-ratio: 1024\/683;\" \/><figcaption class=\"wp-element-caption\">&#8222;Nerwica natr\u0119ctw&#8221; (fot. Adria Art)<\/figcaption><\/figure>\n\n\n\n<h3 class=\"wp-block-heading\">Wygraj zaproszenie na ten spektakl!<\/h3>\n\n\n\n<p>Mamy dla czytelnik\u00f3w jedno podw\u00f3jne zaproszenie na ten spektakl. By je wygra\u0107 nale\u017cy odpowiedzie\u0107 na poni\u017csze pytanie (uzasadniaj\u0105c odpowied\u017a):<\/p>\n\n\n\n<p><strong>Kogo z aktorek lub aktor\u00f3w wyst\u0119puj\u0105cych w &#8222;Nerwicy natr\u0119ctw&#8221; chcia\u0142aby\u015b\/chcia\u0142by\u015b zobaczy\u0107 na scenie najbardziej i dlaczego?<\/strong><\/p>\n\n\n\n<p>Odpowied\u017a nale\u017cy wys\u0142a\u0107 mailowo na adres <strong>konkursy@gazetaregionalna.com<\/strong>, w tytule podaj\u0105c \u201eNerwica natr\u0119ctw\u201d, a w tre\u015bci tak\u017ce swoje imi\u0119 i nazwisko. <strong>Zadanie nale\u017cy wykona\u0107 w terminie od 4 marca od godz. 9 do 5 marca do godz. 9.<\/strong><\/p>\n\n\n\n<h4 class=\"wp-block-heading\">Regulamin konkursu \u201cNerwica natr\u0119ctw\u201d<\/h4>\n\n\n\n<p><strong>\u00a7 1. POSTANOWIENIA OG\u00d3LNE<\/strong><\/p>\n\n\n\n<p>1. Organizatorem konkurs\u00f3w jest GazetaRegionalna.com, al. Ko\u015bciuszki 13, lok. 6, 42-202 Cz\u0119stochowa, (zwana dalej \u201eOrganizatorem\u201d).<br>2. Fundatorem nagrody jest Impresariat Adria Art.<br>3. Niniejszy regulamin (dalej \u201eRegulamin\u201d) stanowi podstaw\u0119 organizacji oraz okre\u015bla warunki Konkursu.<br>4. Konkurs nie jest stworzony, administrowany, wspierany ani sponsorowany przez Facebook.<br>5. Konkurs jest prowadzony na stronie <a href=\"https:\/\/www.gazetaregionalna.com\">www.gazetaregionalna.com<\/a>.<\/p>\n\n\n\n<p>6. Administratorem danych osobowych udost\u0119pnianych przez Uczestnik\u00f3w Konkursu jest Organizator. Podanie danych osobowych ma charakter dowolny, lecz niezb\u0119dny do przyst\u0105pienia przez Uczestnika do Konkursu. Osobom udost\u0119pniaj\u0105cym dane przys\u0142uguje prawo dost\u0119pu do tych danych, ich zmian b\u0105d\u017a usuni\u0119cia.<\/p>\n\n\n\n<p><strong>\u00a7 2. MIEJSCE, CZAS I ZASADY KONKURSU<\/strong><\/p>\n\n\n\n<p>1. Konkurs jest dost\u0119pny w formie tekstu konkursowego na portalu organizatora gazetaregionalna.com<strong>. Konkurs trwa od 4 marca 2025 r. od godz. 9 do 5 marca 2025 r. do godz. 9.<\/strong>W wyj\u0105tkowych sytuacjach Organizator konkursu mo\u017ce przed\u0142u\u017cy\u0107 lub przerwa\u0107 trwanie konkursu, w\u00a0okre\u015blonym przez siebie zakresie, o czym poinformuje uczestnik\u00f3w konkursu na profilu wskazanym w \u00a71 pkt.6 Regulaminu.<\/p>\n\n\n\n<p><strong>\u00a7 3. UCZESTNICY KONKURSU<\/strong><\/p>\n\n\n\n<p>Uczestnikami Konkursu mog\u0105 by\u0107 wy\u0142\u0105cznie osoby fizyczne, konsumenci w rozumieniu art. 221 kodeksu cywilnego, posiadaj\u0105ce pe\u0142n\u0105 zdolno\u015bci do czynno\u015bci prawnych, kt\u00f3re zaakceptowa\u0142y niniejszy Regulamin (dalej: \u201eUczestnik\u201d).<\/p>\n\n\n\n<p>Uczestnik o\u015bwiadcza, \u017ce:a. jest osob\u0105 fizyczn\u0105, posiadaj\u0105c\u0105 pe\u0142n\u0105 zdolno\u015b\u0107 do czynno\u015bci prawnych;b. jest osob\u0105 pe\u0142noletni\u0105;c. zapozna\u0142 si\u0119 z tre\u015bci\u0105 niniejszego Regulaminu i w spos\u00f3b dobrowolny przyst\u0119puje do Konkursu;d. wyra\u017ca zgod\u0119 i akceptuje warunki Regulaminu, w tym zapozna\u0142 si\u0119 z tre\u015bci\u0105 dotycz\u0105c\u0105 procedury odbioru nagrody i j\u0105 w pe\u0142ni akceptuje;e. zobowi\u0105zuje si\u0119 do przestrzegania postanowie\u0144 Regulaminu;f. wyrazi\u0142 zgod\u0119 na przetwarzanie danych osobowych dla cel\u00f3w zwi\u0105zanych z uczestnictwem w Konkursie;<\/p>\n\n\n\n<p>Uczestnik zobowi\u0105zuje si\u0119 do przestrzegania okre\u015blonych w Regulaminie zasad, jak r\u00f3wnie\u017c potwierdza, i\u017c spe\u0142nia wszystkie warunki, kt\u00f3re uprawniaj\u0105 go do udzia\u0142u w Konkursie.4. W Konkursie nie mog\u0105 uczestniczy\u0107 pracownicy i wsp\u00f3\u0142pracownicy Organizatora.<\/p>\n\n\n\n<p><strong>\u00a7 4. NAGRODA<\/strong><\/p>\n\n\n\n<p><strong>1. Nagrod\u0105 w Konkursie jest jedno podw\u00f3jne zaproszenie na<\/strong> <strong>spektakl &#8222;Nerwica natr\u0119ctw&#8221;, kt\u00f3ry odb\u0119dzie si\u0119 10 marca w Filharmonii Cz\u0119stochowskiej dla jednej osoby wy\u0142onionej w\u00a0spos\u00f3b wskazany w \u00a76.<\/strong><\/p>\n\n\n\n<p>Informacja o Nagrodzie b\u0119dzie zawarta w tre\u015bci og\u0142oszenia o Konkursie opublikowanego na stronie gazetaregionalna.com.<\/p>\n\n\n\n<p>3.Laureatowi nie przys\u0142uguje prawo wymiany Nagrody na got\u00f3wk\u0119 ani nagrod\u0119 innego rodzaju.<\/p>\n\n\n\n<p>.4. Zwyci\u0119zca mo\u017ce zrzec si\u0119 Nagrody, ale w zamian nie przys\u0142uguje mu ekwiwalent pieni\u0119\u017cny ani jakakolwiek inna nagroda.<\/p>\n\n\n\n<p><strong>\u00a7 5. ZASADY UCZESTNICTWA W KONKURSIE<\/strong><\/p>\n\n\n\n<p><strong>1. Zadaniem Uczestnika Konkursu jest:<\/strong>odpowied\u017a na zadanie\/pytanie konkursowe przedstawione na stronie gazetaregionalna.com. Jest ono nast\u0119puj\u0105ce:<strong> <strong>Kogo z aktorek lub aktor\u00f3w wyst\u0119puj\u0105cych w &#8222;Nerwicy natr\u0119ctw&#8221; chcia\u0142aby\u015b\/chcia\u0142by\u015b zobaczy\u0107 na scenie najbardziej i dlaczego?<\/strong><\/strong><\/p>\n\n\n\n<p>Odpowied\u017a nale\u017cy wys\u0142a\u0107 mailowo na adres <a href=\"mailto:konkursy@gazetaregionalna.com\">konkursy@gazetaregionalna.com<\/a>, w tytule podaj\u0105c \u201eNerwica natr\u0119ctw\u201d, a w tre\u015bci swoje imi\u0119 i nazwisko.<\/p>\n\n\n\n<p>Zadanie nale\u017cy wykona\u0107 w terminie <strong>od 4 marca od godz. 9 do 5 marca do godz. 9.<\/strong>1. Warunkiem uczestnictwa w Konkursie jest poprawne wykonanie wszystkich zada\u0144 opisanych w \u00a7 5. ust. 1 Regulaminu.<\/p>\n\n\n\n<p>2.O przyznaniu nagrody decyduje Organizator w drodze analizy poprawno\u015bci wykonania zada\u0144 opisanych w \u00a7 5. ust. 1 Regulaminu przez Uczestnik\u00f3w Konkursu.<\/p>\n\n\n\n<p><strong>3. Spo\u015br\u00f3d nades\u0142anych odpowiedzi Organizator wy\u0142oni jednego zwyci\u0119zc\u0119.<\/strong><\/p>\n\n\n\n<p><strong>4. Zwyci\u0119zca Konkursu zostanie powiadomiony o wygranej i o formie jej odbioru w wiadomo\u015bci mailowej wys\u0142anej z adresu <a href=\"mailto:konkursy@gazetaregionalna.com\">konkursy@gazetaregionalna.com<\/a> najp\u00f3\u017aniej do 7 marca do godz. 22.<\/strong><\/p>\n\n\n\n<p><strong>\u00a7 7. ZAKRES ODPOWIEDZIALNO\u015aCI ORGANIZATORA<\/strong><\/p>\n\n\n\n<p>1.Organizator nie ponosi odpowiedzialno\u015bci za rzetelno\u015b\u0107 i prawdziwo\u015b\u0107 danych Uczestnik\u00f3w Konkursu, w tym za brak mo\u017cliwo\u015bci przekazania nagr\u00f3d, z przyczyny le\u017c\u0105cych po stronie Uczestnika, w szczeg\u00f3lno\u015bci, je\u015bli ten nie poda\u0142 prawdziwego adresu do korespondencji lub podane dane s\u0105 niepe\u0142ne lub nieaktualne.<\/p>\n\n\n\n<p>2. Organizator o\u015bwiadcza, \u017ce nie prowadzi kontroli, ani monitoringu tre\u015bci umieszczanych przez Uczestnik\u00f3w w zakresie rzetelno\u015bci i prawdziwo\u015bci, z zastrze\u017ceniem dzia\u0142a\u0144 zwi\u0105zanych z usuni\u0119ciem narusze\u0144 Regulaminu lub przepis\u00f3w powszechnie obowi\u0105zuj\u0105cych.<\/p>\n\n\n\n<p>3.Organizator zastrzega sobie prawo do wykluczenia z udzia\u0142u w Konkursie Uczestnik\u00f3w, kt\u00f3rych dzia\u0142ania s\u0105 sprzeczne z prawem lub Regulaminem.<\/p>\n\n\n\n<p>4.Organizator nie ponosi odpowiedzialno\u015bci za jakiekolwiek zak\u0142\u00f3cenia w dzia\u0142aniu \u0142\u0105cz teleinformatycznych, serwer\u00f3w, interfejs\u00f3w oraz przegl\u0105darek.<\/p>\n\n\n\n<p><strong>\u00a7 8. PRZETWARZANIE DANYCH OSOBOWYCH<\/strong><\/p>\n\n\n\n<p>1.Dane osobowe Uczestnik\u00f3w Konkursu b\u0119d\u0105 przetwarzane przez Organizatora wy\u0142\u0105cznie w celu dokonania czynno\u015bci niezb\u0119dnych do prawid\u0142owego przeprowadzenia Konkursu.<\/p>\n\n\n\n<p>2.Dane osobowe Uczestnik\u00f3w Konkursu b\u0119d\u0105 przechowywane przez Organizatora tylko przez okres niezb\u0119dny do przeprowadzenia Konkursu i wydania nagr\u00f3d wyr\u00f3\u017cnionym Uczestnikom.<\/p>\n\n\n\n<p>3. Uczestnicy maj\u0105 prawo wgl\u0105du do przetwarzanych danych i ich poprawiania oraz usuwania. Dane s\u0105 podawane na zasadach dobrowolno\u015bci.<\/p>\n\n\n\n<p>4.W momencie usuni\u0119cia danych U\u017cytkownik traci mo\u017cliwo\u015b\u0107 Uczestnictwa w Konkursie.<\/p>\n\n\n\n<p><strong>\u00a7 9. PRAWA AUTORSKIE<\/strong><\/p>\n\n\n\n<p>1.Wszelkie prawa w\u0142asno\u015bci intelektualnej do Konkursu przys\u0142uguj\u0105 Organizatorowi. Uczestnictwo w Konkursie nie skutkuje w \u017cadnym zakresie nabyciem przez Uczestnik\u00f3w jakichkolwiek praw w\u0142asno\u015bci intelektualnej. Zabronione jest naruszanie w jakikolwiek spos\u00f3b praw w\u0142asno\u015bci intelektualnej w Konkursie, w szczeg\u00f3lno\u015bci:a) kopiowanie, modyfikowanie oraz transmitowanie elektronicznie lub rozpowszechnianie w inny spos\u00f3b mechanizmu Konkursu lub jego cz\u0119\u015bci, a tak\u017ce poszczeg\u00f3lnych utwor\u00f3w i baz danych, bez wyra\u017anej pisemnej zgody Administratora;b) korzystanie z Konkursu w spos\u00f3b niezgodny z Regulaminem lub powszechnie obowi\u0105zuj\u0105cymi przepisami.<\/p>\n\n\n\n<p><strong>\u00a7 10. REKLAMACJE I ZG\u0141OSZENIA NARUSZE\u0143<\/strong><\/p>\n\n\n\n<ol class=\"wp-block-list\">\n<li>Wszelkie reklamacje dotycz\u0105ce sposobu przeprowadzania Konkursu, Uczestnicy winni zg\u0142asza\u0107 na pi\u015bmie w czasie trwania Konkursu, jednak nie p\u00f3\u017aniej ni\u017c w terminie 7 (siedmiu) dni od dnia wydania Nagr\u00f3d.<\/li>\n\n\n\n<li>Reklamacja zg\u0142oszona po wyznaczonym terminie nie wywo\u0142uje skutk\u00f3w prawnych.<\/li>\n\n\n\n<li>Pisemna reklamacja powinna zawiera\u0107 imi\u0119, nazwisko, dok\u0142adny adres Uczestnika oraz dok\u0142adny opis i uzasadnienie reklamacji.<\/li>\n\n\n\n<li><strong>Reklamacja powinna by\u0107 przes\u0142ana listem poleconym na adres Organizatora z dopiskiem \u201eKonkurs z dnia 4 marca 2025 r.\u201d.<\/strong><\/li>\n\n\n\n<li>Reklamacje rozpatrywane b\u0119d\u0105 pisemnie w terminie 30 dni.<\/li>\n<\/ol>\n\n\n\n<ol class=\"wp-block-list\">\n<li><strong>\u00a7 11. POSTANOWIENIA KO\u0143COWE<\/strong><\/li>\n\n\n\n<li>Regulamin wchodzi w \u017cycie z dniem 4 marca 2025 r. i obowi\u0105zuje do 5 marca 2025 r.<\/li>\n\n\n\n<li>W kwestiach nieuregulowanych niniejszym Regulaminem stosuje si\u0119 przepisy Kodeksu cywilnego i inne przepisy prawa.Spory odnosz\u0105ce si\u0119 i wynikaj\u0105ce z Konkursu b\u0119d\u0105 rozwi\u0105zywane przez s\u0105d powszechny w\u0142a\u015bciwy miejscowo dla siedziby Organizatora.Organizator zastrzega sobie prawo do zmiany zasad Konkursu w trakcie jego trwania. Informacja o zmianach b\u0119dzie zamieszczona na stronie gazetaregionalna.com.<\/li>\n<\/ol>\n\n\n\n<p>Zwyci\u0119zcy Konkursu zostan\u0105 powiadomieni o wygranej i o formie jej odbioru w wiadomo\u015bci mailowej wys\u0142anej najp\u00f3\u017aniej do 7 marca do godz. 22.<\/p>\n","protected":false},"excerpt":{"rendered":"<p>Rewelacyjna komedia &#8222;Nerwica natr\u0119ctw&#8221; w re\u017cyserii Artura Barcisia wraca do Cz\u0119stochowy. Spektakl Teatru Gudejko grany b\u0119dzie 10 marca w filharmonii. Impresariat Adria Art ufundowa\u0142<\/p>\n","protected":false},"author":11,"featured_media":134371,"comment_status":"closed","ping_status":"open","sticky":false,"template":"","format":"standard","meta":{"_monsterinsights_skip_tracking":false,"_monsterinsights_sitenote_active":false,"_monsterinsights_sitenote_note":"","_monsterinsights_sitenote_category":0,"_uf_show_specific_survey":0,"_uf_disable_surveys":false,"footnotes":""},"categories":[12,3,94,2],"tags":[2071,1211,144,352,89,3265],"class_list":["post-134364","post","type-post","status-publish","format-standard","has-post-thumbnail","hentry","category-kultura-i-rozrywka","category-czestochowa-informacje","category-polecane","category-wiadomosci","tag-adria-art","tag-artur-barcis","tag-czestochowa","tag-filharmonia-czestochowska","tag-konkurs","tag-nerwica-natrectw"],"_links":{"self":[{"href":"https:\/\/gazetaregionalna.com\/index.php?rest_route=\/wp\/v2\/posts\/134364","targetHints":{"allow":["GET"]}}],"collection":[{"href":"https:\/\/gazetaregionalna.com\/index.php?rest_route=\/wp\/v2\/posts"}],"about":[{"href":"https:\/\/gazetaregionalna.com\/index.php?rest_route=\/wp\/v2\/types\/post"}],"author":[{"embeddable":true,"href":"https:\/\/gazetaregionalna.com\/index.php?rest_route=\/wp\/v2\/users\/11"}],"replies":[{"embeddable":true,"href":"https:\/\/gazetaregionalna.com\/index.php?rest_route=%2Fwp%2Fv2%2Fcomments&post=134364"}],"version-history":[{"count":4,"href":"https:\/\/gazetaregionalna.com\/index.php?rest_route=\/wp\/v2\/posts\/134364\/revisions"}],"predecessor-version":[{"id":134373,"href":"https:\/\/gazetaregionalna.com\/index.php?rest_route=\/wp\/v2\/posts\/134364\/revisions\/134373"}],"wp:featuredmedia":[{"embeddable":true,"href":"https:\/\/gazetaregionalna.com\/index.php?rest_route=\/wp\/v2\/media\/134371"}],"wp:attachment":[{"href":"https:\/\/gazetaregionalna.com\/index.php?rest_route=%2Fwp%2Fv2%2Fmedia&parent=134364"}],"wp:term":[{"taxonomy":"category","embeddable":true,"href":"https:\/\/gazetaregionalna.com\/index.php?rest_route=%2Fwp%2Fv2%2Fcategories&post=134364"},{"taxonomy":"post_tag","embeddable":true,"href":"https:\/\/gazetaregionalna.com\/index.php?rest_route=%2Fwp%2Fv2%2Ftags&post=134364"}],"curies":[{"name":"wp","href":"https:\/\/api.w.org\/{rel}","templated":true}]}}