{"id":134223,"date":"2025-03-02T13:58:44","date_gmt":"2025-03-02T13:58:44","guid":{"rendered":"https:\/\/gazetaregionalna.com\/?p=134223"},"modified":"2025-03-02T13:58:45","modified_gmt":"2025-03-02T13:58:45","slug":"hutnik-lepszy-od-skry","status":"publish","type":"post","link":"https:\/\/gazetaregionalna.com\/?p=134223","title":{"rendered":"Hutnik lepszy od Skry"},"content":{"rendered":"\n<p>W pierwszym meczu w 2025 roku w 2. Betclic lidze pi\u0142karze Skry Cz\u0119stochowa przegrali w niedziel\u0119 w Krakowie z Hutnikiem 1:3.<\/p>\n\n\n\n<p>Pi\u0142karze Skry Cz\u0119stochowa wr\u00f3cili do rozgrywek w 2. lidze. Cz\u0119stochowianie pierwszy mecz rozegrali w Krakowie z Hutnikiem. Kibice Skry liczyli na pomy\u015blne wie\u015bci z Krakowa. Tymczasem cz\u0119stochowscy pi\u0142karze nie wywalczyli pod Wawelem punkt\u00f3w.<\/p>\n\n\n\n<p>Skra pierwszego gola straci\u0142a z rzutu karnego. Do przerwy Hutnik prowadzi\u0142 1:0. Po zmianie stron gospodarze strzelili drugiego gola na pocz\u0105tku drugiej po\u0142owy. W 64. minucie by\u0142o ju\u017c 3:0 dla Hutnika. Honorowego gola na 1:3 zdoby\u0142 dla Skry Bruno Garcia w 85. minucie spotkania.<\/p>\n\n\n\n<p>AK, fot: AK<\/p>\n\n\n\n<p>Hutnik Krak\u00f3w \u2013 Skra Cz\u0119stochowa 3:1 (1:0)<\/p>\n\n\n\n<p>1:0 Kamil G\u0142ogowski (23.), 2:0 Ksawery Semik (46.), 3:0 Filip Wilak (64.), 3:1 Bruno Garcia (85.)<\/p>\n\n\n\n<p>Skra: Kramarz \u2013 Majewski (74. Okusami), Estigarribia, Le\u015bniak-Paduch, Sobczak, Kaczorowski (57. Wac\u0142awek), \u0141awrynowicz (74. Wire\u0144ski), Guilherme, Noco\u0144, Niedba\u0142a (81. Wr\u00f3bel), Szywacz (57. Garcia).<\/p>\n\n\n\n<p>Partnerami relacji sportowych s\u0105:<\/p>\n\n\n\n<p>DMK Invest materia\u0142y budowlane Konopiska (<a href=\"http:\/\/www.dmkinvest.pl\/\" target=\"_blank\" rel=\"noopener\">www.dmkinvest.pl<\/a>)<\/p>\n\n\n\n<p>W\u0142odar Developer Cz\u0119stochowa (<a href=\"http:\/\/www.wlodardeveloper.pl\/\" target=\"_blank\" rel=\"noopener\">www.wlodardeveloper.pl<\/a>)<\/p>\n\n\n\n<figure class=\"wp-block-image size-large\"><img decoding=\"async\" width=\"1024\" height=\"672\" data-src=\"https:\/\/gazetaregionalna.com\/wp-content\/uploads\/2024\/09\/Skra-Wisla-1-1024x672.jpg\" alt=\"\" class=\"wp-image-128849 lazyload\" data-srcset=\"https:\/\/gazetaregionalna.com\/wp-content\/uploads\/2024\/09\/Skra-Wisla-1-1024x672.jpg 1024w, https:\/\/gazetaregionalna.com\/wp-content\/uploads\/2024\/09\/Skra-Wisla-1-300x197.jpg 300w, https:\/\/gazetaregionalna.com\/wp-content\/uploads\/2024\/09\/Skra-Wisla-1-768x504.jpg 768w, https:\/\/gazetaregionalna.com\/wp-content\/uploads\/2024\/09\/Skra-Wisla-1.jpg 1200w\" data-sizes=\"(max-width: 1024px) 100vw, 1024px\" src=\"data:image\/svg+xml;base64,PHN2ZyB3aWR0aD0iMSIgaGVpZ2h0PSIxIiB4bWxucz0iaHR0cDovL3d3dy53My5vcmcvMjAwMC9zdmciPjwvc3ZnPg==\" style=\"--smush-placeholder-width: 1024px; --smush-placeholder-aspect-ratio: 1024\/672;\" \/><\/figure>\n\n\n\n<figure class=\"wp-block-image size-large\"><img decoding=\"async\" width=\"1024\" height=\"1024\" data-src=\"https:\/\/gazetaregionalna.com\/wp-content\/uploads\/2024\/04\/DMK-Invest-3-1024x1024.jpg\" alt=\"\" class=\"wp-image-123884 lazyload\" data-srcset=\"https:\/\/gazetaregionalna.com\/wp-content\/uploads\/2024\/04\/DMK-Invest-3-1024x1024.jpg 1024w, https:\/\/gazetaregionalna.com\/wp-content\/uploads\/2024\/04\/DMK-Invest-3-300x300.jpg 300w, https:\/\/gazetaregionalna.com\/wp-content\/uploads\/2024\/04\/DMK-Invest-3-150x150.jpg 150w, https:\/\/gazetaregionalna.com\/wp-content\/uploads\/2024\/04\/DMK-Invest-3-768x768.jpg 768w, https:\/\/gazetaregionalna.com\/wp-content\/uploads\/2024\/04\/DMK-Invest-3-1536x1536.jpg 1536w, https:\/\/gazetaregionalna.com\/wp-content\/uploads\/2024\/04\/DMK-Invest-3-2048x2048.jpg 2048w, https:\/\/gazetaregionalna.com\/wp-content\/uploads\/2024\/04\/DMK-Invest-3-215x215.jpg 215w, https:\/\/gazetaregionalna.com\/wp-content\/uploads\/2024\/04\/DMK-Invest-3-scaled.jpg 1600w\" data-sizes=\"(max-width: 1024px) 100vw, 1024px\" src=\"data:image\/svg+xml;base64,PHN2ZyB3aWR0aD0iMSIgaGVpZ2h0PSIxIiB4bWxucz0iaHR0cDovL3d3dy53My5vcmcvMjAwMC9zdmciPjwvc3ZnPg==\" style=\"--smush-placeholder-width: 1024px; --smush-placeholder-aspect-ratio: 1024\/1024;\" \/><\/figure>\n\n\n\n<figure class=\"wp-block-image size-large\"><img decoding=\"async\" width=\"1024\" height=\"1024\" data-src=\"https:\/\/gazetaregionalna.com\/wp-content\/uploads\/2025\/01\/Wlodar-Wilenska-fb-1-1024x1024.jpg\" alt=\"\" class=\"wp-image-133184 lazyload\" data-srcset=\"https:\/\/gazetaregionalna.com\/wp-content\/uploads\/2025\/01\/Wlodar-Wilenska-fb-1-1024x1024.jpg 1024w, https:\/\/gazetaregionalna.com\/wp-content\/uploads\/2025\/01\/Wlodar-Wilenska-fb-1-300x300.jpg 300w, https:\/\/gazetaregionalna.com\/wp-content\/uploads\/2025\/01\/Wlodar-Wilenska-fb-1-150x150.jpg 150w, https:\/\/gazetaregionalna.com\/wp-content\/uploads\/2025\/01\/Wlodar-Wilenska-fb-1-768x768.jpg 768w, https:\/\/gazetaregionalna.com\/wp-content\/uploads\/2025\/01\/Wlodar-Wilenska-fb-1-215x215.jpg 215w, https:\/\/gazetaregionalna.com\/wp-content\/uploads\/2025\/01\/Wlodar-Wilenska-fb-1.jpg 1080w\" data-sizes=\"(max-width: 1024px) 100vw, 1024px\" src=\"data:image\/svg+xml;base64,PHN2ZyB3aWR0aD0iMSIgaGVpZ2h0PSIxIiB4bWxucz0iaHR0cDovL3d3dy53My5vcmcvMjAwMC9zdmciPjwvc3ZnPg==\" style=\"--smush-placeholder-width: 1024px; --smush-placeholder-aspect-ratio: 1024\/1024;\" \/><\/figure>\n","protected":false},"excerpt":{"rendered":"<p>W pierwszym meczu w 2025 roku w 2. Betclic lidze pi\u0142karze Skry Cz\u0119stochowa przegrali w niedziel\u0119 w Krakowie z Hutnikiem 1:3. Pi\u0142karze Skry Cz\u0119stochowa<\/p>\n","protected":false},"author":15,"featured_media":128849,"comment_status":"closed","ping_status":"open","sticky":false,"template":"","format":"standard","meta":{"_monsterinsights_skip_tracking":false,"_monsterinsights_sitenote_active":false,"_monsterinsights_sitenote_note":"","_monsterinsights_sitenote_category":0,"_uf_show_specific_survey":0,"_uf_disable_surveys":false,"footnotes":""},"categories":[5,6],"tags":[],"class_list":["post-134223","post","type-post","status-publish","format-standard","has-post-thumbnail","hentry","category-sport","category-pilka-nozna"],"_links":{"self":[{"href":"https:\/\/gazetaregionalna.com\/index.php?rest_route=\/wp\/v2\/posts\/134223","targetHints":{"allow":["GET"]}}],"collection":[{"href":"https:\/\/gazetaregionalna.com\/index.php?rest_route=\/wp\/v2\/posts"}],"about":[{"href":"https:\/\/gazetaregionalna.com\/index.php?rest_route=\/wp\/v2\/types\/post"}],"author":[{"embeddable":true,"href":"https:\/\/gazetaregionalna.com\/index.php?rest_route=\/wp\/v2\/users\/15"}],"replies":[{"embeddable":true,"href":"https:\/\/gazetaregionalna.com\/index.php?rest_route=%2Fwp%2Fv2%2Fcomments&post=134223"}],"version-history":[{"count":1,"href":"https:\/\/gazetaregionalna.com\/index.php?rest_route=\/wp\/v2\/posts\/134223\/revisions"}],"predecessor-version":[{"id":134224,"href":"https:\/\/gazetaregionalna.com\/index.php?rest_route=\/wp\/v2\/posts\/134223\/revisions\/134224"}],"wp:featuredmedia":[{"embeddable":true,"href":"https:\/\/gazetaregionalna.com\/index.php?rest_route=\/wp\/v2\/media\/128849"}],"wp:attachment":[{"href":"https:\/\/gazetaregionalna.com\/index.php?rest_route=%2Fwp%2Fv2%2Fmedia&parent=134223"}],"wp:term":[{"taxonomy":"category","embeddable":true,"href":"https:\/\/gazetaregionalna.com\/index.php?rest_route=%2Fwp%2Fv2%2Fcategories&post=134223"},{"taxonomy":"post_tag","embeddable":true,"href":"https:\/\/gazetaregionalna.com\/index.php?rest_route=%2Fwp%2Fv2%2Ftags&post=134223"}],"curies":[{"name":"wp","href":"https:\/\/api.w.org\/{rel}","templated":true}]}}