{"id":134114,"date":"2025-02-27T14:02:58","date_gmt":"2025-02-27T14:02:58","guid":{"rendered":"https:\/\/gazetaregionalna.com\/?p=134114"},"modified":"2025-02-27T14:02:59","modified_gmt":"2025-02-27T14:02:59","slug":"straz-miejska-pamietajmy-o-sprzataniu-po-swoich-pupilach","status":"publish","type":"post","link":"https:\/\/gazetaregionalna.com\/?p=134114","title":{"rendered":"Stra\u017c Miejska: Pami\u0119tajmy o sprz\u0105taniu po swoich pupilach&#8230;"},"content":{"rendered":"\n<p>Stra\u017c Miejska w Cz\u0119stochowie przypomina wszystkim w\u0142a\u015bcicielom ps\u00f3w o obowi\u0105zku sprz\u0105tania po swoich pupilach w miejscach og\u00f3lnodost\u0119pnych. Nale\u017cy przypomnie\u0107, \u017ce za\u015bmiecanie miejsc publicznych jest wykroczeniem.<\/p>\n\n\n\n<p>Cz\u0119stochowska Stra\u017c Miejska wielu lat prowadzi na terenie Cz\u0119stochowy dzia\u0142ania zmierzaj\u0105ce do poprawy estetyki miasta. Stra\u017c Miejska w Cz\u0119stochowie apeluje, aby wyprowadza\u0107 psa na smyczy, a psa agresywnego na smyczy oraz w kaga\u0144cu. Funkcjonariusze przypominaj\u0105 r\u00f3wnie\u017c o obowi\u0105zku sprz\u0105tania po psach.<\/p>\n\n\n\n<p>Osoby utrzymuj\u0105ce zwierz\u0119ta domowe zobowi\u0105zane s\u0105 do:<\/p>\n\n\n\n<p>\u2013 wyprowadzania psa na smyczy, a psa agresywnego na smyczy i w kaga\u0144cu<\/p>\n\n\n\n<p>\u2013 niezw\u0142ocznego usuwania zanieczyszcze\u0144 spowodowanych przez zwierz\u0119ta domowe na klatkach schodowych, na skwerach i trawnikach oraz w innych miejscach s\u0142u\u017c\u0105cych do publicznego u\u017cytku ( obowi\u0105zek ten nie dotyczy os\u00f3b niewidomych)\u201d.<\/p>\n\n\n\n<p>Stra\u017c Miejska przypomina, \u017ce zgodnie z ustaw\u0105 o ochronie zdrowia zwierz\u0105t oraz o zwalczaniu chor\u00f3b zaka\u017anych zwierz\u0105t psy musz\u0105 posiada\u0107 obowi\u0105zkowe szczepienia przeciwko w\u015bciekli\u017anie.<\/p>\n\n\n\n<p>\u0179r\u00f3d\u0142o: www.sm.czestochowa.pl <\/p>\n","protected":false},"excerpt":{"rendered":"<p>Stra\u017c Miejska w Cz\u0119stochowie przypomina wszystkim w\u0142a\u015bcicielom ps\u00f3w o obowi\u0105zku sprz\u0105tania po swoich pupilach w miejscach og\u00f3lnodost\u0119pnych. Nale\u017cy przypomnie\u0107, \u017ce za\u015bmiecanie miejsc publicznych jest<\/p>\n","protected":false},"author":25,"featured_media":106060,"comment_status":"closed","ping_status":"open","sticky":false,"template":"","format":"standard","meta":{"_monsterinsights_skip_tracking":false,"_monsterinsights_sitenote_active":false,"_monsterinsights_sitenote_note":"","_monsterinsights_sitenote_category":0,"_uf_show_specific_survey":0,"_uf_disable_surveys":false,"footnotes":""},"categories":[94,3,2],"tags":[],"class_list":["post-134114","post","type-post","status-publish","format-standard","has-post-thumbnail","hentry","category-polecane","category-czestochowa-informacje","category-wiadomosci"],"_links":{"self":[{"href":"https:\/\/gazetaregionalna.com\/index.php?rest_route=\/wp\/v2\/posts\/134114","targetHints":{"allow":["GET"]}}],"collection":[{"href":"https:\/\/gazetaregionalna.com\/index.php?rest_route=\/wp\/v2\/posts"}],"about":[{"href":"https:\/\/gazetaregionalna.com\/index.php?rest_route=\/wp\/v2\/types\/post"}],"author":[{"embeddable":true,"href":"https:\/\/gazetaregionalna.com\/index.php?rest_route=\/wp\/v2\/users\/25"}],"replies":[{"embeddable":true,"href":"https:\/\/gazetaregionalna.com\/index.php?rest_route=%2Fwp%2Fv2%2Fcomments&post=134114"}],"version-history":[{"count":1,"href":"https:\/\/gazetaregionalna.com\/index.php?rest_route=\/wp\/v2\/posts\/134114\/revisions"}],"predecessor-version":[{"id":134115,"href":"https:\/\/gazetaregionalna.com\/index.php?rest_route=\/wp\/v2\/posts\/134114\/revisions\/134115"}],"wp:featuredmedia":[{"embeddable":true,"href":"https:\/\/gazetaregionalna.com\/index.php?rest_route=\/wp\/v2\/media\/106060"}],"wp:attachment":[{"href":"https:\/\/gazetaregionalna.com\/index.php?rest_route=%2Fwp%2Fv2%2Fmedia&parent=134114"}],"wp:term":[{"taxonomy":"category","embeddable":true,"href":"https:\/\/gazetaregionalna.com\/index.php?rest_route=%2Fwp%2Fv2%2Fcategories&post=134114"},{"taxonomy":"post_tag","embeddable":true,"href":"https:\/\/gazetaregionalna.com\/index.php?rest_route=%2Fwp%2Fv2%2Ftags&post=134114"}],"curies":[{"name":"wp","href":"https:\/\/api.w.org\/{rel}","templated":true}]}}