{"id":134014,"date":"2025-02-24T21:24:58","date_gmt":"2025-02-24T21:24:58","guid":{"rendered":"https:\/\/gazetaregionalna.com\/?p=134014"},"modified":"2025-02-24T21:39:08","modified_gmt":"2025-02-24T21:39:08","slug":"trwa-tydzien-pomocy-osobom-pokrzywdzonym-przestepstwem","status":"publish","type":"post","link":"https:\/\/gazetaregionalna.com\/?p=134014","title":{"rendered":"Trwa Tydzie\u0144 Pomocy Osobom Pokrzywdzonym Przest\u0119pstwem. Z bezp\u0142atnej porady mo\u017cna skorzysta\u0107 tak\u017ce w Cz\u0119stochowie"},"content":{"rendered":"\n<h2 class=\"wp-block-heading\">W ca\u0142ym kraju trwa Tydzie\u0144 Pomocy Osobom Pokrzywdzonym Przest\u0119pstwem. W akcji bior\u0105 udzia\u0142 tak\u017ce prokuratury okr\u0119gu cz\u0119stochowskiego. Jak skorzysta\u0107 z pomocy? <\/h2>\n\n\n\n<p>Obchody Tygodnia Pomocy Osobom Pokrzywdzonym Przest\u0119pstwem rozpocz\u0119\u0142y si\u0119 w poniedzia\u0142ek, 24 lutego. W akcj\u0119 w\u0142\u0105czaj\u0105 si\u0119 s\u0105dy, prokuratury, komendy policji, prawnicze samorz\u0105dy zawodowe oraz organizacje pozarz\u0105dowe w ca\u0142ej Polsce. Dzi\u0119ki temu osoby dotkni\u0119te przest\u0119pstwem mog\u0105 otrzyma\u0107 bezp\u0142atn\u0105 porad\u0119.<\/p>\n\n\n\n<p>W ramach tej inicjatywy prokuratury okr\u0119gu cz\u0119stochowskiego przyjmuj\u0105 osoby szukaj\u0105ce pomocy oraz porady w konkretnych terminach i lokalizacjach.<\/p>\n\n\n\n<p>Gdzie szuka\u0107 pomocy? Oto szczeg\u00f3\u0142y:<br>1) w Prokuraturze Okr\u0119gowej w Cz\u0119stochowie, przy ul. D\u0105browskiego 23\/35, w godzinach 8.30 &#8211; 14.30 w dniach:<br>\u2022 25.02.2025 r. pok\u00f3j nr 21a,<br>\u2022 26.02.2025 r. pok\u00f3j nr 13,<br>\u2022 27.02.2025 r. pok\u00f3j nr 7,<br>\u2022 28.02.2025 r. pok\u00f3j nr 7,<br><\/p>\n\n\n\n<p>2) w Prokuraturze Rejonowej Cz\u0119stochowa &#8211; P\u00f3\u0142noc w Cz\u0119stochowie, przy ul. Sikorskiego 80, w godzinach 8.30 &#8211; 14.30 w dniach:<br>\u2022 25.02.2025 r. pokoje nr 18 i 9,<br>\u2022 26.02.2025 r. pokoje nr 17 i 3,<br>\u2022 27.02.2025 r. pokoje nr 17 i 2,<br>\u2022 28.02.2025 r. pokoje nr 1 i 08,<br><\/p>\n\n\n\n<p>3) w Prokuraturze Rejonowej Cz\u0119stochowa-Po\u0142udnie w Cz\u0119stochowie, przy ul. Sikorskiego 80, w godzinach 8.30 \u2013 14.30 w dniach:<br>\u2022 25.02.2025 r. pokoje nr 32 i 38,<br>\u2022 26.02.2025 r. pokoje nr 32 i 38,<br>\u2022 27.02.2025 r. pokoje nr 32 i 38,<br>\u2022 28.02.2025 r. pokoje nr 32 i 38,<br><\/p>\n\n\n\n<p>4) w Prokuraturze Rejonowej w Cz\u0119stochowie, przy ul. Kili\u0144skiego 23, w godzinach 8.00 \u2013 15.00 w dniach:<br>\u2022 25.02.2025 r. pokoje nr 14 i 10,<br>\u2022 26.02.2025 r. pokoje nr 14 i 10,<br>\u2022 27.02.2025 r. pokoje nr 14 i 10,<br>\u2022 28.02.2025 r. pokoje nr 14 i 10,<\/p>\n\n\n\n<p>5) w Prokuraturze Rejonowej w Lubli\u0144cu, przy ul. Plebiscytowej 30, w godz. 7.30 \u2013 15.30 w dniach:<br>\u2022 25.02.2025 r. pok\u00f3j nr 12,<br>\u2022 26.02.2025 r. pok\u00f3j nr 6,<br>\u2022 27.02.2025 r. pok\u00f3j nr 11,<br>\u2022 28.02.2025 r. pok\u00f3j nr 11,<\/p>\n\n\n\n<p>6) w Prokuraturze Rejonowej w Myszkowie, przy ul. Ko\u015bcielnej 15, w godz. 7.30 \u2013 15.30 w dniach:<br>\u2022 25.02.2025 r. pokoje nr 19 i 16a,<br>\u2022 26.02.2025 r. pokoje nr 19 i 16a,<br>\u2022 27.02.2025 r. pokoje nr 19 i 16a,<br>\u2022 28.02.2025 r. pokoje nr 19 i 16a.<\/p>\n\n\n\n<p>Przez ca\u0142y rok osoby pokrzywdzone przest\u0119pstwem mog\u0105 zg\u0142asza\u0107 si\u0119 do plac\u00f3wek finansowanych ze \u015brodk\u00f3w Funduszu Sprawiedliwo\u015bci. To ponad 300 miejsc dzia\u0142aj\u0105cych w ca\u0142ej Polsce, w kt\u00f3rych mo\u017cna uzyska\u0107 bezp\u0142atn\u0105, szybk\u0105 i profesjonaln\u0105 pomoc. Prawn\u0105 i psychologiczn\u0105, a w razie potrzeby r\u00f3wnie\u017c materialn\u0105, dostosowan\u0105 do potrzeb. Wykaz plac\u00f3wek znajduje si\u0119 na stronie Funduszu Sprawiedliwo\u015bci:<br><a href=\"https:\/\/www.funduszsprawiedliwosci.gov.pl\/pl\/znajdz-osrodek-pomocy\/\" target=\"_blank\" rel=\"noreferrer noopener\"><strong>www.funduszsprawiedliwosci.gov.pl<\/strong><\/a><\/p>\n\n\n\n<p>Do kontaktu s\u0142u\u017cy r\u00f3wnie\u017c ca\u0142odobowa og\u00f3lnokrajowa Linia Pomocy Pokrzywdzonym (+48 222 309 900) oraz specjalny adres e-mail: info@numersos.pl<\/p>\n\n\n\n<p>red. mat. UM Cz\u0119stochowy<\/p>\n","protected":false},"excerpt":{"rendered":"<p>W ca\u0142ym kraju trwa Tydzie\u0144 Pomocy Osobom Pokrzywdzonym Przest\u0119pstwem. W akcji bior\u0105 udzia\u0142 tak\u017ce prokuratury okr\u0119gu cz\u0119stochowskiego. Jak skorzysta\u0107 z pomocy? Obchody Tygodnia Pomocy<\/p>\n","protected":false},"author":11,"featured_media":134016,"comment_status":"closed","ping_status":"open","sticky":false,"template":"","format":"standard","meta":{"_monsterinsights_skip_tracking":false,"_monsterinsights_sitenote_active":false,"_monsterinsights_sitenote_note":"","_monsterinsights_sitenote_category":0,"_uf_show_specific_survey":0,"_uf_disable_surveys":false,"footnotes":""},"categories":[3,94,2],"tags":[144,467,3986,360],"class_list":["post-134014","post","type-post","status-publish","format-standard","has-post-thumbnail","hentry","category-czestochowa-informacje","category-polecane","category-wiadomosci","tag-czestochowa","tag-pomoc","tag-porady","tag-tydzien-pomocy-osobom-pokrzywdzonym-przestepstwem"],"_links":{"self":[{"href":"https:\/\/gazetaregionalna.com\/index.php?rest_route=\/wp\/v2\/posts\/134014","targetHints":{"allow":["GET"]}}],"collection":[{"href":"https:\/\/gazetaregionalna.com\/index.php?rest_route=\/wp\/v2\/posts"}],"about":[{"href":"https:\/\/gazetaregionalna.com\/index.php?rest_route=\/wp\/v2\/types\/post"}],"author":[{"embeddable":true,"href":"https:\/\/gazetaregionalna.com\/index.php?rest_route=\/wp\/v2\/users\/11"}],"replies":[{"embeddable":true,"href":"https:\/\/gazetaregionalna.com\/index.php?rest_route=%2Fwp%2Fv2%2Fcomments&post=134014"}],"version-history":[{"count":1,"href":"https:\/\/gazetaregionalna.com\/index.php?rest_route=\/wp\/v2\/posts\/134014\/revisions"}],"predecessor-version":[{"id":134015,"href":"https:\/\/gazetaregionalna.com\/index.php?rest_route=\/wp\/v2\/posts\/134014\/revisions\/134015"}],"wp:featuredmedia":[{"embeddable":true,"href":"https:\/\/gazetaregionalna.com\/index.php?rest_route=\/wp\/v2\/media\/134016"}],"wp:attachment":[{"href":"https:\/\/gazetaregionalna.com\/index.php?rest_route=%2Fwp%2Fv2%2Fmedia&parent=134014"}],"wp:term":[{"taxonomy":"category","embeddable":true,"href":"https:\/\/gazetaregionalna.com\/index.php?rest_route=%2Fwp%2Fv2%2Fcategories&post=134014"},{"taxonomy":"post_tag","embeddable":true,"href":"https:\/\/gazetaregionalna.com\/index.php?rest_route=%2Fwp%2Fv2%2Ftags&post=134014"}],"curies":[{"name":"wp","href":"https:\/\/api.w.org\/{rel}","templated":true}]}}