{"id":133955,"date":"2025-02-22T16:14:43","date_gmt":"2025-02-22T16:14:43","guid":{"rendered":"https:\/\/gazetaregionalna.com\/?p=133955"},"modified":"2025-02-22T16:14:44","modified_gmt":"2025-02-22T16:14:44","slug":"w-probie-generalnej-pilkarze-skry-czestochowa-zremisowali-z-kks-kalisz-maja-tez-nowego-brazylijczyka","status":"publish","type":"post","link":"https:\/\/gazetaregionalna.com\/?p=133955","title":{"rendered":"W pr\u00f3bie generalnej pi\u0142karze Skry Cz\u0119stochowa zremisowali z KKS Kalisz. Maj\u0105 te\u017c nowego Brazylijczyka&#8230;"},"content":{"rendered":"\n<p>W ostatnim meczu sparingowym pi\u0142karze 2. ligowej Skry Cz\u0119stochowa bezbramkowo zremisowali z KKS Kalisz 0:0. Dzia\u0142acze pozyskali te\u017c pi\u0142karza z Brazylii&#8230;<\/p>\n\n\n\n<p>Pi\u0142karze Skry w Pleszewie rozegrali ostatni mecz kontrolny przed wznowieniem rozgrywek w 2. lidze. Cz\u0119stochowianie zremisowali 0:0. W okresie przygotowawczym prezentowali si\u0119 z bardzo dobrej strony i wygrali wi\u0119kszo\u015b\u0107 sparing\u00f3w&#8230;<\/p>\n\n\n\n<p>Dzia\u0142acze Skry mog\u0105 pochwali\u0107 si\u0119 te\u017c tym, \u017ce do kadry cz\u0119stochowskiego 2-ligowca do\u0142\u0105czy\u0142 Bruno Garcia Marcante.<\/p>\n\n\n\n<p>Tak o nowym nabytku wypowiada si\u0119 Skra na swojej oficjalnej stronie internetowej. \u201eUrodzony w 1997 roku zawodnik do Europy trafi\u0142 w wieku 19 lat. Najpierw pr\u00f3bowa\u0142 swoich si\u0142 w lidze francuskiej, sk\u0105d przeni\u00f3s\u0142 si\u0119 do Polski. W latach 2020-2023 broni\u0142 barw kolejno Miedzi Legnica i Resovii Rzesz\u00f3w. Na pierwszoligowych boiskach rozegra\u0142 \u0142\u0105cznie 28 mecz\u00f3w, w kt\u00f3rych 5-krotnie lokowa\u0142 pi\u0142k\u0119 w siatce. Po odej\u015bciu z Resovii gra\u0142 w Bu\u0142garii i Iraku, a ostatni\u0105 rund\u0119 sp\u0119dzi\u0142 w lidze cypryjskiej. W 15 meczach zdoby\u0142 dwie bramki.<\/p>\n\n\n\n<p>\u2013 Uwa\u017cam, \u017ce mamy dobry zesp\u00f3\u0142 i wiele do zrobienia przed sob\u0105. Wiadomo w jakiej sytuacji w tabeli jest Skra i naszym zadaniem b\u0119dzie awansowa\u0107 jak najwy\u017cej i przede wszystkim wydosta\u0107 si\u0119 ze strefy spadkowej. Jeste\u015bmy w stanie to zrobi\u0107 i jestem przekonany, \u017ce wszystko b\u0119dzie dobrze \u2013 zapewni\u0142 Bruno tu\u017c po parafowaniu umowy z klubem.\u201d<\/p>\n\n\n\n<p>AK, fot: materia\u0142y prasowe Skry<\/p>\n\n\n\n<p>KKS Kalisz \u2013 Skra Cz\u0119stochowa 0:0<\/p>\n\n\n\n<p>Skra: Kramarz \u2013 Majewski, Estigarribia (52. Sadowski), Le\u015bniak-Paduch (75. zawodnik testowany II), \u0141awrynowicz (75. Wire\u0144ski), Ko\u0142odziejczyk (62. Wr\u00f3bel), Sobczak (70\u2032 Winciersz), Kaczorowski (70\u2032 Owczarek) \u2013 Noco\u0144 (62\u2032 Szywacz), Niedba\u0142a (75\u2032 Sukiennicki), zawodnik testowany I (75\u2032 Noworyta).<\/p>\n\n\n\n<p>Partnerami relacji sportowych s\u0105:<\/p>\n\n\n\n<p>DMK Invest materia\u0142y budowlane Konopiska (<a href=\"http:\/\/www.dmkinvest.pl\/\" target=\"_blank\" rel=\"noopener\">www.dmkinvest.pl<\/a>)<\/p>\n\n\n\n<p>W\u0142odar Developer Cz\u0119stochowa (<a href=\"http:\/\/www.wlodardeveloper.pl\/\" target=\"_blank\" rel=\"noopener\">www.wlodardeveloper.pl<\/a>)<\/p>\n\n\n\n<figure class=\"wp-block-image size-full\"><img decoding=\"async\" width=\"820\" height=\"1024\" data-src=\"https:\/\/gazetaregionalna.com\/wp-content\/uploads\/2025\/02\/Bruno-Skra-fot-klub.jpg\" alt=\"\" class=\"wp-image-133956 lazyload\" data-srcset=\"https:\/\/gazetaregionalna.com\/wp-content\/uploads\/2025\/02\/Bruno-Skra-fot-klub.jpg 820w, https:\/\/gazetaregionalna.com\/wp-content\/uploads\/2025\/02\/Bruno-Skra-fot-klub-240x300.jpg 240w, https:\/\/gazetaregionalna.com\/wp-content\/uploads\/2025\/02\/Bruno-Skra-fot-klub-768x959.jpg 768w\" data-sizes=\"(max-width: 820px) 100vw, 820px\" src=\"data:image\/svg+xml;base64,PHN2ZyB3aWR0aD0iMSIgaGVpZ2h0PSIxIiB4bWxucz0iaHR0cDovL3d3dy53My5vcmcvMjAwMC9zdmciPjwvc3ZnPg==\" style=\"--smush-placeholder-width: 820px; --smush-placeholder-aspect-ratio: 820\/1024;\" \/><\/figure>\n\n\n\n<figure class=\"wp-block-image size-large\"><img decoding=\"async\" width=\"1024\" height=\"1024\" data-src=\"https:\/\/gazetaregionalna.com\/wp-content\/uploads\/2024\/04\/DMK-Invest-3-1024x1024.jpg\" alt=\"\" class=\"wp-image-123884 lazyload\" data-srcset=\"https:\/\/gazetaregionalna.com\/wp-content\/uploads\/2024\/04\/DMK-Invest-3-1024x1024.jpg 1024w, https:\/\/gazetaregionalna.com\/wp-content\/uploads\/2024\/04\/DMK-Invest-3-300x300.jpg 300w, https:\/\/gazetaregionalna.com\/wp-content\/uploads\/2024\/04\/DMK-Invest-3-150x150.jpg 150w, https:\/\/gazetaregionalna.com\/wp-content\/uploads\/2024\/04\/DMK-Invest-3-768x768.jpg 768w, https:\/\/gazetaregionalna.com\/wp-content\/uploads\/2024\/04\/DMK-Invest-3-1536x1536.jpg 1536w, https:\/\/gazetaregionalna.com\/wp-content\/uploads\/2024\/04\/DMK-Invest-3-2048x2048.jpg 2048w, https:\/\/gazetaregionalna.com\/wp-content\/uploads\/2024\/04\/DMK-Invest-3-215x215.jpg 215w, https:\/\/gazetaregionalna.com\/wp-content\/uploads\/2024\/04\/DMK-Invest-3-scaled.jpg 1600w\" data-sizes=\"(max-width: 1024px) 100vw, 1024px\" src=\"data:image\/svg+xml;base64,PHN2ZyB3aWR0aD0iMSIgaGVpZ2h0PSIxIiB4bWxucz0iaHR0cDovL3d3dy53My5vcmcvMjAwMC9zdmciPjwvc3ZnPg==\" style=\"--smush-placeholder-width: 1024px; --smush-placeholder-aspect-ratio: 1024\/1024;\" \/><\/figure>\n\n\n\n<figure class=\"wp-block-image size-large\"><img decoding=\"async\" width=\"1024\" height=\"1024\" data-src=\"https:\/\/gazetaregionalna.com\/wp-content\/uploads\/2025\/01\/Wlodar-Poleska-fb-1-1024x1024.jpg\" alt=\"\" class=\"wp-image-133182 lazyload\" data-srcset=\"https:\/\/gazetaregionalna.com\/wp-content\/uploads\/2025\/01\/Wlodar-Poleska-fb-1-1024x1024.jpg 1024w, https:\/\/gazetaregionalna.com\/wp-content\/uploads\/2025\/01\/Wlodar-Poleska-fb-1-300x300.jpg 300w, https:\/\/gazetaregionalna.com\/wp-content\/uploads\/2025\/01\/Wlodar-Poleska-fb-1-150x150.jpg 150w, https:\/\/gazetaregionalna.com\/wp-content\/uploads\/2025\/01\/Wlodar-Poleska-fb-1-768x768.jpg 768w, https:\/\/gazetaregionalna.com\/wp-content\/uploads\/2025\/01\/Wlodar-Poleska-fb-1-215x215.jpg 215w, https:\/\/gazetaregionalna.com\/wp-content\/uploads\/2025\/01\/Wlodar-Poleska-fb-1.jpg 1080w\" data-sizes=\"(max-width: 1024px) 100vw, 1024px\" src=\"data:image\/svg+xml;base64,PHN2ZyB3aWR0aD0iMSIgaGVpZ2h0PSIxIiB4bWxucz0iaHR0cDovL3d3dy53My5vcmcvMjAwMC9zdmciPjwvc3ZnPg==\" style=\"--smush-placeholder-width: 1024px; --smush-placeholder-aspect-ratio: 1024\/1024;\" \/><\/figure>\n","protected":false},"excerpt":{"rendered":"<p>W ostatnim meczu sparingowym pi\u0142karze 2. ligowej Skry Cz\u0119stochowa bezbramkowo zremisowali z KKS Kalisz 0:0. Dzia\u0142acze pozyskali te\u017c pi\u0142karza z Brazylii&#8230; Pi\u0142karze Skry w<\/p>\n","protected":false},"author":15,"featured_media":133956,"comment_status":"closed","ping_status":"open","sticky":false,"template":"","format":"standard","meta":{"_monsterinsights_skip_tracking":false,"_monsterinsights_sitenote_active":false,"_monsterinsights_sitenote_note":"","_monsterinsights_sitenote_category":0,"_uf_show_specific_survey":0,"_uf_disable_surveys":false,"footnotes":""},"categories":[94,6,5],"tags":[],"class_list":["post-133955","post","type-post","status-publish","format-standard","has-post-thumbnail","hentry","category-polecane","category-pilka-nozna","category-sport"],"_links":{"self":[{"href":"https:\/\/gazetaregionalna.com\/index.php?rest_route=\/wp\/v2\/posts\/133955","targetHints":{"allow":["GET"]}}],"collection":[{"href":"https:\/\/gazetaregionalna.com\/index.php?rest_route=\/wp\/v2\/posts"}],"about":[{"href":"https:\/\/gazetaregionalna.com\/index.php?rest_route=\/wp\/v2\/types\/post"}],"author":[{"embeddable":true,"href":"https:\/\/gazetaregionalna.com\/index.php?rest_route=\/wp\/v2\/users\/15"}],"replies":[{"embeddable":true,"href":"https:\/\/gazetaregionalna.com\/index.php?rest_route=%2Fwp%2Fv2%2Fcomments&post=133955"}],"version-history":[{"count":1,"href":"https:\/\/gazetaregionalna.com\/index.php?rest_route=\/wp\/v2\/posts\/133955\/revisions"}],"predecessor-version":[{"id":133957,"href":"https:\/\/gazetaregionalna.com\/index.php?rest_route=\/wp\/v2\/posts\/133955\/revisions\/133957"}],"wp:featuredmedia":[{"embeddable":true,"href":"https:\/\/gazetaregionalna.com\/index.php?rest_route=\/wp\/v2\/media\/133956"}],"wp:attachment":[{"href":"https:\/\/gazetaregionalna.com\/index.php?rest_route=%2Fwp%2Fv2%2Fmedia&parent=133955"}],"wp:term":[{"taxonomy":"category","embeddable":true,"href":"https:\/\/gazetaregionalna.com\/index.php?rest_route=%2Fwp%2Fv2%2Fcategories&post=133955"},{"taxonomy":"post_tag","embeddable":true,"href":"https:\/\/gazetaregionalna.com\/index.php?rest_route=%2Fwp%2Fv2%2Ftags&post=133955"}],"curies":[{"name":"wp","href":"https:\/\/api.w.org\/{rel}","templated":true}]}}