{"id":133898,"date":"2025-02-20T20:30:40","date_gmt":"2025-02-20T20:30:40","guid":{"rendered":"https:\/\/gazetaregionalna.com\/?p=133898"},"modified":"2025-02-20T20:32:29","modified_gmt":"2025-02-20T20:32:29","slug":"program-aktywizacji-osob-bezrobotnych","status":"publish","type":"post","link":"https:\/\/gazetaregionalna.com\/?p=133898","title":{"rendered":"PUP. 15,3 mln z\u0142 na program aktywizacji os\u00f3b bezrobotnych zarejestrowanych w cz\u0119stochowskiej plac\u00f3wce"},"content":{"rendered":"\n<h2 class=\"wp-block-heading\">Powiatowy Urz\u0105d Pracy w Cz\u0119stochowie od stycznia realizuje projekt o warto\u015bci 15,3 mln z\u0142. To wsp\u00f3\u0142finansowany ze \u015brodk\u00f3w europejskich program aktywizacji os\u00f3b bezrobotnych zarejestrowanych w cz\u0119stochowskiej plac\u00f3wce.<\/h2>\n\n\n\n<p>Celem projektu realizowanego przez Powiatowy Urz\u0105d Pracy w Cz\u0119stochowie jest zwi\u0119kszenie mo\u017cliwo\u015bci zatrudnienia i samozatrudnienia os\u00f3b bezrobotnych nale\u017c\u0105cych do konkretnych grup docelowych. Chodzi o osoby m\u0142ode w wieku 18-29 lat (kobiety i m\u0119\u017cczy\u017ani), zw\u0142aszcza: m\u0142odzie\u017c NEET, osoby samotnie wychowuj\u0105ce dzieci, osoby opuszczaj\u0105ce piecz\u0119 zast\u0119pcz\u0105, osoby pochodzenia migranckiego. Projekt dotyczy r\u00f3wnie\u017c os\u00f3b powy\u017cej 30. roku \u017cycia, zw\u0142aszcza znajduj\u0105cych si\u0119 w najtrudniejszej sytuacji na rynku pracy, tj.: kobiety, osoby w\u00a0wieku 50 lat i wi\u0119cej, osoby z\u00a0niepe\u0142nosprawno\u015bciami, osoby d\u0142ugotrwale bezrobotne, osoby o niskich kwalifikacjach.<\/p>\n\n\n\n<p>W okresie realizacji projektu (do 31 grudnia 2026 r.) jego uczestnicy b\u0119d\u0105 obj\u0119ci wsparciem w postaci: po\u015brednictwa pracy lub poradnictwa zawodowego, sta\u017cy, jednorazowych \u015brodk\u00f3w na podj\u0119cie dzia\u0142alno\u015bci gospodarczej, refundacji koszt\u00f3w wyposa\u017cenia lub doposa\u017cenia stanowiska pracy czy prac interwencyjnych.<\/p>\n\n\n\n<p>Warto\u015b\u0107 projektu wynosi 15,3 mln z\u0142, w tym dofinansowanie z UE 13 mln z\u0142 oraz z bud\u017cetu Pa\u0144stwa 2,3 mln z\u0142.<\/p>\n\n\n\n<figure class=\"wp-block-image size-large\"><img decoding=\"async\" width=\"1024\" height=\"699\" data-src=\"https:\/\/gazetaregionalna.com\/wp-content\/uploads\/2025\/02\/80637-1024x699.jpg\" alt=\"\" class=\"wp-image-133901 lazyload\" data-srcset=\"https:\/\/gazetaregionalna.com\/wp-content\/uploads\/2025\/02\/80637-1024x699.jpg 1024w, https:\/\/gazetaregionalna.com\/wp-content\/uploads\/2025\/02\/80637-300x205.jpg 300w, https:\/\/gazetaregionalna.com\/wp-content\/uploads\/2025\/02\/80637-768x524.jpg 768w, https:\/\/gazetaregionalna.com\/wp-content\/uploads\/2025\/02\/80637.jpg 1226w\" data-sizes=\"(max-width: 1024px) 100vw, 1024px\" src=\"data:image\/svg+xml;base64,PHN2ZyB3aWR0aD0iMSIgaGVpZ2h0PSIxIiB4bWxucz0iaHR0cDovL3d3dy53My5vcmcvMjAwMC9zdmciPjwvc3ZnPg==\" style=\"--smush-placeholder-width: 1024px; --smush-placeholder-aspect-ratio: 1024\/699;\" \/><\/figure>\n\n\n\n<p>Projektu pn. \u201eAktywizacja os\u00f3b bezrobotnych zarejestrowanych w Powiatowym Urz\u0119dzie Pracy w\u00a0Cz\u0119stochowie II\u201d jest wsp\u00f3\u0142finansowany ze \u015brodk\u00f3w Europejskiego Funduszu Spo\u0142ecznego Plus (EFS+) w ramach Programu Fundusze Europejskie dla \u015al\u0105skiego 2021-2027, Priorytet FESL.05\u00a0Fundusze Europejskie dla rynku pracy, Dzia\u0142anie FESL.05.01 Aktywizacja zawodowa poprzez PUP.<\/p>\n\n\n\n<p>Szczeg\u00f3\u0142y mo\u017cna znale\u017a\u0107 na stronie <a href=\"https:\/\/czestochowa.praca.gov.pl\/-\/aktywizacja-osob-bezrobotnych-zarejestrowanych-w-powiatowym-urzedzie-pracy-w-czestochowie-ii\" target=\"_blank\" rel=\"noopener\">czestochowa.praca.gov.pl.<\/a><\/p>\n","protected":false},"excerpt":{"rendered":"<p>Powiatowy Urz\u0105d Pracy w Cz\u0119stochowie od stycznia realizuje projekt o warto\u015bci 15,3 mln z\u0142. To wsp\u00f3\u0142finansowany ze \u015brodk\u00f3w europejskich program aktywizacji os\u00f3b bezrobotnych zarejestrowanych<\/p>\n","protected":false},"author":11,"featured_media":133900,"comment_status":"closed","ping_status":"open","sticky":false,"template":"","format":"standard","meta":{"_monsterinsights_skip_tracking":false,"_monsterinsights_sitenote_active":false,"_monsterinsights_sitenote_note":"","_monsterinsights_sitenote_category":0,"_uf_show_specific_survey":0,"_uf_disable_surveys":false,"footnotes":""},"categories":[3,36,2],"tags":[9576,144,505,4051,1614,2919],"class_list":["post-133898","post","type-post","status-publish","format-standard","has-post-thumbnail","hentry","category-czestochowa-informacje","category-praca","category-wiadomosci","tag-aktywizacja-osob-bezrobotnych","tag-czestochowa","tag-dofinansowanie","tag-powiatowy-urzad-pracy-w-czestochowie","tag-program","tag-projekt"],"_links":{"self":[{"href":"https:\/\/gazetaregionalna.com\/index.php?rest_route=\/wp\/v2\/posts\/133898","targetHints":{"allow":["GET"]}}],"collection":[{"href":"https:\/\/gazetaregionalna.com\/index.php?rest_route=\/wp\/v2\/posts"}],"about":[{"href":"https:\/\/gazetaregionalna.com\/index.php?rest_route=\/wp\/v2\/types\/post"}],"author":[{"embeddable":true,"href":"https:\/\/gazetaregionalna.com\/index.php?rest_route=\/wp\/v2\/users\/11"}],"replies":[{"embeddable":true,"href":"https:\/\/gazetaregionalna.com\/index.php?rest_route=%2Fwp%2Fv2%2Fcomments&post=133898"}],"version-history":[{"count":2,"href":"https:\/\/gazetaregionalna.com\/index.php?rest_route=\/wp\/v2\/posts\/133898\/revisions"}],"predecessor-version":[{"id":133903,"href":"https:\/\/gazetaregionalna.com\/index.php?rest_route=\/wp\/v2\/posts\/133898\/revisions\/133903"}],"wp:featuredmedia":[{"embeddable":true,"href":"https:\/\/gazetaregionalna.com\/index.php?rest_route=\/wp\/v2\/media\/133900"}],"wp:attachment":[{"href":"https:\/\/gazetaregionalna.com\/index.php?rest_route=%2Fwp%2Fv2%2Fmedia&parent=133898"}],"wp:term":[{"taxonomy":"category","embeddable":true,"href":"https:\/\/gazetaregionalna.com\/index.php?rest_route=%2Fwp%2Fv2%2Fcategories&post=133898"},{"taxonomy":"post_tag","embeddable":true,"href":"https:\/\/gazetaregionalna.com\/index.php?rest_route=%2Fwp%2Fv2%2Ftags&post=133898"}],"curies":[{"name":"wp","href":"https:\/\/api.w.org\/{rel}","templated":true}]}}