{"id":133864,"date":"2025-02-21T09:05:49","date_gmt":"2025-02-21T09:05:49","guid":{"rendered":"https:\/\/gazetaregionalna.com\/?p=133864"},"modified":"2025-07-30T12:41:50","modified_gmt":"2025-07-30T12:41:50","slug":"zwierzeta-jury","status":"publish","type":"post","link":"https:\/\/gazetaregionalna.com\/?p=133864","title":{"rendered":"Ekologiczne ABC. Zwierz\u0119ta Jury \u2013 niesamowite lekcje przyrody w Muzeum Dawnych Rzemios\u0142 w \u017careckim Starym M\u0142ynie"},"content":{"rendered":"\n<h3 class=\"wp-block-heading has-text-color has-link-color wp-elements-d3b373b77b0fda610caa810726c51f9d\" style=\"color:#004313\"><strong>Fascynuj\u0105ce lekcje przyrody pt. \u201eZwierz\u0119ta Jury\u201d proponuje Muzeum w Starym M\u0142ynie w \u017barkach. Zorganizowane grupy mog\u0105 skorzysta\u0107 z tej oferty do 1 marca. Lekcje odbywaj\u0105 si\u0119 w scenerii dawnej klasy z przedwojennym wyposa\u017ceniem. Zaj\u0119cia prowadzi przewodnik jurajski \u2013 Piotr Klasi\u0144ski.<\/strong><\/h3>\n\n\n\n<p class=\"has-text-color has-link-color wp-elements-7c067e46ee73bab57d33f80a5c791b33\" style=\"color:#004313\">Podczas lekcji \u201eZwierz\u0119ta Jury\u201d uczniowie rozwijaj\u0105 wiedz\u0119 na temat mieszka\u0144c\u00f3w jurajskich p\u00f3l i las\u00f3w, ucz\u0105 si\u0119 jak obserwowa\u0107 przyrod\u0119, a tak\u017ce zdobywaj\u0105 odpowiedzi na pytania: Jak si\u0119 komunikuj\u0105 wilki? Jakie zwierz\u0119 zostawi\u0105 najwi\u0119ksze \u015blady w lesie? Dlaczego nietoperze wisz\u0105 do g\u00f3ry nogami? Czy wilki zawsze \u017cyj\u0105 w stadach? Co jedz\u0105 borsuki? Dlaczego ochrona przyrody jest tak wa\u017cna? Atrakcj\u0105 zaj\u0119\u0107 s\u0105 ciekawe eksponaty \u2013 prawdziwe poro\u017ca sarny, jelenia czy \u0142osia oraz imponuj\u0105ca kolekcja chrz\u0105szczy.<\/p>\n\n\n\n<p><\/p>\n\n\n\n<figure class=\"wp-block-video\"><video height=\"1080\" style=\"aspect-ratio: 1920 \/ 1080;\" width=\"1920\" controls src=\"https:\/\/gazetaregionalna.com\/wp-content\/uploads\/2025\/02\/Zwierzeta-Jury.mp4\"><\/video><\/figure>\n\n\n\n<p><\/p>\n\n\n\n<p class=\"has-text-color has-link-color wp-elements-7c690fb15a50654b7f2b0abfcce93737\" style=\"color:#004313\">Zaj\u0119cia \u201eZwierz\u0119ta Jury\u201d stanowi\u0105 idealne uzupe\u0142nienie podstawy programowej lekcji przyrody czy biologii. Wi\u0119cej informacji na temat tych niecodziennych zaj\u0119\u0107 mo\u017cna uzyska\u0107 dzwoni\u0105c pod nr tel. 690&nbsp;070&nbsp;772. Lekcje przyrody mo\u017cna po\u0142\u0105czy\u0107 ze zwiedzaniem sta\u0142ej ekspozycji Muzeum w Starym M\u0142ynie. <\/p>\n\n\n\n<p>red.<\/p>\n\n\n\n<figure class=\"wp-block-image size-full\"><img decoding=\"async\" width=\"767\" height=\"99\" data-src=\"https:\/\/gazetaregionalna.com\/wp-content\/uploads\/2025\/07\/WFOSiGW-Material.png\" alt=\"\" class=\"wp-image-139648 lazyload\" data-srcset=\"https:\/\/gazetaregionalna.com\/wp-content\/uploads\/2025\/07\/WFOSiGW-Material.png 767w, https:\/\/gazetaregionalna.com\/wp-content\/uploads\/2025\/07\/WFOSiGW-Material-300x39.png 300w\" data-sizes=\"(max-width: 767px) 100vw, 767px\" src=\"data:image\/svg+xml;base64,PHN2ZyB3aWR0aD0iMSIgaGVpZ2h0PSIxIiB4bWxucz0iaHR0cDovL3d3dy53My5vcmcvMjAwMC9zdmciPjwvc3ZnPg==\" style=\"--smush-placeholder-width: 767px; --smush-placeholder-aspect-ratio: 767\/99;\" \/><\/figure>\n\n\n\n<p>Za tre\u015bci zawarte w materiale dofinansowanym ze \u015brodk\u00f3w <a href=\"https:\/\/wfosigw.katowice.pl\/\" target=\"_blank\" rel=\"noreferrer noopener\">WFO\u015aiGW<\/a> w Katowicach odpowiedzialno\u015b\u0107 ponosi redakcja.<\/p>\n\n\n\n<p>Czytaj tak\u017ce: <a href=\"https:\/\/gazetaregionalna.com\/nabor-3\/\">W Cz\u0119stochowie ruszy\u0142 nab\u00f3r wniosk\u00f3w na miejskie ekodotacje<\/a><\/p>\n\n\n\n<p><\/p>\n","protected":false},"excerpt":{"rendered":"<p>Fascynuj\u0105ce lekcje przyrody pt. \u201eZwierz\u0119ta Jury\u201d proponuje Muzeum w Starym M\u0142ynie w \u017barkach. Zorganizowane grupy mog\u0105 skorzysta\u0107 z tej oferty do 1 marca. Lekcje<\/p>\n","protected":false},"author":5,"featured_media":133866,"comment_status":"closed","ping_status":"open","sticky":false,"template":"","format":"standard","meta":{"_monsterinsights_skip_tracking":false,"_monsterinsights_sitenote_active":false,"_monsterinsights_sitenote_note":"","_monsterinsights_sitenote_category":0,"_uf_show_specific_survey":0,"_uf_disable_surveys":false,"footnotes":""},"categories":[29],"tags":[],"class_list":["post-133864","post","type-post","status-publish","format-standard","has-post-thumbnail","hentry","category-ekologia"],"_links":{"self":[{"href":"https:\/\/gazetaregionalna.com\/index.php?rest_route=\/wp\/v2\/posts\/133864","targetHints":{"allow":["GET"]}}],"collection":[{"href":"https:\/\/gazetaregionalna.com\/index.php?rest_route=\/wp\/v2\/posts"}],"about":[{"href":"https:\/\/gazetaregionalna.com\/index.php?rest_route=\/wp\/v2\/types\/post"}],"author":[{"embeddable":true,"href":"https:\/\/gazetaregionalna.com\/index.php?rest_route=\/wp\/v2\/users\/5"}],"replies":[{"embeddable":true,"href":"https:\/\/gazetaregionalna.com\/index.php?rest_route=%2Fwp%2Fv2%2Fcomments&post=133864"}],"version-history":[{"count":4,"href":"https:\/\/gazetaregionalna.com\/index.php?rest_route=\/wp\/v2\/posts\/133864\/revisions"}],"predecessor-version":[{"id":139690,"href":"https:\/\/gazetaregionalna.com\/index.php?rest_route=\/wp\/v2\/posts\/133864\/revisions\/139690"}],"wp:featuredmedia":[{"embeddable":true,"href":"https:\/\/gazetaregionalna.com\/index.php?rest_route=\/wp\/v2\/media\/133866"}],"wp:attachment":[{"href":"https:\/\/gazetaregionalna.com\/index.php?rest_route=%2Fwp%2Fv2%2Fmedia&parent=133864"}],"wp:term":[{"taxonomy":"category","embeddable":true,"href":"https:\/\/gazetaregionalna.com\/index.php?rest_route=%2Fwp%2Fv2%2Fcategories&post=133864"},{"taxonomy":"post_tag","embeddable":true,"href":"https:\/\/gazetaregionalna.com\/index.php?rest_route=%2Fwp%2Fv2%2Ftags&post=133864"}],"curies":[{"name":"wp","href":"https:\/\/api.w.org\/{rel}","templated":true}]}}