{"id":133784,"date":"2025-02-19T08:30:41","date_gmt":"2025-02-19T08:30:41","guid":{"rendered":"https:\/\/gazetaregionalna.com\/?p=133784"},"modified":"2025-02-19T08:30:42","modified_gmt":"2025-02-19T08:30:42","slug":"w-czestochowie-powstana-nowe-wezly-przesiadkowe","status":"publish","type":"post","link":"https:\/\/gazetaregionalna.com\/?p=133784","title":{"rendered":"W Cz\u0119stochowie powstan\u0105 nowe w\u0119z\u0142y przesiadkowe!"},"content":{"rendered":"\n<p><strong>Miasto planuje realizacj\u0119 czterech kluczowych inwestycji, kt\u00f3re poprawi\u0105 jako\u015b\u0107 podr\u00f3\u017cowania, u\u0142atwi\u0105 przesiadki i zwi\u0119ksz\u0105 komfort mieszka\u0144c\u00f3w oraz odwiedzaj\u0105cych.<\/strong><\/p>\n\n\n\n<p>Miasto Cz\u0119stochowa zleca zaprojektowanie i budow\u0119 trzech nowych w\u0119z\u0142\u00f3w przesiadkowych, kt\u00f3re powstan\u0105<strong>\u00a0do 2027 roku<\/strong>. Inwestycja ta ma usprawni\u0107 transport publiczny i jego dost\u0119pno\u015b\u0107. <\/p>\n\n\n\n<p>W ramach przetargu wyodr\u0119bniono cztery zadania, kt\u00f3re maj\u0105 po zako\u0144czeniu zach\u0119ca\u0107 mieszka\u0144c\u00f3w do korzystania z komunikacji zbiorowej organizowanej przez miasto.<\/p>\n\n\n\n<p><strong>1. W\u0119ze\u0142 przesiadkowy Fieldorfa-Nila\/Gombrowicza\u00a0\u00a0<br><\/strong>Budow\u0119  w\u0119z\u0142a przesiadkowego,  przebudow\u0119 \u015bcie\u017cki rowerowej i ci\u0105gu pieszo-rowerowego Promenady Niemena. Nowa infrastruktura uwzgl\u0119dni m.in. perony, miejsca postojowe, budynek socjalny oraz udogodnienia dla rowerzyst\u00f3w.\u00a0<\/p>\n\n\n\n<figure class=\"wp-block-image size-large\"><img decoding=\"async\" width=\"1024\" height=\"576\" data-src=\"https:\/\/gazetaregionalna.com\/wp-content\/uploads\/2025\/02\/p1-1024x576.jpg\" alt=\"\" class=\"wp-image-133788 lazyload\" data-srcset=\"https:\/\/gazetaregionalna.com\/wp-content\/uploads\/2025\/02\/p1-1024x576.jpg 1024w, https:\/\/gazetaregionalna.com\/wp-content\/uploads\/2025\/02\/p1-300x169.jpg 300w, https:\/\/gazetaregionalna.com\/wp-content\/uploads\/2025\/02\/p1-768x432.jpg 768w, https:\/\/gazetaregionalna.com\/wp-content\/uploads\/2025\/02\/p1.jpg 1200w\" data-sizes=\"(max-width: 1024px) 100vw, 1024px\" src=\"data:image\/svg+xml;base64,PHN2ZyB3aWR0aD0iMSIgaGVpZ2h0PSIxIiB4bWxucz0iaHR0cDovL3d3dy53My5vcmcvMjAwMC9zdmciPjwvc3ZnPg==\" style=\"--smush-placeholder-width: 1024px; --smush-placeholder-aspect-ratio: 1024\/576;\" \/><\/figure>\n\n\n\n<p><strong>2. W\u0119ze\u0142 przesiadkowy Plac Rady Europy<br><\/strong>To miejsce ma sta\u0107 si\u0119 w zamy\u015ble urz\u0119dnik\u00f3w atrakcyjnym placem miejskim z funkcj\u0105 w\u0119z\u0142a komunikacyjnego. Wzbogacenie o elementy ma\u0142ej architektury i tablice informacyjne z informacjami o po\u0142\u0105czeniach kolejowych i lotniczych ma unowocze\u015bni\u0107 Plac Rady Europy.<\/p>\n\n\n\n<figure class=\"wp-block-image size-large\"><img decoding=\"async\" width=\"1024\" height=\"576\" data-src=\"https:\/\/gazetaregionalna.com\/wp-content\/uploads\/2025\/02\/plac_rady_europy-1024x576.jpg\" alt=\"\" class=\"wp-image-133789 lazyload\" data-srcset=\"https:\/\/gazetaregionalna.com\/wp-content\/uploads\/2025\/02\/plac_rady_europy-1024x576.jpg 1024w, https:\/\/gazetaregionalna.com\/wp-content\/uploads\/2025\/02\/plac_rady_europy-300x169.jpg 300w, https:\/\/gazetaregionalna.com\/wp-content\/uploads\/2025\/02\/plac_rady_europy-768x432.jpg 768w, https:\/\/gazetaregionalna.com\/wp-content\/uploads\/2025\/02\/plac_rady_europy.jpg 1200w\" data-sizes=\"(max-width: 1024px) 100vw, 1024px\" src=\"data:image\/svg+xml;base64,PHN2ZyB3aWR0aD0iMSIgaGVpZ2h0PSIxIiB4bWxucz0iaHR0cDovL3d3dy53My5vcmcvMjAwMC9zdmciPjwvc3ZnPg==\" style=\"--smush-placeholder-width: 1024px; --smush-placeholder-aspect-ratio: 1024\/576;\" \/><\/figure>\n\n\n\n<p><strong>3. W\u0119ze\u0142 przesiadkowy ul. Przyjemna \u2013 ul. Go\u015bcinna\u00a0<br><\/strong>Projekt obejmuje m.in. wykonanie nowych peron\u00f3w, budynku socjalnego oraz miejsc postojowych dla samochod\u00f3w i rower\u00f3w.\u00a0<\/p>\n\n\n\n<figure class=\"wp-block-image size-large\"><img decoding=\"async\" width=\"1024\" height=\"576\" data-src=\"https:\/\/gazetaregionalna.com\/wp-content\/uploads\/2025\/02\/plac-1024x576.jpg\" alt=\"\" class=\"wp-image-133790 lazyload\" data-srcset=\"https:\/\/gazetaregionalna.com\/wp-content\/uploads\/2025\/02\/plac-1024x576.jpg 1024w, https:\/\/gazetaregionalna.com\/wp-content\/uploads\/2025\/02\/plac-300x169.jpg 300w, https:\/\/gazetaregionalna.com\/wp-content\/uploads\/2025\/02\/plac-768x432.jpg 768w, https:\/\/gazetaregionalna.com\/wp-content\/uploads\/2025\/02\/plac.jpg 1200w\" data-sizes=\"(max-width: 1024px) 100vw, 1024px\" src=\"data:image\/svg+xml;base64,PHN2ZyB3aWR0aD0iMSIgaGVpZ2h0PSIxIiB4bWxucz0iaHR0cDovL3d3dy53My5vcmcvMjAwMC9zdmciPjwvc3ZnPg==\" style=\"--smush-placeholder-width: 1024px; --smush-placeholder-aspect-ratio: 1024\/576;\" \/><\/figure>\n\n\n\n<p><strong>4. System Dynamicznej Informacji Pasa\u017cerskiej (SDIP)<br><\/strong>Instalacja nowoczesnych tablic informacyjnych na przystankach, kt\u00f3re b\u0119d\u0105 przekazywa\u0142y aktualne dane o kursach pojazd\u00f3w komunikacji miejskiej.\u00a0<\/p>\n\n\n\n<p>Ca\u0142o\u015b\u0107 inwestycji ma zosta\u0107 uko\u0144czona we wrze\u015bniu 2027 roku.<\/p>\n\n\n\n<figure class=\"wp-block-gallery has-nested-images columns-default is-cropped wp-block-gallery-1 is-layout-flex wp-block-gallery-is-layout-flex\">\n<figure class=\"wp-block-image size-large\"><img decoding=\"async\" width=\"1024\" height=\"576\" data-id=\"133792\" data-src=\"https:\/\/gazetaregionalna.com\/wp-content\/uploads\/2025\/02\/placradyeuropy-1024x576.jpg\" alt=\"\" class=\"wp-image-133792 lazyload\" data-srcset=\"https:\/\/gazetaregionalna.com\/wp-content\/uploads\/2025\/02\/placradyeuropy-1024x576.jpg 1024w, https:\/\/gazetaregionalna.com\/wp-content\/uploads\/2025\/02\/placradyeuropy-300x169.jpg 300w, https:\/\/gazetaregionalna.com\/wp-content\/uploads\/2025\/02\/placradyeuropy-768x432.jpg 768w, https:\/\/gazetaregionalna.com\/wp-content\/uploads\/2025\/02\/placradyeuropy.jpg 1200w\" data-sizes=\"(max-width: 1024px) 100vw, 1024px\" src=\"data:image\/svg+xml;base64,PHN2ZyB3aWR0aD0iMSIgaGVpZ2h0PSIxIiB4bWxucz0iaHR0cDovL3d3dy53My5vcmcvMjAwMC9zdmciPjwvc3ZnPg==\" style=\"--smush-placeholder-width: 1024px; --smush-placeholder-aspect-ratio: 1024\/576;\" \/><\/figure>\n\n\n\n<figure class=\"wp-block-image size-large\"><img decoding=\"async\" width=\"1024\" height=\"576\" data-id=\"133791\" data-src=\"https:\/\/gazetaregionalna.com\/wp-content\/uploads\/2025\/02\/rady-1024x576.jpg\" alt=\"\" class=\"wp-image-133791 lazyload\" data-srcset=\"https:\/\/gazetaregionalna.com\/wp-content\/uploads\/2025\/02\/rady-1024x576.jpg 1024w, https:\/\/gazetaregionalna.com\/wp-content\/uploads\/2025\/02\/rady-300x169.jpg 300w, https:\/\/gazetaregionalna.com\/wp-content\/uploads\/2025\/02\/rady-768x432.jpg 768w, https:\/\/gazetaregionalna.com\/wp-content\/uploads\/2025\/02\/rady.jpg 1200w\" data-sizes=\"(max-width: 1024px) 100vw, 1024px\" src=\"data:image\/svg+xml;base64,PHN2ZyB3aWR0aD0iMSIgaGVpZ2h0PSIxIiB4bWxucz0iaHR0cDovL3d3dy53My5vcmcvMjAwMC9zdmciPjwvc3ZnPg==\" style=\"--smush-placeholder-width: 1024px; --smush-placeholder-aspect-ratio: 1024\/576;\" \/><\/figure>\n<\/figure>\n\n\n\n<p>mat. UM Cz\u0119stochowa<\/p>\n","protected":false},"excerpt":{"rendered":"<p>Miasto planuje realizacj\u0119 czterech kluczowych inwestycji, kt\u00f3re poprawi\u0105 jako\u015b\u0107 podr\u00f3\u017cowania, u\u0142atwi\u0105 przesiadki i zwi\u0119ksz\u0105 komfort mieszka\u0144c\u00f3w oraz odwiedzaj\u0105cych. Miasto Cz\u0119stochowa zleca zaprojektowanie i budow\u0119<\/p>\n","protected":false},"author":2,"featured_media":133791,"comment_status":"closed","ping_status":"open","sticky":false,"template":"","format":"standard","meta":{"_monsterinsights_skip_tracking":false,"_monsterinsights_sitenote_active":false,"_monsterinsights_sitenote_note":"","_monsterinsights_sitenote_category":0,"_uf_show_specific_survey":0,"_uf_disable_surveys":false,"footnotes":""},"categories":[3,8526,2],"tags":[144,9567],"class_list":["post-133784","post","type-post","status-publish","format-standard","has-post-thumbnail","hentry","category-czestochowa-informacje","category-komunikacja","category-wiadomosci","tag-czestochowa","tag-wezly-przedsiadkowe"],"_links":{"self":[{"href":"https:\/\/gazetaregionalna.com\/index.php?rest_route=\/wp\/v2\/posts\/133784","targetHints":{"allow":["GET"]}}],"collection":[{"href":"https:\/\/gazetaregionalna.com\/index.php?rest_route=\/wp\/v2\/posts"}],"about":[{"href":"https:\/\/gazetaregionalna.com\/index.php?rest_route=\/wp\/v2\/types\/post"}],"author":[{"embeddable":true,"href":"https:\/\/gazetaregionalna.com\/index.php?rest_route=\/wp\/v2\/users\/2"}],"replies":[{"embeddable":true,"href":"https:\/\/gazetaregionalna.com\/index.php?rest_route=%2Fwp%2Fv2%2Fcomments&post=133784"}],"version-history":[{"count":5,"href":"https:\/\/gazetaregionalna.com\/index.php?rest_route=\/wp\/v2\/posts\/133784\/revisions"}],"predecessor-version":[{"id":133794,"href":"https:\/\/gazetaregionalna.com\/index.php?rest_route=\/wp\/v2\/posts\/133784\/revisions\/133794"}],"wp:featuredmedia":[{"embeddable":true,"href":"https:\/\/gazetaregionalna.com\/index.php?rest_route=\/wp\/v2\/media\/133791"}],"wp:attachment":[{"href":"https:\/\/gazetaregionalna.com\/index.php?rest_route=%2Fwp%2Fv2%2Fmedia&parent=133784"}],"wp:term":[{"taxonomy":"category","embeddable":true,"href":"https:\/\/gazetaregionalna.com\/index.php?rest_route=%2Fwp%2Fv2%2Fcategories&post=133784"},{"taxonomy":"post_tag","embeddable":true,"href":"https:\/\/gazetaregionalna.com\/index.php?rest_route=%2Fwp%2Fv2%2Ftags&post=133784"}],"curies":[{"name":"wp","href":"https:\/\/api.w.org\/{rel}","templated":true}]}}