{"id":133720,"date":"2025-02-17T15:46:09","date_gmt":"2025-02-17T15:46:09","guid":{"rendered":"https:\/\/gazetaregionalna.com\/?p=133720"},"modified":"2025-02-17T15:46:10","modified_gmt":"2025-02-17T15:46:10","slug":"zuzlowcy-wlokniarza-po-prezentacji-wyjechali-na-oboz-przygotowawczy-w-gory-w-poniedzialek-juz-jezdzili-na-nartach","status":"publish","type":"post","link":"https:\/\/gazetaregionalna.com\/?p=133720","title":{"rendered":"\u017bu\u017clowcy W\u0142\u00f3kniarza po prezentacji wyjechali na ob\u00f3z przygotowawczy w g\u00f3ry. W poniedzia\u0142ek ju\u017c je\u017adzili na nartach\u2026"},"content":{"rendered":"\n<p>W sobot\u0119 w Galerii Jurajskiej odby\u0142a si\u0119 prezentacja dru\u017cyny W\u0142\u00f3kniarz Cz\u0119stochowa, a w niedziel\u0119 \u017cu\u017clowcy wyjechali na ob\u00f3z przygotowawczy do Szczyrku.<\/p>\n\n\n\n<p>Do Szczyrku nowy szkoleniowiec cz\u0119stochowskich \u017cu\u017clowc\u00f3w trener Mariusz Staszewski zabra\u0142 wszystkich senior\u00f3w oraz najlepszych junior\u00f3w. Dru\u017cyna w Szczyrku zameldowa\u0142a si\u0119 w niedziel\u0119 po po\u0142udniu, a ju\u017c w poniedzia\u0142kowe po\u0142udnie \u017cu\u017clowcy byli na stoku i je\u017adzili na nartach.<\/p>\n\n\n\n<p>W sk\u0142adzie W\u0142\u00f3kniarza przed obecnym sezonem dosz\u0142o do istotnych zmian. Kapitanem zosta\u0142 Kacper Woryna. Z ubieg\u0142orocznego sk\u0142adu jest te\u017c Mads Hansen. Przyszyli Jason Doyle, Wiktor Lampart i Piotr Pawlicki. Sk\u0142ad uzupe\u0142niaj\u0105 juniorzy: Franciszek Karczewski, Szymon Ludwiczak, Bartosz \u015amigielski i Kacper Halkiewicz. W obwodzie s\u0105 te\u017c Mateusz \u015awidnicki i Szwed Philip Hellstr\u00f6m B\u00e4ngs.<\/p>\n\n\n\n<p>AK, fot: AK, materia\u0142y prasowe klubu<\/p>\n\n\n\n<p>Partnerami relacji sportowych s\u0105:<\/p>\n\n\n\n<p>DMK Invest materia\u0142y budowlane Konopiska (www.dmkinvest.pl)<\/p>\n\n\n\n<p>W\u0142odar Developer Cz\u0119stochowa (www.wlodardeveloper.pl)<\/p>\n\n\n\n<figure class=\"wp-block-image size-large\"><img decoding=\"async\" width=\"819\" height=\"1024\" data-src=\"https:\/\/gazetaregionalna.com\/wp-content\/uploads\/2025\/02\/Wlokniarz-oboz-2025-1-fot-klub-1-819x1024.jpg\" alt=\"\" class=\"wp-image-133721 lazyload\" data-srcset=\"https:\/\/gazetaregionalna.com\/wp-content\/uploads\/2025\/02\/Wlokniarz-oboz-2025-1-fot-klub-1-819x1024.jpg 819w, https:\/\/gazetaregionalna.com\/wp-content\/uploads\/2025\/02\/Wlokniarz-oboz-2025-1-fot-klub-1-240x300.jpg 240w, https:\/\/gazetaregionalna.com\/wp-content\/uploads\/2025\/02\/Wlokniarz-oboz-2025-1-fot-klub-1-768x960.jpg 768w, https:\/\/gazetaregionalna.com\/wp-content\/uploads\/2025\/02\/Wlokniarz-oboz-2025-1-fot-klub-1.jpg 1200w\" data-sizes=\"(max-width: 819px) 100vw, 819px\" src=\"data:image\/svg+xml;base64,PHN2ZyB3aWR0aD0iMSIgaGVpZ2h0PSIxIiB4bWxucz0iaHR0cDovL3d3dy53My5vcmcvMjAwMC9zdmciPjwvc3ZnPg==\" style=\"--smush-placeholder-width: 819px; --smush-placeholder-aspect-ratio: 819\/1024;\" \/><\/figure>\n\n\n\n<figure class=\"wp-block-image size-large\"><img decoding=\"async\" width=\"768\" height=\"1024\" data-src=\"https:\/\/gazetaregionalna.com\/wp-content\/uploads\/2025\/02\/Wlokniarz-oboz-2025-fot-klub-2-768x1024.jpg\" alt=\"\" class=\"wp-image-133722 lazyload\" data-srcset=\"https:\/\/gazetaregionalna.com\/wp-content\/uploads\/2025\/02\/Wlokniarz-oboz-2025-fot-klub-2-768x1024.jpg 768w, https:\/\/gazetaregionalna.com\/wp-content\/uploads\/2025\/02\/Wlokniarz-oboz-2025-fot-klub-2-225x300.jpg 225w, https:\/\/gazetaregionalna.com\/wp-content\/uploads\/2025\/02\/Wlokniarz-oboz-2025-fot-klub-2-1152x1536.jpg 1152w, https:\/\/gazetaregionalna.com\/wp-content\/uploads\/2025\/02\/Wlokniarz-oboz-2025-fot-klub-2.jpg 1200w\" data-sizes=\"(max-width: 768px) 100vw, 768px\" src=\"data:image\/svg+xml;base64,PHN2ZyB3aWR0aD0iMSIgaGVpZ2h0PSIxIiB4bWxucz0iaHR0cDovL3d3dy53My5vcmcvMjAwMC9zdmciPjwvc3ZnPg==\" style=\"--smush-placeholder-width: 768px; --smush-placeholder-aspect-ratio: 768\/1024;\" \/><\/figure>\n\n\n\n<figure class=\"wp-block-image size-full\"><img decoding=\"async\" width=\"500\" height=\"331\" data-src=\"https:\/\/gazetaregionalna.com\/wp-content\/uploads\/2025\/02\/Wlokniarz-Prezentacja-2025-1.jpg\" alt=\"\" class=\"wp-image-133723 lazyload\" data-srcset=\"https:\/\/gazetaregionalna.com\/wp-content\/uploads\/2025\/02\/Wlokniarz-Prezentacja-2025-1.jpg 500w, https:\/\/gazetaregionalna.com\/wp-content\/uploads\/2025\/02\/Wlokniarz-Prezentacja-2025-1-300x199.jpg 300w\" data-sizes=\"(max-width: 500px) 100vw, 500px\" src=\"data:image\/svg+xml;base64,PHN2ZyB3aWR0aD0iMSIgaGVpZ2h0PSIxIiB4bWxucz0iaHR0cDovL3d3dy53My5vcmcvMjAwMC9zdmciPjwvc3ZnPg==\" style=\"--smush-placeholder-width: 500px; --smush-placeholder-aspect-ratio: 500\/331;\" \/><\/figure>\n\n\n\n<figure class=\"wp-block-image size-full\"><img decoding=\"async\" width=\"300\" height=\"250\" data-src=\"https:\/\/gazetaregionalna.com\/wp-content\/uploads\/2025\/01\/Wlodar-Wilenska-1.jpg\" alt=\"\" class=\"wp-image-133183 lazyload\" src=\"data:image\/svg+xml;base64,PHN2ZyB3aWR0aD0iMSIgaGVpZ2h0PSIxIiB4bWxucz0iaHR0cDovL3d3dy53My5vcmcvMjAwMC9zdmciPjwvc3ZnPg==\" style=\"--smush-placeholder-width: 300px; --smush-placeholder-aspect-ratio: 300\/250;\"><\/figure>\n\n\n\n<figure class=\"wp-block-image size-large\"><img decoding=\"async\" width=\"1024\" height=\"1024\" data-src=\"https:\/\/gazetaregionalna.com\/wp-content\/uploads\/2024\/04\/DMK-Invest-2-1024x1024.jpg\" alt=\"\" class=\"wp-image-123883 lazyload\" data-srcset=\"https:\/\/gazetaregionalna.com\/wp-content\/uploads\/2024\/04\/DMK-Invest-2-1024x1024.jpg 1024w, https:\/\/gazetaregionalna.com\/wp-content\/uploads\/2024\/04\/DMK-Invest-2-300x300.jpg 300w, https:\/\/gazetaregionalna.com\/wp-content\/uploads\/2024\/04\/DMK-Invest-2-150x150.jpg 150w, https:\/\/gazetaregionalna.com\/wp-content\/uploads\/2024\/04\/DMK-Invest-2-768x768.jpg 768w, https:\/\/gazetaregionalna.com\/wp-content\/uploads\/2024\/04\/DMK-Invest-2-1536x1536.jpg 1536w, https:\/\/gazetaregionalna.com\/wp-content\/uploads\/2024\/04\/DMK-Invest-2-2048x2048.jpg 2048w, https:\/\/gazetaregionalna.com\/wp-content\/uploads\/2024\/04\/DMK-Invest-2-215x215.jpg 215w, https:\/\/gazetaregionalna.com\/wp-content\/uploads\/2024\/04\/DMK-Invest-2-scaled.jpg 1600w\" data-sizes=\"(max-width: 1024px) 100vw, 1024px\" src=\"data:image\/svg+xml;base64,PHN2ZyB3aWR0aD0iMSIgaGVpZ2h0PSIxIiB4bWxucz0iaHR0cDovL3d3dy53My5vcmcvMjAwMC9zdmciPjwvc3ZnPg==\" style=\"--smush-placeholder-width: 1024px; --smush-placeholder-aspect-ratio: 1024\/1024;\" \/><\/figure>\n","protected":false},"excerpt":{"rendered":"<p>W sobot\u0119 w Galerii Jurajskiej odby\u0142a si\u0119 prezentacja dru\u017cyny W\u0142\u00f3kniarz Cz\u0119stochowa, a w niedziel\u0119 \u017cu\u017clowcy wyjechali na ob\u00f3z przygotowawczy do Szczyrku. Do Szczyrku nowy<\/p>\n","protected":false},"author":15,"featured_media":133721,"comment_status":"closed","ping_status":"open","sticky":false,"template":"","format":"standard","meta":{"_monsterinsights_skip_tracking":false,"_monsterinsights_sitenote_active":false,"_monsterinsights_sitenote_note":"","_monsterinsights_sitenote_category":0,"_uf_show_specific_survey":0,"_uf_disable_surveys":false,"footnotes":""},"categories":[94,5,7],"tags":[],"class_list":["post-133720","post","type-post","status-publish","format-standard","has-post-thumbnail","hentry","category-polecane","category-sport","category-zuzel"],"_links":{"self":[{"href":"https:\/\/gazetaregionalna.com\/index.php?rest_route=\/wp\/v2\/posts\/133720","targetHints":{"allow":["GET"]}}],"collection":[{"href":"https:\/\/gazetaregionalna.com\/index.php?rest_route=\/wp\/v2\/posts"}],"about":[{"href":"https:\/\/gazetaregionalna.com\/index.php?rest_route=\/wp\/v2\/types\/post"}],"author":[{"embeddable":true,"href":"https:\/\/gazetaregionalna.com\/index.php?rest_route=\/wp\/v2\/users\/15"}],"replies":[{"embeddable":true,"href":"https:\/\/gazetaregionalna.com\/index.php?rest_route=%2Fwp%2Fv2%2Fcomments&post=133720"}],"version-history":[{"count":1,"href":"https:\/\/gazetaregionalna.com\/index.php?rest_route=\/wp\/v2\/posts\/133720\/revisions"}],"predecessor-version":[{"id":133724,"href":"https:\/\/gazetaregionalna.com\/index.php?rest_route=\/wp\/v2\/posts\/133720\/revisions\/133724"}],"wp:featuredmedia":[{"embeddable":true,"href":"https:\/\/gazetaregionalna.com\/index.php?rest_route=\/wp\/v2\/media\/133721"}],"wp:attachment":[{"href":"https:\/\/gazetaregionalna.com\/index.php?rest_route=%2Fwp%2Fv2%2Fmedia&parent=133720"}],"wp:term":[{"taxonomy":"category","embeddable":true,"href":"https:\/\/gazetaregionalna.com\/index.php?rest_route=%2Fwp%2Fv2%2Fcategories&post=133720"},{"taxonomy":"post_tag","embeddable":true,"href":"https:\/\/gazetaregionalna.com\/index.php?rest_route=%2Fwp%2Fv2%2Ftags&post=133720"}],"curies":[{"name":"wp","href":"https:\/\/api.w.org\/{rel}","templated":true}]}}