{"id":133677,"date":"2025-02-16T19:39:03","date_gmt":"2025-02-16T19:39:03","guid":{"rendered":"https:\/\/gazetaregionalna.com\/?p=133677"},"modified":"2025-02-16T19:39:04","modified_gmt":"2025-02-16T19:39:04","slug":"juniorki-mlodsze-ks-czestochowianka-czestochowa-zostaly-wicemistrzyniami-wojewodztwa-slaskiego-w-siatkowce","status":"publish","type":"post","link":"https:\/\/gazetaregionalna.com\/?p=133677","title":{"rendered":"Juniorki m\u0142odsze KS Cz\u0119stochowianka Cz\u0119stochowa zosta\u0142y wicemistrzyniami wojew\u00f3dztwa \u015bl\u0105skiego w siatk\u00f3wce!"},"content":{"rendered":"\n<p>Z bardzo dobrej strony spisa\u0142y si\u0119 juniorki m\u0142odsze Klubu Sportowego Cz\u0119stochowianka Cz\u0119stochowa w trzydniowym turnieju fina\u0142owym mistrzostw wojew\u00f3dztwa \u015bl\u0105skiego w siatk\u00f3wce. Dru\u017cyna trenera Grzegorza Nowickiego zdoby\u0142a srebrne medale i wicemistrzostwo! Teraz b\u0119dzie walczy\u0107 w mistrzostwach Polski.<\/p>\n\n\n\n<p>Turniej fina\u0142owy odby\u0142 si\u0119 w Jastrz\u0119biu. Zagra\u0142y w nim dwa zespo\u0142y JKS SMS Jastrz\u0119bie, Sari \u017bory i Cz\u0119stochowianka.<\/p>\n\n\n\n<p>Cz\u0119stochowskie siatkarki bardzo dobrze rozpocz\u0119\u0142y turniej i wygra\u0142y z MUKS Sari \u017bory 3:0 (25:8, 25:22, 25:23). W sobot\u0119 Cz\u0119stochowianka po zaci\u0119tym spotkaniu pokona\u0142a JKS SMS Jastrz\u0119bie I 3:2 (25:21, 18:25, 15:25, 25:16, 15:12) i maj\u0105c dwa zwyci\u0119stwa zapewni\u0142a sobie medal.<\/p>\n\n\n\n<p>W niedziel\u0119 dru\u017cyna trenera Nowickiego zmierzy\u0142a si\u0119 z JKS SMS Jastrz\u0119bie II. Rywalki na koncie te\u017c mia\u0142y dwa zwyci\u0119stwa. By\u0142 to prawdziwy fina\u0142, bo zwyci\u0119zca zdobywa\u0142 mistrzostwo, a przegrany tytu\u0142 wicemistrzowski.<\/p>\n\n\n\n<p>Cz\u0119stochowskie siatkarki prowadzi\u0142y ju\u017c 2:1 w setach, ale ostatecznie przegra\u0142y 2:3 (25:22, 14:25, 25:22, 17:25, 11:15). W turnieju fina\u0142owym zaj\u0119\u0142y drugie miejsce i mog\u0142y cieszy\u0107 si\u0119 z wicemistrzostwa i srebrnych medali.<\/p>\n\n\n\n<p>Teraz m\u0142ode siatkarki Cz\u0119stochowianki walczy\u0107 b\u0119d\u0105 w turniejach og\u00f3lnopolskich mistrzostw Polski.<\/p>\n\n\n\n<p>KS Cz\u0119stochowianka: Maja Szpr\u0119giel, Adrianna Wilk, Aleksandra Kubik, Apolonia Burzy\u0144ska, Julia Smela, Zuzanna Gni\u0142a, Zuzanna Czerwonka, Izabela Ca\u0142usi\u0144ska, Emilia Kotli\u0144ska, Natalia Stobiecka, Nadia Kromo\u0142owska, Yuliia Yamna, Blanka Bia\u0142as, Marzena \u015al\u0119zak. Trener: Grzegorz Nowicki.<\/p>\n\n\n\n<p>AK, fot: KS Cz\u0119stochowianka<\/p>\n\n\n\n<p>Partnerami relacji sportowych s\u0105:<\/p>\n\n\n\n<p>DMK Invest materia\u0142y budowlane Konopiska (<a href=\"http:\/\/www.dmkinvest.pl\/\" target=\"_blank\" rel=\"noopener\">www.dmkinvest.pl<\/a>)<\/p>\n\n\n\n<p>W\u0142odar Developer Cz\u0119stochowa (<a href=\"http:\/\/www.wlodardeveloper.pl\/\" target=\"_blank\" rel=\"noopener\">www.wlodardeveloper.pl<\/a>)<\/p>\n\n\n\n<figure class=\"wp-block-image size-large\"><img decoding=\"async\" width=\"1024\" height=\"768\" data-src=\"https:\/\/gazetaregionalna.com\/wp-content\/uploads\/2025\/02\/Czestochowianka-kadetki-fot-klub-1024x768.jpg\" alt=\"\" class=\"wp-image-133678 lazyload\" data-srcset=\"https:\/\/gazetaregionalna.com\/wp-content\/uploads\/2025\/02\/Czestochowianka-kadetki-fot-klub-1024x768.jpg 1024w, https:\/\/gazetaregionalna.com\/wp-content\/uploads\/2025\/02\/Czestochowianka-kadetki-fot-klub-300x225.jpg 300w, https:\/\/gazetaregionalna.com\/wp-content\/uploads\/2025\/02\/Czestochowianka-kadetki-fot-klub-768x576.jpg 768w, https:\/\/gazetaregionalna.com\/wp-content\/uploads\/2025\/02\/Czestochowianka-kadetki-fot-klub.jpg 1200w\" data-sizes=\"(max-width: 1024px) 100vw, 1024px\" src=\"data:image\/svg+xml;base64,PHN2ZyB3aWR0aD0iMSIgaGVpZ2h0PSIxIiB4bWxucz0iaHR0cDovL3d3dy53My5vcmcvMjAwMC9zdmciPjwvc3ZnPg==\" style=\"--smush-placeholder-width: 1024px; --smush-placeholder-aspect-ratio: 1024\/768;\" \/><\/figure>\n\n\n\n<figure class=\"wp-block-image size-large\"><img decoding=\"async\" width=\"1024\" height=\"1024\" data-src=\"https:\/\/gazetaregionalna.com\/wp-content\/uploads\/2024\/04\/DMK-Invest-3-1024x1024.jpg\" alt=\"\" class=\"wp-image-123884 lazyload\" data-srcset=\"https:\/\/gazetaregionalna.com\/wp-content\/uploads\/2024\/04\/DMK-Invest-3-1024x1024.jpg 1024w, https:\/\/gazetaregionalna.com\/wp-content\/uploads\/2024\/04\/DMK-Invest-3-300x300.jpg 300w, https:\/\/gazetaregionalna.com\/wp-content\/uploads\/2024\/04\/DMK-Invest-3-150x150.jpg 150w, https:\/\/gazetaregionalna.com\/wp-content\/uploads\/2024\/04\/DMK-Invest-3-768x768.jpg 768w, https:\/\/gazetaregionalna.com\/wp-content\/uploads\/2024\/04\/DMK-Invest-3-1536x1536.jpg 1536w, https:\/\/gazetaregionalna.com\/wp-content\/uploads\/2024\/04\/DMK-Invest-3-2048x2048.jpg 2048w, https:\/\/gazetaregionalna.com\/wp-content\/uploads\/2024\/04\/DMK-Invest-3-215x215.jpg 215w, https:\/\/gazetaregionalna.com\/wp-content\/uploads\/2024\/04\/DMK-Invest-3-scaled.jpg 1600w\" data-sizes=\"(max-width: 1024px) 100vw, 1024px\" src=\"data:image\/svg+xml;base64,PHN2ZyB3aWR0aD0iMSIgaGVpZ2h0PSIxIiB4bWxucz0iaHR0cDovL3d3dy53My5vcmcvMjAwMC9zdmciPjwvc3ZnPg==\" style=\"--smush-placeholder-width: 1024px; --smush-placeholder-aspect-ratio: 1024\/1024;\" \/><\/figure>\n\n\n\n<figure class=\"wp-block-image size-large\"><img decoding=\"async\" width=\"1024\" height=\"1024\" data-src=\"https:\/\/gazetaregionalna.com\/wp-content\/uploads\/2025\/01\/Wlodar-Poleska-fb-1-1024x1024.jpg\" alt=\"\" class=\"wp-image-133182 lazyload\" data-srcset=\"https:\/\/gazetaregionalna.com\/wp-content\/uploads\/2025\/01\/Wlodar-Poleska-fb-1-1024x1024.jpg 1024w, https:\/\/gazetaregionalna.com\/wp-content\/uploads\/2025\/01\/Wlodar-Poleska-fb-1-300x300.jpg 300w, https:\/\/gazetaregionalna.com\/wp-content\/uploads\/2025\/01\/Wlodar-Poleska-fb-1-150x150.jpg 150w, https:\/\/gazetaregionalna.com\/wp-content\/uploads\/2025\/01\/Wlodar-Poleska-fb-1-768x768.jpg 768w, https:\/\/gazetaregionalna.com\/wp-content\/uploads\/2025\/01\/Wlodar-Poleska-fb-1-215x215.jpg 215w, https:\/\/gazetaregionalna.com\/wp-content\/uploads\/2025\/01\/Wlodar-Poleska-fb-1.jpg 1080w\" data-sizes=\"(max-width: 1024px) 100vw, 1024px\" src=\"data:image\/svg+xml;base64,PHN2ZyB3aWR0aD0iMSIgaGVpZ2h0PSIxIiB4bWxucz0iaHR0cDovL3d3dy53My5vcmcvMjAwMC9zdmciPjwvc3ZnPg==\" style=\"--smush-placeholder-width: 1024px; --smush-placeholder-aspect-ratio: 1024\/1024;\" \/><\/figure>\n","protected":false},"excerpt":{"rendered":"<p>Z bardzo dobrej strony spisa\u0142y si\u0119 juniorki m\u0142odsze Klubu Sportowego Cz\u0119stochowianka Cz\u0119stochowa w trzydniowym turnieju fina\u0142owym mistrzostw wojew\u00f3dztwa \u015bl\u0105skiego w siatk\u00f3wce. Dru\u017cyna trenera Grzegorza<\/p>\n","protected":false},"author":15,"featured_media":133678,"comment_status":"closed","ping_status":"open","sticky":false,"template":"","format":"standard","meta":{"_monsterinsights_skip_tracking":false,"_monsterinsights_sitenote_active":false,"_monsterinsights_sitenote_note":"","_monsterinsights_sitenote_category":0,"_uf_show_specific_survey":0,"_uf_disable_surveys":false,"footnotes":""},"categories":[94,8,5],"tags":[],"class_list":["post-133677","post","type-post","status-publish","format-standard","has-post-thumbnail","hentry","category-polecane","category-siatkowka","category-sport"],"_links":{"self":[{"href":"https:\/\/gazetaregionalna.com\/index.php?rest_route=\/wp\/v2\/posts\/133677","targetHints":{"allow":["GET"]}}],"collection":[{"href":"https:\/\/gazetaregionalna.com\/index.php?rest_route=\/wp\/v2\/posts"}],"about":[{"href":"https:\/\/gazetaregionalna.com\/index.php?rest_route=\/wp\/v2\/types\/post"}],"author":[{"embeddable":true,"href":"https:\/\/gazetaregionalna.com\/index.php?rest_route=\/wp\/v2\/users\/15"}],"replies":[{"embeddable":true,"href":"https:\/\/gazetaregionalna.com\/index.php?rest_route=%2Fwp%2Fv2%2Fcomments&post=133677"}],"version-history":[{"count":1,"href":"https:\/\/gazetaregionalna.com\/index.php?rest_route=\/wp\/v2\/posts\/133677\/revisions"}],"predecessor-version":[{"id":133679,"href":"https:\/\/gazetaregionalna.com\/index.php?rest_route=\/wp\/v2\/posts\/133677\/revisions\/133679"}],"wp:featuredmedia":[{"embeddable":true,"href":"https:\/\/gazetaregionalna.com\/index.php?rest_route=\/wp\/v2\/media\/133678"}],"wp:attachment":[{"href":"https:\/\/gazetaregionalna.com\/index.php?rest_route=%2Fwp%2Fv2%2Fmedia&parent=133677"}],"wp:term":[{"taxonomy":"category","embeddable":true,"href":"https:\/\/gazetaregionalna.com\/index.php?rest_route=%2Fwp%2Fv2%2Fcategories&post=133677"},{"taxonomy":"post_tag","embeddable":true,"href":"https:\/\/gazetaregionalna.com\/index.php?rest_route=%2Fwp%2Fv2%2Ftags&post=133677"}],"curies":[{"name":"wp","href":"https:\/\/api.w.org\/{rel}","templated":true}]}}