{"id":133572,"date":"2025-02-12T14:35:00","date_gmt":"2025-02-12T14:35:00","guid":{"rendered":"https:\/\/gazetaregionalna.com\/?p=133572"},"modified":"2025-02-12T14:01:49","modified_gmt":"2025-02-12T14:01:49","slug":"fc-skra-ladies-czestochowa-wycofala-sie-z-pucharu-polski-i-prawdopodobnie-sie-rozpadnie-skra-czestochowa-pilkarzy-odcina-sie-od-kobiecego-klubu-i-wydala-oswiadczenie","status":"publish","type":"post","link":"https:\/\/gazetaregionalna.com\/?p=133572","title":{"rendered":"FC Skra Ladies Cz\u0119stochowa wycofa\u0142a si\u0119 z Pucharu Polski i prawdopodobnie si\u0119 rozpadnie. Skra Cz\u0119stochowa pi\u0142karzy odcina si\u0119 od kobiecego klubu i wyda\u0142a o\u015bwiadczenie&#8230;"},"content":{"rendered":"\n<p>Ogromne problemy dopad\u0142y kobiecy zesp\u00f3\u0142 FC Skra Ladies Cz\u0119stochowa. Klub przezywa ogromne problemy finansowe. Wycofa\u0142 si\u0119 z Pucharu Polski, rozwi\u0105zuje kontrakty z pi\u0142karkami, a by\u0107 mo\u017ce wkr\u00f3tce przestanie istnie\u0107 na pi\u0142karskiej og\u00f3lnopolskiej mapie Polski&#8230;<\/p>\n\n\n\n<p>Pi\u0142karki FC Skra Ladies Cz\u0119stochowa to beniaminek kobiecej Ekstraligi. Wszystko wskazuje na to, \u017ce gra w\u015br\u00f3d najlepszych dru\u017cyn kobiecych w Polsce zako\u0144czy si\u0119 wcze\u015bniej ni\u017c wszyscy s\u0105dzili. Ostatnia informacja na klubowej stronie fb ukaza\u0142a si\u0119 31 grudnia 2024 roku. I to kibicom da\u0142o du\u017co do my\u015blenia&#8230;<\/p>\n\n\n\n<p>W ostatnich dniach kibice Skry Ladies oczekiwali pierwszych informacji o rozpocz\u0119ciu okresu przygotowawczego, ale media klubowe milcz\u0105&#8230; Wszyscy dowiaduj\u0105 si\u0119 jednak o sytuacji cz\u0119stochowskiego klubu z&#8230; innych klub\u00f3w. Ostatnio kobieca dru\u017cyna z Myszkowa poinformowa\u0142a, \u017ce odwo\u0142ano sparing z FC Skra Ladies Cz\u0119stochowa. 13 lutego FC Skra Ladies mia\u0142a rozegra\u0107 mecz 1\/8 Pucharu Polski z KS Pogo\u0144 Tczew. Rywalki poinformowa\u0142y, \u017ce mecz si\u0119 nie odb\u0119dzie, bo \u201eDru\u017cyna Skra Ladies nie przyst\u0105pi do meczu&#8230;\u201d<\/p>\n\n\n\n<p>Wszystko wskazuje na to, \u017ce dru\u017cyna nie przyst\u0105pi te\u017c do rundy wiosennej w kobiecej Ekstraklasie. W styczniu rozwi\u0105zano umowy z pi\u0142karkami, kt\u00f3re o to wnioskowa\u0142y. Na chwil\u0119 obecn\u0105 trudno by\u0142oby zebra\u0107 sk\u0142ad do grania. Dlatego odwo\u0142ano sparing i mecz PP. Co si\u0119 wydarzy dalej? Kibice czekaj\u0105 na o\u015bwiadczenie klubu FC Skra Ladies&#8230;<\/p>\n\n\n\n<p>Tymczasem w \u015brod\u0119, 12 lutego 2025 roku o\u015bwiadczenie wyda\u0142a 2-ligowa Skra Cz\u0119stochowa, kt\u00f3ra kiedy\u015b by\u0142a w\u0142a\u015bcicielem pi\u0142karskiego klubu kobiet, ale odda\u0142a prawo w\u0142asno\u015bci w r\u0119ce nowego zarz\u0105du. Skra przyczyni\u0142a si\u0119 te\u017c do awansu FC Skry Ladies do Ekstraklasy, bo przez pierwsz\u0105 cz\u0119\u015b\u0107 sezonu prowadzi\u0142a klub, a odda\u0142o go dopiero w drugiej cz\u0119\u015bci sezonu&#8230;<\/p>\n\n\n\n<p>\u201eSzanowni Pa\u0144stwo,<\/p>\n\n\n\n<p>w zwi\u0105zku z pojawiaj\u0105cymi si\u0119 w przestrzeni publicznej informacjami \u0142\u0105cz\u0105cymi nasz Klub z FC Skr\u0105 Ladies Cz\u0119stochowa, chcieliby\u015bmy podkre\u015bli\u0107, i\u017c 1 lipca 2024 roku sekcja \u017ce\u0144ska formalnie przekazana zosta\u0142a nowemu w\u0142a\u015bcicielowi.<\/p>\n\n\n\n<p>Od tej pory Skra Cz\u0119stochowa nie ma \u017cadnego wp\u0142ywu na funkcjonowanie Skry Ladies, a FC Skra Ladies Cz\u0119stochowa jest osobn\u0105 organizacj\u0105 oraz samodzielnym klubem sportowym.<\/p>\n\n\n\n<p>W zwi\u0105zku z tym prosimy o nie wi\u0105zanie naszego Klubu z FC Skr\u0105 Ladies Cz\u0119stochowa.<\/p>\n\n\n\n<p>Z wyrazami szacunku,<\/p>\n\n\n\n<p>Zarz\u0105d Skry Cz\u0119stochowa\u201d<\/p>\n\n\n\n<p>W \u015brod\u0119 na swoim prywatnym profilu fb wiceprezes Skry Cz\u0119stochowa przypomnia\u0142 histori\u0119 pi\u0142karek Skry, kiedy to sekcja kobiet by\u0142a pod jego zarz\u0105dem&#8230;<\/p>\n\n\n\n<p>\u201e W 2018 Skra Cz\u0119stochowa S.A. przej\u0119\u0142a sekcj\u0119 kobiecej pi\u0142ki no\u017cnej od Klubu Stradom Cz\u0119stochowa. Dziewczyny gra\u0142y w\u00f3wczas w III lidze. Od tego czasu pod Zarz\u0105dem Skry S.A. do dnia przekazania (01.07.2024) wywalczy\u0142y w siedem lat 3 awanse. Szczebel po szczeblu drabinki PZPN sekcja Ladies si\u0119 wspina\u0142a i w 2024 wywalczy\u0142a historyczny awans do Ekstraklasy.<\/p>\n\n\n\n<p>W lipcu 2024 nast\u0105pi\u0142o przekazanie sekcji.<\/p>\n\n\n\n<p>Nowy w\u0142a\u015bciciel by\u0142 pewien \u017ce sobie poradzi, \u017ce ma pomys\u0142, wiedz\u0119, sztab ludzi, prawnik\u00f3w i \u015brodki na finansowanie.<\/p>\n\n\n\n<p>Niespe\u0142na rok po przej\u0119ciu sekcji do <a href=\"https:\/\/www.facebook.com\/Skra.Ladies.Czestochowa?__cft__[0]=AZU8cy0wGlH0LrJqN0MU3VEabccyAu5iw7GVpX5KUcjV4A25kuwS8twvRiJeIZ9ewViiA-bPCAzNB-jhE3GZJBlpBzGl9oRm3W_-0CkWg10rZMsZE7vTlBdNt8racXiKu9mGdFEEP9fcz4FmhL2IaiHpxQqGBVyXXHnb4htSbbXt2FXpkSImdW6ZQh9FLfRIxX4Yv-cWCovVhxCLqQ9JhcPn&amp;__tn__=-]K-R\" target=\"_blank\" rel=\"noopener\">FC Skra Ladies Cz\u0119stochowa<\/a> zagl\u0105da widmo degradacji i likwidacji. To smutne&#8230;\u201d<\/p>\n\n\n\n<p>AK, fot: AK<\/p>\n\n\n\n<p>Partnerami relacji sportowych s\u0105:<\/p>\n\n\n\n<p>DMK Invest materia\u0142y budowlane Konopiska (<a href=\"http:\/\/www.dmkinvest.pl\/\" target=\"_blank\" rel=\"noopener\">www.dmkinvest.pl<\/a>)<\/p>\n\n\n\n<p>W\u0142odar Developer Cz\u0119stochowa (<a href=\"http:\/\/www.wlodardeveloper.pl\/\" target=\"_blank\" rel=\"noopener\">www.wlodardeveloper.pl<\/a>)<\/p>\n\n\n\n<figure class=\"wp-block-image size-large\"><img decoding=\"async\" width=\"1024\" height=\"682\" data-src=\"https:\/\/gazetaregionalna.com\/wp-content\/uploads\/2024\/09\/Skra-Ladies-1024x682.jpg\" alt=\"\" class=\"wp-image-128185 lazyload\" data-srcset=\"https:\/\/gazetaregionalna.com\/wp-content\/uploads\/2024\/09\/Skra-Ladies-1024x682.jpg 1024w, https:\/\/gazetaregionalna.com\/wp-content\/uploads\/2024\/09\/Skra-Ladies-300x200.jpg 300w, https:\/\/gazetaregionalna.com\/wp-content\/uploads\/2024\/09\/Skra-Ladies-768x511.jpg 768w, https:\/\/gazetaregionalna.com\/wp-content\/uploads\/2024\/09\/Skra-Ladies.jpg 1200w\" data-sizes=\"(max-width: 1024px) 100vw, 1024px\" src=\"data:image\/svg+xml;base64,PHN2ZyB3aWR0aD0iMSIgaGVpZ2h0PSIxIiB4bWxucz0iaHR0cDovL3d3dy53My5vcmcvMjAwMC9zdmciPjwvc3ZnPg==\" style=\"--smush-placeholder-width: 1024px; --smush-placeholder-aspect-ratio: 1024\/682;\" \/><\/figure>\n\n\n\n<figure class=\"wp-block-image size-large\"><img decoding=\"async\" width=\"1024\" height=\"1024\" data-src=\"https:\/\/gazetaregionalna.com\/wp-content\/uploads\/2024\/04\/DMK-Invest-1-1024x1024.jpg\" alt=\"\" class=\"wp-image-123882 lazyload\" data-srcset=\"https:\/\/gazetaregionalna.com\/wp-content\/uploads\/2024\/04\/DMK-Invest-1-1024x1024.jpg 1024w, https:\/\/gazetaregionalna.com\/wp-content\/uploads\/2024\/04\/DMK-Invest-1-300x300.jpg 300w, https:\/\/gazetaregionalna.com\/wp-content\/uploads\/2024\/04\/DMK-Invest-1-150x150.jpg 150w, https:\/\/gazetaregionalna.com\/wp-content\/uploads\/2024\/04\/DMK-Invest-1-768x768.jpg 768w, https:\/\/gazetaregionalna.com\/wp-content\/uploads\/2024\/04\/DMK-Invest-1-1536x1536.jpg 1536w, https:\/\/gazetaregionalna.com\/wp-content\/uploads\/2024\/04\/DMK-Invest-1-2048x2048.jpg 2048w, https:\/\/gazetaregionalna.com\/wp-content\/uploads\/2024\/04\/DMK-Invest-1-215x215.jpg 215w, https:\/\/gazetaregionalna.com\/wp-content\/uploads\/2024\/04\/DMK-Invest-1-scaled.jpg 1600w\" data-sizes=\"(max-width: 1024px) 100vw, 1024px\" src=\"data:image\/svg+xml;base64,PHN2ZyB3aWR0aD0iMSIgaGVpZ2h0PSIxIiB4bWxucz0iaHR0cDovL3d3dy53My5vcmcvMjAwMC9zdmciPjwvc3ZnPg==\" style=\"--smush-placeholder-width: 1024px; --smush-placeholder-aspect-ratio: 1024\/1024;\" \/><\/figure>\n\n\n\n<figure class=\"wp-block-image size-full\"><img decoding=\"async\" width=\"300\" height=\"250\" data-src=\"https:\/\/gazetaregionalna.com\/wp-content\/uploads\/2025\/01\/Wlodar-Wilenska-1.jpg\" alt=\"\" class=\"wp-image-133183 lazyload\" src=\"data:image\/svg+xml;base64,PHN2ZyB3aWR0aD0iMSIgaGVpZ2h0PSIxIiB4bWxucz0iaHR0cDovL3d3dy53My5vcmcvMjAwMC9zdmciPjwvc3ZnPg==\" style=\"--smush-placeholder-width: 300px; --smush-placeholder-aspect-ratio: 300\/250;\"><\/figure>\n","protected":false},"excerpt":{"rendered":"<p>Ogromne problemy dopad\u0142y kobiecy zesp\u00f3\u0142 FC Skra Ladies Cz\u0119stochowa. Klub przezywa ogromne problemy finansowe. Wycofa\u0142 si\u0119 z Pucharu Polski, rozwi\u0105zuje kontrakty z pi\u0142karkami, a<\/p>\n","protected":false},"author":25,"featured_media":128185,"comment_status":"closed","ping_status":"open","sticky":false,"template":"","format":"standard","meta":{"_monsterinsights_skip_tracking":false,"_monsterinsights_sitenote_active":false,"_monsterinsights_sitenote_note":"","_monsterinsights_sitenote_category":0,"_uf_show_specific_survey":0,"_uf_disable_surveys":false,"footnotes":""},"categories":[94,6,5],"tags":[],"class_list":["post-133572","post","type-post","status-publish","format-standard","has-post-thumbnail","hentry","category-polecane","category-pilka-nozna","category-sport"],"_links":{"self":[{"href":"https:\/\/gazetaregionalna.com\/index.php?rest_route=\/wp\/v2\/posts\/133572","targetHints":{"allow":["GET"]}}],"collection":[{"href":"https:\/\/gazetaregionalna.com\/index.php?rest_route=\/wp\/v2\/posts"}],"about":[{"href":"https:\/\/gazetaregionalna.com\/index.php?rest_route=\/wp\/v2\/types\/post"}],"author":[{"embeddable":true,"href":"https:\/\/gazetaregionalna.com\/index.php?rest_route=\/wp\/v2\/users\/25"}],"replies":[{"embeddable":true,"href":"https:\/\/gazetaregionalna.com\/index.php?rest_route=%2Fwp%2Fv2%2Fcomments&post=133572"}],"version-history":[{"count":1,"href":"https:\/\/gazetaregionalna.com\/index.php?rest_route=\/wp\/v2\/posts\/133572\/revisions"}],"predecessor-version":[{"id":133573,"href":"https:\/\/gazetaregionalna.com\/index.php?rest_route=\/wp\/v2\/posts\/133572\/revisions\/133573"}],"wp:featuredmedia":[{"embeddable":true,"href":"https:\/\/gazetaregionalna.com\/index.php?rest_route=\/wp\/v2\/media\/128185"}],"wp:attachment":[{"href":"https:\/\/gazetaregionalna.com\/index.php?rest_route=%2Fwp%2Fv2%2Fmedia&parent=133572"}],"wp:term":[{"taxonomy":"category","embeddable":true,"href":"https:\/\/gazetaregionalna.com\/index.php?rest_route=%2Fwp%2Fv2%2Fcategories&post=133572"},{"taxonomy":"post_tag","embeddable":true,"href":"https:\/\/gazetaregionalna.com\/index.php?rest_route=%2Fwp%2Fv2%2Ftags&post=133572"}],"curies":[{"name":"wp","href":"https:\/\/api.w.org\/{rel}","templated":true}]}}