{"id":13355,"date":"2020-06-04T13:44:37","date_gmt":"2020-06-04T13:44:37","guid":{"rendered":"https:\/\/gazetaregionalna.com\/?p=13355"},"modified":"2020-06-04T13:44:38","modified_gmt":"2020-06-04T13:44:38","slug":"sytuacja-epidemiczna","status":"publish","type":"post","link":"https:\/\/gazetaregionalna.com\/?p=13355","title":{"rendered":"Aktualne dane dotycz\u0105ce sytuacji epidemicznej SARS-CoV-2 w powiecie lublinieckim."},"content":{"rendered":"\n<p>  Na chwil\u0119 obecn\u0105 statystyki dotycz\u0105ce aktualnej sytuacji epidemicznej w powiecie przedstawiaj\u0105 si\u0119 nast\u0119puj\u0105co: 2 nowe zaka\u017cenia. Odnotowano je w gminach: Kochanowice i Kosz\u0119cin oraz 5-ciu ozdrowie\u0144c\u00f3w w gminach: Ciasna, Kosz\u0119cin, Lubliniec, Pawonk\u00f3w i Wo\u017aniki.\u00a0 <\/p>\n\n\n\n<figure class=\"wp-block-image size-large\"><img decoding=\"async\" width=\"800\" height=\"440\" data-src=\"https:\/\/gazetaregionalna.com\/wp-content\/uploads\/2020\/06\/statystyki.jpg\" alt=\"\" class=\"wp-image-13356 lazyload\" data-srcset=\"https:\/\/gazetaregionalna.com\/wp-content\/uploads\/2020\/06\/statystyki.jpg 800w, https:\/\/gazetaregionalna.com\/wp-content\/uploads\/2020\/06\/statystyki-300x165.jpg 300w, https:\/\/gazetaregionalna.com\/wp-content\/uploads\/2020\/06\/statystyki-768x422.jpg 768w, https:\/\/gazetaregionalna.com\/wp-content\/uploads\/2020\/06\/statystyki-696x383.jpg 696w, https:\/\/gazetaregionalna.com\/wp-content\/uploads\/2020\/06\/statystyki-764x420.jpg 764w\" data-sizes=\"(max-width: 800px) 100vw, 800px\" src=\"data:image\/svg+xml;base64,PHN2ZyB3aWR0aD0iMSIgaGVpZ2h0PSIxIiB4bWxucz0iaHR0cDovL3d3dy53My5vcmcvMjAwMC9zdmciPjwvc3ZnPg==\" style=\"--smush-placeholder-width: 800px; --smush-placeholder-aspect-ratio: 800\/440;\" \/><figcaption>(Fot. Powiat Lubliniecki)<\/figcaption><\/figure>\n\n\n\n<p>(\u0179r\u00f3d\u0142o: Powiat Lubliniecki)<\/p>\n","protected":false},"excerpt":{"rendered":"<p>Na chwil\u0119 obecn\u0105 statystyki dotycz\u0105ce aktualnej sytuacji epidemicznej w powiecie przedstawiaj\u0105 si\u0119 nast\u0119puj\u0105co: 2 nowe zaka\u017cenia. Odnotowano je w gminach: Kochanowice i Kosz\u0119cin oraz<\/p>\n","protected":false},"author":12,"featured_media":13357,"comment_status":"open","ping_status":"open","sticky":false,"template":"","format":"standard","meta":{"_monsterinsights_skip_tracking":false,"_monsterinsights_sitenote_active":false,"_monsterinsights_sitenote_note":"","_monsterinsights_sitenote_category":0,"_uf_show_specific_survey":0,"_uf_disable_surveys":false,"footnotes":""},"categories":[25,44,3,4,37],"tags":[],"class_list":["post-13355","post","type-post","status-publish","format-standard","has-post-thumbnail","hentry","category-lubliniec","category-bezpieczenstwo","category-czestochowa-informacje","category-region","category-zdrowie"],"_links":{"self":[{"href":"https:\/\/gazetaregionalna.com\/index.php?rest_route=\/wp\/v2\/posts\/13355","targetHints":{"allow":["GET"]}}],"collection":[{"href":"https:\/\/gazetaregionalna.com\/index.php?rest_route=\/wp\/v2\/posts"}],"about":[{"href":"https:\/\/gazetaregionalna.com\/index.php?rest_route=\/wp\/v2\/types\/post"}],"author":[{"embeddable":true,"href":"https:\/\/gazetaregionalna.com\/index.php?rest_route=\/wp\/v2\/users\/12"}],"replies":[{"embeddable":true,"href":"https:\/\/gazetaregionalna.com\/index.php?rest_route=%2Fwp%2Fv2%2Fcomments&post=13355"}],"version-history":[{"count":3,"href":"https:\/\/gazetaregionalna.com\/index.php?rest_route=\/wp\/v2\/posts\/13355\/revisions"}],"predecessor-version":[{"id":13361,"href":"https:\/\/gazetaregionalna.com\/index.php?rest_route=\/wp\/v2\/posts\/13355\/revisions\/13361"}],"wp:featuredmedia":[{"embeddable":true,"href":"https:\/\/gazetaregionalna.com\/index.php?rest_route=\/wp\/v2\/media\/13357"}],"wp:attachment":[{"href":"https:\/\/gazetaregionalna.com\/index.php?rest_route=%2Fwp%2Fv2%2Fmedia&parent=13355"}],"wp:term":[{"taxonomy":"category","embeddable":true,"href":"https:\/\/gazetaregionalna.com\/index.php?rest_route=%2Fwp%2Fv2%2Fcategories&post=13355"},{"taxonomy":"post_tag","embeddable":true,"href":"https:\/\/gazetaregionalna.com\/index.php?rest_route=%2Fwp%2Fv2%2Ftags&post=13355"}],"curies":[{"name":"wp","href":"https:\/\/api.w.org\/{rel}","templated":true}]}}