{"id":1334,"date":"2018-12-14T11:37:02","date_gmt":"2018-12-14T11:37:02","guid":{"rendered":"http:\/\/gazetaregionalna.com\/?p=1334"},"modified":"2018-12-14T11:37:02","modified_gmt":"2018-12-14T11:37:02","slug":"liczba-fotoradarow-na-polskich-drogach-moze-sie-nawet-podwoic-pierwsze-urzadzenia-pojawia-sie-pod-koniec-2020-roku","status":"publish","type":"post","link":"https:\/\/gazetaregionalna.com\/?p=1334","title":{"rendered":"Liczba fotoradar\u00f3w na polskich drogach mo\u017ce si\u0119 nawet podwoi\u0107! Pierwsze urz\u0105dzenia pojawi\u0105 si\u0119 pod koniec 2020 roku"},"content":{"rendered":"<p>&nbsp;<\/p>\n<p><span style=\"font-family: Times New Roman, serif;\">Ju\u017c pod koniec 2020 r. na naszych drogach zaroi si\u0119 od nowych urz\u0105dze\u0144 rejestruj\u0105cych &#8211; informuje Dziennik Gazeta Prawna. Rozbudowa sieci fotoradar\u00f3w ma by\u0107 w du\u017cej cz\u0119\u015bci sfinansowana przez \u015brodki z Unii Europejskiej. Liczba urz\u0105dze\u0144 mo\u017ce wzrosn\u0105\u0107 nawet o kilkaset sztuk.<br \/>\n<\/span><br \/>\n<span style=\"font-family: Times New Roman, serif;\">Na polskich drogach pojawi\u0105 si\u0119 setki nowych fotoradar\u00f3w Z ustale\u0144 wynika, \u017ce Inspekcja Transportu Drogowego otrzyma\u0142a w\u0142a\u015bnie zgod\u0119, by wykorzysta\u0107 pieni\u0105dze z Unii na rozbudow\u0119 sieci fotoradar\u00f3w &#8211; pisze Dziennik Gazeta Prawna. Konkretnie chodzi o projekt \u201eZwi\u0119kszenie skuteczno\u015bci i efektywno\u015bci systemu automatycznego nadzoru nad ruchem drogowym\u201d zak\u0142adaj\u0105cy, \u017ce liczba urz\u0105dze\u0144 rejestruj\u0105cych pr\u0119dko\u015b\u0107 b\u0105d\u017a przejazd na czerwonym \u015bwietle wzro\u015bnie o kilkaset sztuk. Liczba fotoradar\u00f3w mo\u017ce si\u0119 nawet podwoi\u0107. <\/span><\/p>\n<p><span style=\"font-family: Times New Roman, serif;\">Wed\u0142ug dziennika, Inspekcja wyst\u0105pi\u0142a o fundusze z UE poniewa\u017c nie by\u0142o jej sta\u0107 na tak du\u017ce wydatki. Stosowny wniosek z\u0142o\u017cono z lutym tego roku. Umowa ma zosta\u0107 podpisana do ko\u0144ca tego roku. ITD mo\u017ce liczy\u0107 na a\u017c 85 procentow\u0105 refundacj\u0119 wydatk\u00f3w. Nowych fotoradar\u00f3w mo\u017cna si\u0119 spodziewa\u0107 w drugiej po\u0142owie 2020 roku, b\u0105d\u017a na prze\u0142omie 2020 i 2021. Inspekcja ma ju\u017c zapewnione pieni\u0105dze, teraz musi zdecydowa\u0107, gdzie nowe urz\u0105dzenia dostawi\u0107. Problem w tym, \u017ce rz\u0105d chcia\u0142, by wszystkie przej\u0119\u0142a policja. Wygl\u0105da jednak na to, \u017ce pr\u0119dko to nie nast\u0105pi. &#8211; pisze DGP. Fotoradary obecnie s\u0105 zamontowane w lokalizacjach wybranych ma podstawie opracowanej przez ekspert\u00f3w z Politechniki Gda\u0144skiej i Krakowskiej metodologii, kt\u00f3ra okre\u015bla m.in. poziom zagro\u017cenia wypadkami, przy uwzgl\u0119dnieniu \u201easpekt\u00f3w infrastrukturalnych oraz technicznych\u201d. Niewykluczone, \u017ce podobnie b\u0119dzie z nowymi urz\u0105dzeniami.<\/span><\/p>\n<p><span style=\"font-family: Times New Roman, serif;\">(red.)<\/span><\/p>\n","protected":false},"excerpt":{"rendered":"<p>&nbsp; Ju\u017c pod koniec 2020 r. na naszych drogach zaroi si\u0119 od nowych urz\u0105dze\u0144 rejestruj\u0105cych &#8211; informuje Dziennik Gazeta Prawna. Rozbudowa sieci fotoradar\u00f3w ma<\/p>\n","protected":false},"author":3,"featured_media":0,"comment_status":"open","ping_status":"closed","sticky":false,"template":"","format":"standard","meta":{"_monsterinsights_skip_tracking":false,"_monsterinsights_sitenote_active":false,"_monsterinsights_sitenote_note":"","_monsterinsights_sitenote_category":0,"_uf_show_specific_survey":0,"_uf_disable_surveys":false,"footnotes":""},"categories":[18,2],"tags":[],"class_list":["post-1334","post","type-post","status-publish","format-standard","hentry","category-motoryzacja","category-wiadomosci"],"_links":{"self":[{"href":"https:\/\/gazetaregionalna.com\/index.php?rest_route=\/wp\/v2\/posts\/1334","targetHints":{"allow":["GET"]}}],"collection":[{"href":"https:\/\/gazetaregionalna.com\/index.php?rest_route=\/wp\/v2\/posts"}],"about":[{"href":"https:\/\/gazetaregionalna.com\/index.php?rest_route=\/wp\/v2\/types\/post"}],"author":[{"embeddable":true,"href":"https:\/\/gazetaregionalna.com\/index.php?rest_route=\/wp\/v2\/users\/3"}],"replies":[{"embeddable":true,"href":"https:\/\/gazetaregionalna.com\/index.php?rest_route=%2Fwp%2Fv2%2Fcomments&post=1334"}],"version-history":[{"count":1,"href":"https:\/\/gazetaregionalna.com\/index.php?rest_route=\/wp\/v2\/posts\/1334\/revisions"}],"predecessor-version":[{"id":1338,"href":"https:\/\/gazetaregionalna.com\/index.php?rest_route=\/wp\/v2\/posts\/1334\/revisions\/1338"}],"wp:attachment":[{"href":"https:\/\/gazetaregionalna.com\/index.php?rest_route=%2Fwp%2Fv2%2Fmedia&parent=1334"}],"wp:term":[{"taxonomy":"category","embeddable":true,"href":"https:\/\/gazetaregionalna.com\/index.php?rest_route=%2Fwp%2Fv2%2Fcategories&post=1334"},{"taxonomy":"post_tag","embeddable":true,"href":"https:\/\/gazetaregionalna.com\/index.php?rest_route=%2Fwp%2Fv2%2Ftags&post=1334"}],"curies":[{"name":"wp","href":"https:\/\/api.w.org\/{rel}","templated":true}]}}