{"id":133307,"date":"2025-02-04T21:38:19","date_gmt":"2025-02-04T21:38:19","guid":{"rendered":"https:\/\/gazetaregionalna.com\/?p=133307"},"modified":"2025-02-04T21:38:20","modified_gmt":"2025-02-04T21:38:20","slug":"czestochowski-teatr-premiera-lekcje-tanca","status":"publish","type":"post","link":"https:\/\/gazetaregionalna.com\/?p=133307","title":{"rendered":"Cz\u0119stochowski teatr szykuje si\u0119 do premiery spektaklu &#8222;Lekcje ta\u0144ca&#8221;. To propozycja na walentynki"},"content":{"rendered":"\n<h2 class=\"wp-block-heading\">Za re\u017cyseri\u0119 odpowiada Aneta Groszy\u0144ska, obsad\u0119 tworz\u0105 Hanna Zbyryt i Bartosz Kope\u0107. Premiera spektaklu &#8222;Lekcje ta\u0144ca&#8221; w Teatrze im. A. Mickiewicza ju\u017c 15 lutego. Przedpremierowo zobaczymy go w walentynki.<\/h2>\n\n\n\n<p>Teatr im. A.Mickiewicza przygotowuje w\u0142a\u015bnie drug\u0105 w nowym roku premier\u0119. To &#8222;Lekcje ta\u0144ca&#8221; Marka St. Germaina w re\u017cyserii Anety Groszy\u0144skiej. Premierowy tytu\u0142 promowany jest jako &#8222;czu\u0142a komedia&#8221;.<\/p>\n\n\n\n<p>&#8222;Lekcje ta\u0144ca&#8221; to sztuka \u0142\u0105cz\u0105ca w sobie ciep\u0142o, humor oraz refleksj\u0119 nad tym, jak trudno jest pokona\u0107 granice w\u0142asnych l\u0119k\u00f3w i r\u00f3\u017cnic.\u00a0<\/p>\n\n\n\n<figure class=\"wp-block-image size-large\"><img decoding=\"async\" width=\"1024\" height=\"684\" data-src=\"https:\/\/gazetaregionalna.com\/wp-content\/uploads\/2025\/02\/476427427_1042406351257015_8661215840215862341_n-1024x684.jpg\" alt=\"\" class=\"wp-image-133316 lazyload\" data-srcset=\"https:\/\/gazetaregionalna.com\/wp-content\/uploads\/2025\/02\/476427427_1042406351257015_8661215840215862341_n-1024x684.jpg 1024w, https:\/\/gazetaregionalna.com\/wp-content\/uploads\/2025\/02\/476427427_1042406351257015_8661215840215862341_n-300x200.jpg 300w, https:\/\/gazetaregionalna.com\/wp-content\/uploads\/2025\/02\/476427427_1042406351257015_8661215840215862341_n-768x513.jpg 768w, https:\/\/gazetaregionalna.com\/wp-content\/uploads\/2025\/02\/476427427_1042406351257015_8661215840215862341_n.jpg 1200w\" data-sizes=\"(max-width: 1024px) 100vw, 1024px\" src=\"data:image\/svg+xml;base64,PHN2ZyB3aWR0aD0iMSIgaGVpZ2h0PSIxIiB4bWxucz0iaHR0cDovL3d3dy53My5vcmcvMjAwMC9zdmciPjwvc3ZnPg==\" style=\"--smush-placeholder-width: 1024px; --smush-placeholder-aspect-ratio: 1024\/684;\" \/><figcaption class=\"wp-element-caption\">Pr\u00f3ba spektaklu &#8222;Lekcje ta\u0144ca&#8221; &#8211; fot. Piotr D\u0142ubak<\/figcaption><\/figure>\n\n\n\n<p>Senga, tancerka po wypadku, zmuszona jest zrezygnowa\u0107 z kariery, a Ever, profesor w spektrum autyzmu, zmaga si\u0119 z w\u0142asnym l\u0119kiem przed dotykiem i blisko\u015bci\u0105. Cho\u0107 dzieli ich wszystko \u2013 od przesz\u0142o\u015bci po spos\u00f3b postrzegania \u015bwiata \u2013 to jednak ich spotkanie daje im szans\u0119 na zrozumienie siebie nawzajem i prze\u0142amanie wewn\u0119trznych barier.<\/p>\n\n\n\n<p>Tytu\u0142owe lekcje ta\u0144ca, kt\u00f3re maj\u0105 pozwoli\u0107 Everowi poczu\u0107 si\u0119 swobodnie podczas bankietu staj\u0105 si\u0119 czym\u015b o wiele bardziej istotnym \u2013 sposobem na poznanie drugiej osoby, zbli\u017cenie si\u0119 do siebie, na budowanie relacji, kt\u00f3ra staje si\u0119 fundamentem zrozumienia.<\/p>\n\n\n\n<figure class=\"wp-block-image size-large\"><img decoding=\"async\" width=\"1024\" height=\"684\" data-src=\"https:\/\/gazetaregionalna.com\/wp-content\/uploads\/2025\/02\/475868079_1042406124590371_4152305148400870772_n-1024x684.jpg\" alt=\"\" class=\"wp-image-133314 lazyload\" data-srcset=\"https:\/\/gazetaregionalna.com\/wp-content\/uploads\/2025\/02\/475868079_1042406124590371_4152305148400870772_n-1024x684.jpg 1024w, https:\/\/gazetaregionalna.com\/wp-content\/uploads\/2025\/02\/475868079_1042406124590371_4152305148400870772_n-300x200.jpg 300w, https:\/\/gazetaregionalna.com\/wp-content\/uploads\/2025\/02\/475868079_1042406124590371_4152305148400870772_n-768x513.jpg 768w, https:\/\/gazetaregionalna.com\/wp-content\/uploads\/2025\/02\/475868079_1042406124590371_4152305148400870772_n.jpg 1200w\" data-sizes=\"(max-width: 1024px) 100vw, 1024px\" src=\"data:image\/svg+xml;base64,PHN2ZyB3aWR0aD0iMSIgaGVpZ2h0PSIxIiB4bWxucz0iaHR0cDovL3d3dy53My5vcmcvMjAwMC9zdmciPjwvc3ZnPg==\" style=\"--smush-placeholder-width: 1024px; --smush-placeholder-aspect-ratio: 1024\/684;\" \/><figcaption class=\"wp-element-caption\">Pr\u00f3ba spektaklu &#8222;Lekcje ta\u0144ca&#8221; &#8211; fot. Piotr D\u0142ubak<\/figcaption><\/figure>\n\n\n\n<p>-W tej czu\u0142ej komedii prze\u015bledzimy histori\u0119 dw\u00f3ch samotnych os\u00f3b, kt\u00f3re przypadkowo spotykaj\u0105 si\u0119 w miejskiej d\u017cungli Nowego Jorku, by nauczy\u0107 si\u0119 nie tylko ta\u0144ca, ale tak\u017ce akceptacji i blisko\u015bci &#8211; zapowiada teatr.<\/p>\n\n\n\n<p>Seng\u0119 gra Hanna Zbyryt,a Evera &#8211; Bartosz Kope\u0107. Premierowy spektakl odb\u0119dzie si\u0119 15 lutego. &#8222;Lekcje ta\u0144ca&#8221; b\u0119dzie mo\u017cna obejrze\u0107 te\u017c na walentynki, 14 lutego.<\/p>\n\n\n\n<p>Szczeg\u00f3\u0142owy program dost\u0119pny jest na: <a href=\"https:\/\/www.teatr-mickiewicza.pl\/\" target=\"_blank\" rel=\"noopener\">www.teatr-mickiewicza.pl<\/a><\/p>\n\n\n\n<p><strong>red., fot. Piotr D\u0142ubak\/Teatr im. A. Mickiewicza<\/strong><\/p>\n\n\n\n<figure class=\"wp-block-gallery has-nested-images columns-default is-cropped wp-block-gallery-1 is-layout-flex wp-block-gallery-is-layout-flex\">\n<figure class=\"wp-block-image size-large\"><img decoding=\"async\" width=\"1024\" height=\"684\" data-id=\"133315\" data-src=\"https:\/\/gazetaregionalna.com\/wp-content\/uploads\/2025\/02\/475963347_1042405957923721_8271669403962450706_n-1024x684.jpg\" alt=\"\" class=\"wp-image-133315 lazyload\" data-srcset=\"https:\/\/gazetaregionalna.com\/wp-content\/uploads\/2025\/02\/475963347_1042405957923721_8271669403962450706_n-1024x684.jpg 1024w, https:\/\/gazetaregionalna.com\/wp-content\/uploads\/2025\/02\/475963347_1042405957923721_8271669403962450706_n-300x200.jpg 300w, https:\/\/gazetaregionalna.com\/wp-content\/uploads\/2025\/02\/475963347_1042405957923721_8271669403962450706_n-768x513.jpg 768w, https:\/\/gazetaregionalna.com\/wp-content\/uploads\/2025\/02\/475963347_1042405957923721_8271669403962450706_n.jpg 1200w\" data-sizes=\"(max-width: 1024px) 100vw, 1024px\" src=\"data:image\/svg+xml;base64,PHN2ZyB3aWR0aD0iMSIgaGVpZ2h0PSIxIiB4bWxucz0iaHR0cDovL3d3dy53My5vcmcvMjAwMC9zdmciPjwvc3ZnPg==\" style=\"--smush-placeholder-width: 1024px; --smush-placeholder-aspect-ratio: 1024\/684;\" \/><\/figure>\n\n\n\n<figure class=\"wp-block-image size-large\"><img decoding=\"async\" width=\"1024\" height=\"684\" data-id=\"133312\" data-src=\"https:\/\/gazetaregionalna.com\/wp-content\/uploads\/2025\/02\/475831697_1042406057923711_3619606713298020818_n-1024x684.jpg\" alt=\"\" class=\"wp-image-133312 lazyload\" data-srcset=\"https:\/\/gazetaregionalna.com\/wp-content\/uploads\/2025\/02\/475831697_1042406057923711_3619606713298020818_n-1024x684.jpg 1024w, https:\/\/gazetaregionalna.com\/wp-content\/uploads\/2025\/02\/475831697_1042406057923711_3619606713298020818_n-300x200.jpg 300w, https:\/\/gazetaregionalna.com\/wp-content\/uploads\/2025\/02\/475831697_1042406057923711_3619606713298020818_n-768x513.jpg 768w, https:\/\/gazetaregionalna.com\/wp-content\/uploads\/2025\/02\/475831697_1042406057923711_3619606713298020818_n.jpg 1200w\" data-sizes=\"(max-width: 1024px) 100vw, 1024px\" src=\"data:image\/svg+xml;base64,PHN2ZyB3aWR0aD0iMSIgaGVpZ2h0PSIxIiB4bWxucz0iaHR0cDovL3d3dy53My5vcmcvMjAwMC9zdmciPjwvc3ZnPg==\" style=\"--smush-placeholder-width: 1024px; --smush-placeholder-aspect-ratio: 1024\/684;\" \/><\/figure>\n\n\n\n<figure class=\"wp-block-image size-large\"><img decoding=\"async\" width=\"1024\" height=\"684\" data-id=\"133310\" data-src=\"https:\/\/gazetaregionalna.com\/wp-content\/uploads\/2025\/02\/475662261_1042406381257012_2777963880370436363_n-1024x684.jpg\" alt=\"\" class=\"wp-image-133310 lazyload\" data-srcset=\"https:\/\/gazetaregionalna.com\/wp-content\/uploads\/2025\/02\/475662261_1042406381257012_2777963880370436363_n-1024x684.jpg 1024w, https:\/\/gazetaregionalna.com\/wp-content\/uploads\/2025\/02\/475662261_1042406381257012_2777963880370436363_n-300x200.jpg 300w, https:\/\/gazetaregionalna.com\/wp-content\/uploads\/2025\/02\/475662261_1042406381257012_2777963880370436363_n-768x513.jpg 768w, https:\/\/gazetaregionalna.com\/wp-content\/uploads\/2025\/02\/475662261_1042406381257012_2777963880370436363_n.jpg 1200w\" data-sizes=\"(max-width: 1024px) 100vw, 1024px\" src=\"data:image\/svg+xml;base64,PHN2ZyB3aWR0aD0iMSIgaGVpZ2h0PSIxIiB4bWxucz0iaHR0cDovL3d3dy53My5vcmcvMjAwMC9zdmciPjwvc3ZnPg==\" style=\"--smush-placeholder-width: 1024px; --smush-placeholder-aspect-ratio: 1024\/684;\" \/><\/figure>\n\n\n\n<figure data-wp-context=\"{&quot;imageId&quot;:&quot;69efb7dcb8352&quot;}\" data-wp-interactive=\"core\/image\" data-wp-key=\"69efb7dcb8352\" class=\"wp-block-image size-full wp-lightbox-container\"><img decoding=\"async\" width=\"1068\" height=\"1600\" data-wp-class--hide=\"state.isContentHidden\" data-wp-class--show=\"state.isContentVisible\" data-wp-init=\"callbacks.setButtonStyles\" data-wp-on--click=\"actions.showLightbox\" data-wp-on--load=\"callbacks.setButtonStyles\" data-wp-on-window--resize=\"callbacks.setButtonStyles\" data-id=\"133317\" data-src=\"https:\/\/gazetaregionalna.com\/wp-content\/uploads\/2025\/02\/475687395_1042406167923700_8002212356174618363_n-scaled.jpg\" alt=\"\" class=\"wp-image-133317 lazyload\" data-srcset=\"https:\/\/gazetaregionalna.com\/wp-content\/uploads\/2025\/02\/475687395_1042406167923700_8002212356174618363_n-scaled.jpg 1068w, https:\/\/gazetaregionalna.com\/wp-content\/uploads\/2025\/02\/475687395_1042406167923700_8002212356174618363_n-200x300.jpg 200w, https:\/\/gazetaregionalna.com\/wp-content\/uploads\/2025\/02\/475687395_1042406167923700_8002212356174618363_n-683x1024.jpg 683w, https:\/\/gazetaregionalna.com\/wp-content\/uploads\/2025\/02\/475687395_1042406167923700_8002212356174618363_n-768x1151.jpg 768w, https:\/\/gazetaregionalna.com\/wp-content\/uploads\/2025\/02\/475687395_1042406167923700_8002212356174618363_n-1025x1536.jpg 1025w\" data-sizes=\"(max-width: 1068px) 100vw, 1068px\" src=\"data:image\/svg+xml;base64,PHN2ZyB3aWR0aD0iMSIgaGVpZ2h0PSIxIiB4bWxucz0iaHR0cDovL3d3dy53My5vcmcvMjAwMC9zdmciPjwvc3ZnPg==\" style=\"--smush-placeholder-width: 1068px; --smush-placeholder-aspect-ratio: 1068\/1600;\" \/><button\n\t\t\tclass=\"lightbox-trigger\"\n\t\t\ttype=\"button\"\n\t\t\taria-haspopup=\"dialog\"\n\t\t\taria-label=\"Powi\u0119ksz\"\n\t\t\tdata-wp-init=\"callbacks.initTriggerButton\"\n\t\t\tdata-wp-on--click=\"actions.showLightbox\"\n\t\t\tdata-wp-style--right=\"state.imageButtonRight\"\n\t\t\tdata-wp-style--top=\"state.imageButtonTop\"\n\t\t>\n\t\t\t<svg xmlns=\"http:\/\/www.w3.org\/2000\/svg\" width=\"12\" height=\"12\" fill=\"none\" viewBox=\"0 0 12 12\">\n\t\t\t\t<path fill=\"#fff\" d=\"M2 0a2 2 0 0 0-2 2v2h1.5V2a.5.5 0 0 1 .5-.5h2V0H2Zm2 10.5H2a.5.5 0 0 1-.5-.5V8H0v2a2 2 0 0 0 2 2h2v-1.5ZM8 12v-1.5h2a.5.5 0 0 0 .5-.5V8H12v2a2 2 0 0 1-2 2H8Zm2-12a2 2 0 0 1 2 2v2h-1.5V2a.5.5 0 0 0-.5-.5H8V0h2Z\" \/>\n\t\t\t<\/svg>\n\t\t<\/button><\/figure>\n<\/figure>\n","protected":false},"excerpt":{"rendered":"<p>Za re\u017cyseri\u0119 odpowiada Aneta Groszy\u0144ska, obsad\u0119 tworz\u0105 Hanna Zbyryt i Bartosz Kope\u0107. Premiera spektaklu &#8222;Lekcje ta\u0144ca&#8221; w Teatrze im. A. Mickiewicza ju\u017c 15 lutego.<\/p>\n","protected":false},"author":11,"featured_media":133311,"comment_status":"closed","ping_status":"open","sticky":false,"template":"","format":"standard","meta":{"_monsterinsights_skip_tracking":false,"_monsterinsights_sitenote_active":false,"_monsterinsights_sitenote_note":"","_monsterinsights_sitenote_category":0,"_uf_show_specific_survey":0,"_uf_disable_surveys":false,"footnotes":""},"categories":[12,3,94,2],"tags":[2211,144,2849,976,9524,1750,255],"class_list":["post-133307","post","type-post","status-publish","format-standard","has-post-thumbnail","hentry","category-kultura-i-rozrywka","category-czestochowa-informacje","category-polecane","category-wiadomosci","tag-bartosz-kopec","tag-czestochowa","tag-hanna-zbyryt","tag-komedia","tag-lekcje-tanca","tag-premiera","tag-teatr-im-adama-mickiewicza-w-czestochowie"],"_links":{"self":[{"href":"https:\/\/gazetaregionalna.com\/index.php?rest_route=\/wp\/v2\/posts\/133307","targetHints":{"allow":["GET"]}}],"collection":[{"href":"https:\/\/gazetaregionalna.com\/index.php?rest_route=\/wp\/v2\/posts"}],"about":[{"href":"https:\/\/gazetaregionalna.com\/index.php?rest_route=\/wp\/v2\/types\/post"}],"author":[{"embeddable":true,"href":"https:\/\/gazetaregionalna.com\/index.php?rest_route=\/wp\/v2\/users\/11"}],"replies":[{"embeddable":true,"href":"https:\/\/gazetaregionalna.com\/index.php?rest_route=%2Fwp%2Fv2%2Fcomments&post=133307"}],"version-history":[{"count":3,"href":"https:\/\/gazetaregionalna.com\/index.php?rest_route=\/wp\/v2\/posts\/133307\/revisions"}],"predecessor-version":[{"id":133318,"href":"https:\/\/gazetaregionalna.com\/index.php?rest_route=\/wp\/v2\/posts\/133307\/revisions\/133318"}],"wp:featuredmedia":[{"embeddable":true,"href":"https:\/\/gazetaregionalna.com\/index.php?rest_route=\/wp\/v2\/media\/133311"}],"wp:attachment":[{"href":"https:\/\/gazetaregionalna.com\/index.php?rest_route=%2Fwp%2Fv2%2Fmedia&parent=133307"}],"wp:term":[{"taxonomy":"category","embeddable":true,"href":"https:\/\/gazetaregionalna.com\/index.php?rest_route=%2Fwp%2Fv2%2Fcategories&post=133307"},{"taxonomy":"post_tag","embeddable":true,"href":"https:\/\/gazetaregionalna.com\/index.php?rest_route=%2Fwp%2Fv2%2Ftags&post=133307"}],"curies":[{"name":"wp","href":"https:\/\/api.w.org\/{rel}","templated":true}]}}