{"id":133201,"date":"2025-02-01T18:25:01","date_gmt":"2025-02-01T18:25:01","guid":{"rendered":"https:\/\/gazetaregionalna.com\/?p=133201"},"modified":"2025-02-02T09:30:46","modified_gmt":"2025-02-02T09:30:46","slug":"rakow-rozpoczal-2025-rok-od-remisu-w-krakowie-z-cracovia-remis","status":"publish","type":"post","link":"https:\/\/gazetaregionalna.com\/?p=133201","title":{"rendered":"Rak\u00f3w rozpocz\u0105\u0142 2025 rok od remisu w Krakowie"},"content":{"rendered":"\n<p>W pierwszym meczu w 2025 roku Rak\u00f3w Cz\u0119stochowa zremisowa\u0142 w meczu PKO BP Ekstraklasy w Krakowie z Cracovi\u0105 0:0. Cz\u0119stochowscy pi\u0142karze maj\u0105 ju\u017c 4 punkty straty do lidera Lecha Pozna\u0144. <\/p>\n\n\n\n<p>Pi\u0142karze Rakowa Cz\u0119stochowa wr\u00f3cili dzisiaj do rozgrywek w PKO BP Ekstraklasie. Cz\u0119stochowianie przerw\u0119 zimow\u0105 sp\u0119dzili na pozycji wicelidera. Do rundy wiosennej przygotowywali si\u0119 po raz pierwszy na 14-dniowym obozie w s\u0142onecznej Hiszpanii, gdzie nie brakowa\u0142o im dos\u0142ownie niczego. Rak\u00f3w pokaza\u0142 si\u0119 z dobrej strony w meczach kontrolnych i z optymizmem podchodzi\u0142 do sobotniego starcia w Krakowie z Cracovi\u0105. Cho\u0107 Cracovia to ostatnio bardzo niewygodny rywal dla Rakowa, bo w rundzie jesiennej wygra\u0142a w Cz\u0119stochowie 1:0, a w poprzednim sezonie zdoby\u0142a z Rakowem 4 punkty to trener Marek Papszun by\u0142 optymist\u0105. &#8211; Jak si\u0119 konfrontowa\u0107 to mo\u017ce na pocz\u0105tek z tak siln\u0105 dru\u017cyn\u0105 \u2013 m\u00f3wi\u0142 podczas przedmeczowej konferencji prasowej. &#8211; Statystyki to historia. Liczy si\u0119 to co jest teraz przed nami.<\/p>\n\n\n\n<p>Pi\u0142karze Rakowa do sobotniego meczu w Krakowie przyst\u0119powali znaj\u0105c pi\u0105tkowy wynik lidera Lecha Pozna\u0144. Wiedzieli, \u017ce musz\u0105 wygra\u0107, bo Lech zwyci\u0119\u017cy\u0142 w pi\u0105tek z Widzewem \u0141\u00f3d\u017a i odskoczy\u0142 na 5 punkt\u00f3w przewagi&#8230;<\/p>\n\n\n\n<p>Spotkanie zapowiada\u0142o si\u0119 na zaci\u0119ty pojedynek. I taka te\u017c by\u0142a pierwsza po\u0142owa. Rak\u00f3w pr\u00f3bowa\u0142 r\u00f3\u017cnych wariant\u00f3w gry, ale nie potrafi\u0142 zdoby\u0107 gola. Wa\u017cne, \u017ce go\u015bcie te\u017c umiej\u0119tnie si\u0119 bronili.<\/p>\n\n\n\n<p>Druga po\u0142owa te\u017c by\u0142a zaci\u0119ta. Dru\u017cyny postawi\u0142y na defensyw\u0119. Rak\u00f3w wspierany przez kilkuset fan\u00f3w pr\u00f3bowa\u0142 atakowa\u0107 i zada\u0107 decyduj\u0105cy cios. W 79. minucie w barwach Rakowa zadebiutowa\u0142 Leonardo Rocha. Wszed\u0142 te\u017c Srdjan Plavsi\u0107. <\/p>\n\n\n\n<p>Ostatecznie mecz Cracovii i Rakowa zako\u0144czy\u0142 si\u0119 bezbramkowym remisem. Tym samym czerwono-niebiescy rozpocz\u0119li 2025 rok od remisu. Rak\u00f3w ma ju\u017c 4 punkty straty do lidera Lecha Pozna\u0144. Je\u015bli w niedziel\u0119 sw\u00f3j mecz wygra Jagiellonia Bia\u0142ystok to Rak\u00f3w spadnie na 3. miejsce w tabeli PKO BP Ekstraklasy. <\/p>\n\n\n\n<p>Kolejny mecz Rak\u00f3w rozegra 8 lutego u siebie z GKS Katowice.<\/p>\n\n\n\n<p>BC, MR-K, fot: AK<\/p>\n\n\n\n<p>Cracovia \u2013 Rak\u00f3w Cz\u0119stochowa 0:0<\/p>\n\n\n\n<p>Bramki:<\/p>\n\n\n\n<p>Rak\u00f3w: Trelowski \u2013 Svarnas, Rodin, Barath, Jean Carlos (79. Plavsi\u0107), Kochergin, Berggren, Tudor, Amroim, (55. Diaz) Ivi Lopez (79. Rocha), Brunes.<\/p>\n\n\n\n<p>Partnerami relacji sportowych s\u0105:<\/p>\n\n\n\n<p>DMK Invest materia\u0142y budowlane Konopiska (www.dmkinvest.pl)<\/p>\n\n\n\n<p>W\u0142odar Developer Cz\u0119stochowa (www.wlodardeweloper.pl)<\/p>\n\n\n\n<figure class=\"wp-block-image size-large\"><img decoding=\"async\" width=\"1024\" height=\"678\" data-src=\"https:\/\/gazetaregionalna.com\/wp-content\/uploads\/2025\/02\/Cracovia-Rakow-17-1024x678.jpg\" alt=\"\" class=\"wp-image-133200 lazyload\" data-srcset=\"https:\/\/gazetaregionalna.com\/wp-content\/uploads\/2025\/02\/Cracovia-Rakow-17-1024x678.jpg 1024w, https:\/\/gazetaregionalna.com\/wp-content\/uploads\/2025\/02\/Cracovia-Rakow-17-300x199.jpg 300w, https:\/\/gazetaregionalna.com\/wp-content\/uploads\/2025\/02\/Cracovia-Rakow-17-768x508.jpg 768w, https:\/\/gazetaregionalna.com\/wp-content\/uploads\/2025\/02\/Cracovia-Rakow-17.jpg 1200w\" data-sizes=\"(max-width: 1024px) 100vw, 1024px\" src=\"data:image\/svg+xml;base64,PHN2ZyB3aWR0aD0iMSIgaGVpZ2h0PSIxIiB4bWxucz0iaHR0cDovL3d3dy53My5vcmcvMjAwMC9zdmciPjwvc3ZnPg==\" style=\"--smush-placeholder-width: 1024px; --smush-placeholder-aspect-ratio: 1024\/678;\" \/><\/figure>\n\n\n\n<figure class=\"wp-block-gallery has-nested-images columns-default is-cropped wp-block-gallery-1 is-layout-flex wp-block-gallery-is-layout-flex\">\n<figure class=\"wp-block-image size-large\"><img decoding=\"async\" width=\"1024\" height=\"678\" data-id=\"133200\" data-src=\"https:\/\/gazetaregionalna.com\/wp-content\/uploads\/2025\/02\/Cracovia-Rakow-17-1024x678.jpg\" alt=\"\" class=\"wp-image-133200 lazyload\" data-srcset=\"https:\/\/gazetaregionalna.com\/wp-content\/uploads\/2025\/02\/Cracovia-Rakow-17-1024x678.jpg 1024w, https:\/\/gazetaregionalna.com\/wp-content\/uploads\/2025\/02\/Cracovia-Rakow-17-300x199.jpg 300w, https:\/\/gazetaregionalna.com\/wp-content\/uploads\/2025\/02\/Cracovia-Rakow-17-768x508.jpg 768w, https:\/\/gazetaregionalna.com\/wp-content\/uploads\/2025\/02\/Cracovia-Rakow-17.jpg 1200w\" data-sizes=\"(max-width: 1024px) 100vw, 1024px\" src=\"data:image\/svg+xml;base64,PHN2ZyB3aWR0aD0iMSIgaGVpZ2h0PSIxIiB4bWxucz0iaHR0cDovL3d3dy53My5vcmcvMjAwMC9zdmciPjwvc3ZnPg==\" style=\"--smush-placeholder-width: 1024px; --smush-placeholder-aspect-ratio: 1024\/678;\" \/><\/figure>\n\n\n\n<figure class=\"wp-block-image size-large\"><img decoding=\"async\" width=\"1024\" height=\"684\" data-id=\"133199\" data-src=\"https:\/\/gazetaregionalna.com\/wp-content\/uploads\/2025\/02\/Cracovia-Rakow-0-1024x684.jpg\" alt=\"\" class=\"wp-image-133199 lazyload\" data-srcset=\"https:\/\/gazetaregionalna.com\/wp-content\/uploads\/2025\/02\/Cracovia-Rakow-0-1024x684.jpg 1024w, https:\/\/gazetaregionalna.com\/wp-content\/uploads\/2025\/02\/Cracovia-Rakow-0-300x201.jpg 300w, https:\/\/gazetaregionalna.com\/wp-content\/uploads\/2025\/02\/Cracovia-Rakow-0-768x513.jpg 768w, https:\/\/gazetaregionalna.com\/wp-content\/uploads\/2025\/02\/Cracovia-Rakow-0.jpg 1200w\" data-sizes=\"(max-width: 1024px) 100vw, 1024px\" src=\"data:image\/svg+xml;base64,PHN2ZyB3aWR0aD0iMSIgaGVpZ2h0PSIxIiB4bWxucz0iaHR0cDovL3d3dy53My5vcmcvMjAwMC9zdmciPjwvc3ZnPg==\" style=\"--smush-placeholder-width: 1024px; --smush-placeholder-aspect-ratio: 1024\/684;\" \/><\/figure>\n\n\n\n<figure class=\"wp-block-image size-large\"><img decoding=\"async\" width=\"1024\" height=\"683\" data-id=\"133198\" data-src=\"https:\/\/gazetaregionalna.com\/wp-content\/uploads\/2025\/02\/Cracovia-Rakow-000-1024x683.jpg\" alt=\"\" class=\"wp-image-133198 lazyload\" data-srcset=\"https:\/\/gazetaregionalna.com\/wp-content\/uploads\/2025\/02\/Cracovia-Rakow-000-1024x683.jpg 1024w, https:\/\/gazetaregionalna.com\/wp-content\/uploads\/2025\/02\/Cracovia-Rakow-000-300x200.jpg 300w, https:\/\/gazetaregionalna.com\/wp-content\/uploads\/2025\/02\/Cracovia-Rakow-000-768x512.jpg 768w, https:\/\/gazetaregionalna.com\/wp-content\/uploads\/2025\/02\/Cracovia-Rakow-000.jpg 1200w\" data-sizes=\"(max-width: 1024px) 100vw, 1024px\" src=\"data:image\/svg+xml;base64,PHN2ZyB3aWR0aD0iMSIgaGVpZ2h0PSIxIiB4bWxucz0iaHR0cDovL3d3dy53My5vcmcvMjAwMC9zdmciPjwvc3ZnPg==\" style=\"--smush-placeholder-width: 1024px; --smush-placeholder-aspect-ratio: 1024\/683;\" \/><\/figure>\n<\/figure>\n\n\n\n<figure class=\"wp-block-image size-large\"><img decoding=\"async\" width=\"1024\" height=\"1024\" data-src=\"https:\/\/gazetaregionalna.com\/wp-content\/uploads\/2025\/01\/Wlodar-Wilenska-fb-1-1024x1024.jpg\" alt=\"\" class=\"wp-image-133184 lazyload\" data-srcset=\"https:\/\/gazetaregionalna.com\/wp-content\/uploads\/2025\/01\/Wlodar-Wilenska-fb-1-1024x1024.jpg 1024w, https:\/\/gazetaregionalna.com\/wp-content\/uploads\/2025\/01\/Wlodar-Wilenska-fb-1-300x300.jpg 300w, https:\/\/gazetaregionalna.com\/wp-content\/uploads\/2025\/01\/Wlodar-Wilenska-fb-1-150x150.jpg 150w, https:\/\/gazetaregionalna.com\/wp-content\/uploads\/2025\/01\/Wlodar-Wilenska-fb-1-768x768.jpg 768w, https:\/\/gazetaregionalna.com\/wp-content\/uploads\/2025\/01\/Wlodar-Wilenska-fb-1-215x215.jpg 215w, https:\/\/gazetaregionalna.com\/wp-content\/uploads\/2025\/01\/Wlodar-Wilenska-fb-1.jpg 1080w\" data-sizes=\"(max-width: 1024px) 100vw, 1024px\" src=\"data:image\/svg+xml;base64,PHN2ZyB3aWR0aD0iMSIgaGVpZ2h0PSIxIiB4bWxucz0iaHR0cDovL3d3dy53My5vcmcvMjAwMC9zdmciPjwvc3ZnPg==\" style=\"--smush-placeholder-width: 1024px; --smush-placeholder-aspect-ratio: 1024\/1024;\" \/><\/figure>\n\n\n\n<figure class=\"wp-block-image size-large\"><img decoding=\"async\" width=\"1024\" height=\"1024\" data-src=\"https:\/\/gazetaregionalna.com\/wp-content\/uploads\/2024\/04\/DMK-Invest-2-1024x1024.jpg\" alt=\"\" class=\"wp-image-123883 lazyload\" data-srcset=\"https:\/\/gazetaregionalna.com\/wp-content\/uploads\/2024\/04\/DMK-Invest-2-1024x1024.jpg 1024w, https:\/\/gazetaregionalna.com\/wp-content\/uploads\/2024\/04\/DMK-Invest-2-300x300.jpg 300w, https:\/\/gazetaregionalna.com\/wp-content\/uploads\/2024\/04\/DMK-Invest-2-150x150.jpg 150w, https:\/\/gazetaregionalna.com\/wp-content\/uploads\/2024\/04\/DMK-Invest-2-768x768.jpg 768w, https:\/\/gazetaregionalna.com\/wp-content\/uploads\/2024\/04\/DMK-Invest-2-1536x1536.jpg 1536w, https:\/\/gazetaregionalna.com\/wp-content\/uploads\/2024\/04\/DMK-Invest-2-2048x2048.jpg 2048w, https:\/\/gazetaregionalna.com\/wp-content\/uploads\/2024\/04\/DMK-Invest-2-215x215.jpg 215w, https:\/\/gazetaregionalna.com\/wp-content\/uploads\/2024\/04\/DMK-Invest-2-scaled.jpg 1600w\" data-sizes=\"(max-width: 1024px) 100vw, 1024px\" src=\"data:image\/svg+xml;base64,PHN2ZyB3aWR0aD0iMSIgaGVpZ2h0PSIxIiB4bWxucz0iaHR0cDovL3d3dy53My5vcmcvMjAwMC9zdmciPjwvc3ZnPg==\" style=\"--smush-placeholder-width: 1024px; --smush-placeholder-aspect-ratio: 1024\/1024;\" \/><\/figure>\n\n\n\n<figure class=\"wp-block-image size-full\"><img decoding=\"async\" width=\"300\" height=\"250\" data-src=\"https:\/\/gazetaregionalna.com\/wp-content\/uploads\/2025\/01\/Wlodar-Poleska-1.jpg\" alt=\"\" class=\"wp-image-133181 lazyload\" src=\"data:image\/svg+xml;base64,PHN2ZyB3aWR0aD0iMSIgaGVpZ2h0PSIxIiB4bWxucz0iaHR0cDovL3d3dy53My5vcmcvMjAwMC9zdmciPjwvc3ZnPg==\" style=\"--smush-placeholder-width: 300px; --smush-placeholder-aspect-ratio: 300\/250;\"><\/figure>\n\n\n\n<figure class=\"wp-block-image size-large\"><img decoding=\"async\" width=\"1024\" height=\"1024\" data-src=\"https:\/\/gazetaregionalna.com\/wp-content\/uploads\/2024\/04\/DMK-Invest-3-1024x1024.jpg\" alt=\"\" class=\"wp-image-123884 lazyload\" data-srcset=\"https:\/\/gazetaregionalna.com\/wp-content\/uploads\/2024\/04\/DMK-Invest-3-1024x1024.jpg 1024w, https:\/\/gazetaregionalna.com\/wp-content\/uploads\/2024\/04\/DMK-Invest-3-300x300.jpg 300w, https:\/\/gazetaregionalna.com\/wp-content\/uploads\/2024\/04\/DMK-Invest-3-150x150.jpg 150w, https:\/\/gazetaregionalna.com\/wp-content\/uploads\/2024\/04\/DMK-Invest-3-768x768.jpg 768w, https:\/\/gazetaregionalna.com\/wp-content\/uploads\/2024\/04\/DMK-Invest-3-1536x1536.jpg 1536w, https:\/\/gazetaregionalna.com\/wp-content\/uploads\/2024\/04\/DMK-Invest-3-2048x2048.jpg 2048w, https:\/\/gazetaregionalna.com\/wp-content\/uploads\/2024\/04\/DMK-Invest-3-215x215.jpg 215w, https:\/\/gazetaregionalna.com\/wp-content\/uploads\/2024\/04\/DMK-Invest-3-scaled.jpg 1600w\" data-sizes=\"(max-width: 1024px) 100vw, 1024px\" src=\"data:image\/svg+xml;base64,PHN2ZyB3aWR0aD0iMSIgaGVpZ2h0PSIxIiB4bWxucz0iaHR0cDovL3d3dy53My5vcmcvMjAwMC9zdmciPjwvc3ZnPg==\" style=\"--smush-placeholder-width: 1024px; --smush-placeholder-aspect-ratio: 1024\/1024;\" \/><\/figure>\n","protected":false},"excerpt":{"rendered":"<p>W pierwszym meczu w 2025 roku Rak\u00f3w Cz\u0119stochowa zremisowa\u0142 w meczu PKO BP Ekstraklasy w Krakowie z Cracovi\u0105 0:0. Cz\u0119stochowscy pi\u0142karze maj\u0105 ju\u017c 4<\/p>\n","protected":false},"author":15,"featured_media":133200,"comment_status":"closed","ping_status":"open","sticky":false,"template":"","format":"standard","meta":{"_monsterinsights_skip_tracking":false,"_monsterinsights_sitenote_active":false,"_monsterinsights_sitenote_note":"","_monsterinsights_sitenote_category":0,"_uf_show_specific_survey":0,"_uf_disable_surveys":false,"footnotes":""},"categories":[94,6,5],"tags":[],"class_list":["post-133201","post","type-post","status-publish","format-standard","has-post-thumbnail","hentry","category-polecane","category-pilka-nozna","category-sport"],"_links":{"self":[{"href":"https:\/\/gazetaregionalna.com\/index.php?rest_route=\/wp\/v2\/posts\/133201","targetHints":{"allow":["GET"]}}],"collection":[{"href":"https:\/\/gazetaregionalna.com\/index.php?rest_route=\/wp\/v2\/posts"}],"about":[{"href":"https:\/\/gazetaregionalna.com\/index.php?rest_route=\/wp\/v2\/types\/post"}],"author":[{"embeddable":true,"href":"https:\/\/gazetaregionalna.com\/index.php?rest_route=\/wp\/v2\/users\/15"}],"replies":[{"embeddable":true,"href":"https:\/\/gazetaregionalna.com\/index.php?rest_route=%2Fwp%2Fv2%2Fcomments&post=133201"}],"version-history":[{"count":3,"href":"https:\/\/gazetaregionalna.com\/index.php?rest_route=\/wp\/v2\/posts\/133201\/revisions"}],"predecessor-version":[{"id":133214,"href":"https:\/\/gazetaregionalna.com\/index.php?rest_route=\/wp\/v2\/posts\/133201\/revisions\/133214"}],"wp:featuredmedia":[{"embeddable":true,"href":"https:\/\/gazetaregionalna.com\/index.php?rest_route=\/wp\/v2\/media\/133200"}],"wp:attachment":[{"href":"https:\/\/gazetaregionalna.com\/index.php?rest_route=%2Fwp%2Fv2%2Fmedia&parent=133201"}],"wp:term":[{"taxonomy":"category","embeddable":true,"href":"https:\/\/gazetaregionalna.com\/index.php?rest_route=%2Fwp%2Fv2%2Fcategories&post=133201"},{"taxonomy":"post_tag","embeddable":true,"href":"https:\/\/gazetaregionalna.com\/index.php?rest_route=%2Fwp%2Fv2%2Ftags&post=133201"}],"curies":[{"name":"wp","href":"https:\/\/api.w.org\/{rel}","templated":true}]}}