{"id":13320,"date":"2020-06-04T09:28:21","date_gmt":"2020-06-04T09:28:21","guid":{"rendered":"https:\/\/gazetaregionalna.com\/?p=13320"},"modified":"2020-06-04T11:47:01","modified_gmt":"2020-06-04T11:47:01","slug":"akcja-predkosc","status":"publish","type":"post","link":"https:\/\/gazetaregionalna.com\/?p=13320","title":{"rendered":"Uwaga, dzisiaj akcja &#8222;Pr\u0119dko\u015b\u0107&#8221;."},"content":{"rendered":"\n<p> Dzisiejszego poranka policjanci w\u0142\u0105czyli si\u0119 w og\u00f3lnopolskie dzia\u0142ania kontrolno-prewencyjne pn. \u201ePr\u0119dko\u015b\u0107\u201d. Akcja ma na celu ograniczy\u0107 zagro\u017cenia wynikaj\u0105ce z przekraczania dopuszczalnych pr\u0119dko\u015bci oraz niedostosowania jej do warunk\u00f3w panuj\u0105cych na drodze. Do tego celu drog\u00f3wka wykorzystuje wszystkie dost\u0119pne urz\u0105dzenia do pomiaru pr\u0119dko\u015bci, z jak\u0105 kierowcy poruszaj\u0105 si\u0119 po drogach.<\/p>\n\n\n\n<p> Kierowcy, kt\u00f3rzy nie b\u0119d\u0105 si\u0119 stosowa\u0107 do ogranicze\u0144 pr\u0119dko\u015bci, jak i&nbsp;tych, kt\u00f3rzy&nbsp;b\u0119d\u0105 t\u0119 pr\u0119dko\u015b\u0107 ra\u017c\u0105co przekracza\u0107, czekaj\u0105 liczne konsekwencje prawne. <\/p>\n\n\n\n<p> Uwaga, przekroczenie pr\u0119dko\u015bci o ponad 50 km\/h w obszarze zabudowanym skutkuje zatrzymaniem prawa jazdy. I tutaj apel do kieruj\u0105cych pojazdem o przestrzeganie dozwolonych limit\u00f3w pr\u0119dko\u015bci, a tak\u017ce zmniejszenie szybko\u015b\u0107 w miejscach, gdzie przepisy i zdrowy rozs\u0105dek wymagaj\u0105 szczeg\u00f3lnej ostro\u017cno\u015bci.  <\/p>\n\n\n\n<figure class=\"wp-block-image size-large\"><img decoding=\"async\" width=\"1024\" height=\"683\" data-src=\"https:\/\/gazetaregionalna.com\/wp-content\/uploads\/2020\/06\/fotoradar-1024x683.jpg\" alt=\"\" class=\"wp-image-13322 lazyload\" data-srcset=\"https:\/\/gazetaregionalna.com\/wp-content\/uploads\/2020\/06\/fotoradar-1024x683.jpg 1024w, https:\/\/gazetaregionalna.com\/wp-content\/uploads\/2020\/06\/fotoradar-300x200.jpg 300w, https:\/\/gazetaregionalna.com\/wp-content\/uploads\/2020\/06\/fotoradar-768x512.jpg 768w, https:\/\/gazetaregionalna.com\/wp-content\/uploads\/2020\/06\/fotoradar-1536x1024.jpg 1536w, https:\/\/gazetaregionalna.com\/wp-content\/uploads\/2020\/06\/fotoradar-696x464.jpg 696w, https:\/\/gazetaregionalna.com\/wp-content\/uploads\/2020\/06\/fotoradar-1068x712.jpg 1068w, https:\/\/gazetaregionalna.com\/wp-content\/uploads\/2020\/06\/fotoradar-630x420.jpg 630w, https:\/\/gazetaregionalna.com\/wp-content\/uploads\/2020\/06\/fotoradar.jpg 1200w\" data-sizes=\"(max-width: 1024px) 100vw, 1024px\" src=\"data:image\/svg+xml;base64,PHN2ZyB3aWR0aD0iMSIgaGVpZ2h0PSIxIiB4bWxucz0iaHR0cDovL3d3dy53My5vcmcvMjAwMC9zdmciPjwvc3ZnPg==\" style=\"--smush-placeholder-width: 1024px; --smush-placeholder-aspect-ratio: 1024\/683;\" \/><figcaption>(Fot: pixabay)<\/figcaption><\/figure>\n\n\n\n<p>(\u0179r\u00f3d\u0142o: KPP w K\u0142obucku)<\/p>\n","protected":false},"excerpt":{"rendered":"<p>Dzisiejszego poranka policjanci w\u0142\u0105czyli si\u0119 w og\u00f3lnopolskie dzia\u0142ania kontrolno-prewencyjne pn. \u201ePr\u0119dko\u015b\u0107\u201d. Akcja ma na celu ograniczy\u0107 zagro\u017cenia wynikaj\u0105ce z przekraczania dopuszczalnych pr\u0119dko\u015bci oraz niedostosowania<\/p>\n","protected":false},"author":12,"featured_media":13321,"comment_status":"open","ping_status":"open","sticky":false,"template":"","format":"standard","meta":{"_monsterinsights_skip_tracking":false,"_monsterinsights_sitenote_active":false,"_monsterinsights_sitenote_note":"","_monsterinsights_sitenote_category":0,"_uf_show_specific_survey":0,"_uf_disable_surveys":false,"footnotes":""},"categories":[44,3,27,25,26,94,28,4,2,13],"tags":[],"class_list":["post-13320","post","type-post","status-publish","format-standard","has-post-thumbnail","hentry","category-bezpieczenstwo","category-czestochowa-informacje","category-klobuck-informacje","category-lubliniec","category-myszkow","category-polecane","category-radomsko","category-region","category-wiadomosci","category-wydarzenia"],"_links":{"self":[{"href":"https:\/\/gazetaregionalna.com\/index.php?rest_route=\/wp\/v2\/posts\/13320","targetHints":{"allow":["GET"]}}],"collection":[{"href":"https:\/\/gazetaregionalna.com\/index.php?rest_route=\/wp\/v2\/posts"}],"about":[{"href":"https:\/\/gazetaregionalna.com\/index.php?rest_route=\/wp\/v2\/types\/post"}],"author":[{"embeddable":true,"href":"https:\/\/gazetaregionalna.com\/index.php?rest_route=\/wp\/v2\/users\/12"}],"replies":[{"embeddable":true,"href":"https:\/\/gazetaregionalna.com\/index.php?rest_route=%2Fwp%2Fv2%2Fcomments&post=13320"}],"version-history":[{"count":7,"href":"https:\/\/gazetaregionalna.com\/index.php?rest_route=\/wp\/v2\/posts\/13320\/revisions"}],"predecessor-version":[{"id":13349,"href":"https:\/\/gazetaregionalna.com\/index.php?rest_route=\/wp\/v2\/posts\/13320\/revisions\/13349"}],"wp:featuredmedia":[{"embeddable":true,"href":"https:\/\/gazetaregionalna.com\/index.php?rest_route=\/wp\/v2\/media\/13321"}],"wp:attachment":[{"href":"https:\/\/gazetaregionalna.com\/index.php?rest_route=%2Fwp%2Fv2%2Fmedia&parent=13320"}],"wp:term":[{"taxonomy":"category","embeddable":true,"href":"https:\/\/gazetaregionalna.com\/index.php?rest_route=%2Fwp%2Fv2%2Fcategories&post=13320"},{"taxonomy":"post_tag","embeddable":true,"href":"https:\/\/gazetaregionalna.com\/index.php?rest_route=%2Fwp%2Fv2%2Ftags&post=13320"}],"curies":[{"name":"wp","href":"https:\/\/api.w.org\/{rel}","templated":true}]}}