{"id":133152,"date":"2025-01-30T21:59:55","date_gmt":"2025-01-30T21:59:55","guid":{"rendered":"https:\/\/gazetaregionalna.com\/?p=133152"},"modified":"2025-01-30T22:00:27","modified_gmt":"2025-01-30T22:00:27","slug":"smiertelnie-potracila-rowerzystke-i-uciekla","status":"publish","type":"post","link":"https:\/\/gazetaregionalna.com\/?p=133152","title":{"rendered":"\u015amiertelnie potr\u0105ci\u0142a rowerzystk\u0119 i uciek\u0142a. Najbli\u017csze trzy miesi\u0105ce sp\u0119dzi w areszcie"},"content":{"rendered":"\n<h2 class=\"wp-block-heading\">37-letnia kobieta, kt\u00f3ra 26 stycznia, kieruj\u0105c w stanie nietrze\u017awo\u015bci samochodem, doprowadzi\u0142a do \u015bmiertelnego potr\u0105cenia rowerzystki i uciek\u0142a z miejsca zdarzenia, trafi\u0142a do aresztu. \u015aledczy odnale\u017ali rozbite auto i zatrzymali pijan\u0105 kobiet\u0119 oraz pasa\u017cera, kt\u00f3ry jej towarzyszy\u0142. Oboje us\u0142yszeli zarzuty.<\/h2>\n\n\n\n<p>Do zdarzenia dosz\u0142o w niedziel\u0119, 26 stycznia przed po\u0142udniem w Sygontce ko\u0142o Cz\u0119stochowy. Policjanci zostali wezwani do wypadku drogowego, podczas kt\u00f3rego osoba kieruj\u0105ca hond\u0105 civic potr\u0105ci\u0142a ze skutkiem \u015bmiertelnym 72-letni\u0105 rowerzystk\u0119. Nast\u0119pnie nie udzielaj\u0105c jej pomocy, odjecha\u0142a z miejsca wypadku. Funkcjonariusze z wydzia\u0142u kryminalnego, ruchu drogowego i z Koniecpola wkroczyli do akcji i rozpocz\u0119li poszukiwania samochodu oraz sprawcy.<\/p>\n\n\n\n<figure class=\"wp-block-image size-large\"><img decoding=\"async\" width=\"768\" height=\"1024\" data-src=\"https:\/\/gazetaregionalna.com\/wp-content\/uploads\/2025\/01\/42-855570-768x1024.jpg\" alt=\"\" class=\"wp-image-133156 lazyload\" data-srcset=\"https:\/\/gazetaregionalna.com\/wp-content\/uploads\/2025\/01\/42-855570-768x1024.jpg 768w, https:\/\/gazetaregionalna.com\/wp-content\/uploads\/2025\/01\/42-855570-225x300.jpg 225w, https:\/\/gazetaregionalna.com\/wp-content\/uploads\/2025\/01\/42-855570.jpg 900w\" data-sizes=\"(max-width: 768px) 100vw, 768px\" src=\"data:image\/svg+xml;base64,PHN2ZyB3aWR0aD0iMSIgaGVpZ2h0PSIxIiB4bWxucz0iaHR0cDovL3d3dy53My5vcmcvMjAwMC9zdmciPjwvc3ZnPg==\" style=\"--smush-placeholder-width: 768px; --smush-placeholder-aspect-ratio: 768\/1024;\" \/><figcaption class=\"wp-element-caption\">mat.KMP w Cz\u0119stochowie<\/figcaption><\/figure>\n\n\n\n<p>Determinacja mundurowych oraz \u015bwiadk\u00f3w zdarzenia, doprowadzi\u0142y ju\u017c po godzinie do odnalezienia pojazdu i zatrzymania dw\u00f3ch os\u00f3b.\u00a037-letnia kobieta i jej 32-letni towarzysz w chwili zatrzymania byli pijani. Oboje mieli w organizmie po ponad 2 prom. alkoholu. Nie przyznawali si\u0119 do winy. Zostali zatrzymani do wyja\u015bnienia i trafili do policyjnego aresztu.<\/p>\n\n\n\n<p>Zebrany przez \u015bledczych obszerny materia\u0142 dowodowy, pozwoli\u0142 na przedstawienie 37-letniej kobiecie zarzutu spowodowania wypadku drogowego ze skutkiem \u015bmiertelnym w stanie nietrze\u017awo\u015bci. Grozi jej za to nawet 20 lat wi\u0119zienia.<\/p>\n\n\n\n<figure class=\"wp-block-video\"><video height=\"478\" style=\"aspect-ratio: 848 \/ 478;\" width=\"848\" controls src=\"https:\/\/gazetaregionalna.com\/wp-content\/uploads\/2025\/01\/42-855577.mp4\"><\/video><figcaption class=\"wp-element-caption\">mat. KMP w Cz\u0119stochowie<\/figcaption><\/figure>\n\n\n\n<p>Natomiast 32-latek us\u0142ysza\u0142 zarzut nieudzielenia pomocy poszkodowanej, za co grozi mu kara do 3 lat wi\u0119zienia. Prokurator Rejonowy w Cz\u0119stochowie zastosowa\u0142 wobec niego policyjny doz\u00f3r i por\u0119czenie maj\u0105tkowe w wysoko\u015bci 10 tysi\u0119cy z\u0142otych.\u00a0<\/p>\n\n\n\n<p>28 stycznia s\u0105d przychyli\u0142 si\u0119 do wniosku Prokuratora Rejonowego w Cz\u0119stochowie i tymczasowo aresztowa\u0142 37-latk\u0119 na trzy miesi\u0105ce.<\/p>\n\n\n\n<p><strong>mat. KMP w Cz\u0119stochowie<\/strong><\/p>\n","protected":false},"excerpt":{"rendered":"<p>37-letnia kobieta, kt\u00f3ra 26 stycznia, kieruj\u0105c w stanie nietrze\u017awo\u015bci samochodem, doprowadzi\u0142a do \u015bmiertelnego potr\u0105cenia rowerzystki i uciek\u0142a z miejsca zdarzenia, trafi\u0142a do aresztu. \u015aledczy<\/p>\n","protected":false},"author":11,"featured_media":133155,"comment_status":"closed","ping_status":"open","sticky":false,"template":"","format":"standard","meta":{"_monsterinsights_skip_tracking":false,"_monsterinsights_sitenote_active":false,"_monsterinsights_sitenote_note":"","_monsterinsights_sitenote_category":0,"_uf_show_specific_survey":0,"_uf_disable_surveys":false,"footnotes":""},"categories":[44,4,2],"tags":[3645,7209,103,7134],"class_list":["post-133152","post","type-post","status-publish","format-standard","has-post-thumbnail","hentry","category-bezpieczenstwo","category-region","category-wiadomosci","tag-areszt","tag-kmp-w-czestochowie","tag-policja","tag-smiertelne-potracenie"],"_links":{"self":[{"href":"https:\/\/gazetaregionalna.com\/index.php?rest_route=\/wp\/v2\/posts\/133152","targetHints":{"allow":["GET"]}}],"collection":[{"href":"https:\/\/gazetaregionalna.com\/index.php?rest_route=\/wp\/v2\/posts"}],"about":[{"href":"https:\/\/gazetaregionalna.com\/index.php?rest_route=\/wp\/v2\/types\/post"}],"author":[{"embeddable":true,"href":"https:\/\/gazetaregionalna.com\/index.php?rest_route=\/wp\/v2\/users\/11"}],"replies":[{"embeddable":true,"href":"https:\/\/gazetaregionalna.com\/index.php?rest_route=%2Fwp%2Fv2%2Fcomments&post=133152"}],"version-history":[{"count":2,"href":"https:\/\/gazetaregionalna.com\/index.php?rest_route=\/wp\/v2\/posts\/133152\/revisions"}],"predecessor-version":[{"id":133157,"href":"https:\/\/gazetaregionalna.com\/index.php?rest_route=\/wp\/v2\/posts\/133152\/revisions\/133157"}],"wp:featuredmedia":[{"embeddable":true,"href":"https:\/\/gazetaregionalna.com\/index.php?rest_route=\/wp\/v2\/media\/133155"}],"wp:attachment":[{"href":"https:\/\/gazetaregionalna.com\/index.php?rest_route=%2Fwp%2Fv2%2Fmedia&parent=133152"}],"wp:term":[{"taxonomy":"category","embeddable":true,"href":"https:\/\/gazetaregionalna.com\/index.php?rest_route=%2Fwp%2Fv2%2Fcategories&post=133152"},{"taxonomy":"post_tag","embeddable":true,"href":"https:\/\/gazetaregionalna.com\/index.php?rest_route=%2Fwp%2Fv2%2Ftags&post=133152"}],"curies":[{"name":"wp","href":"https:\/\/api.w.org\/{rel}","templated":true}]}}