{"id":1331,"date":"2018-12-14T11:27:37","date_gmt":"2018-12-14T11:27:37","guid":{"rendered":"http:\/\/gazetaregionalna.com\/?p=1331"},"modified":"2018-12-14T11:27:37","modified_gmt":"2018-12-14T11:27:37","slug":"plan-zaopatrzenia-miasta-w-energie-i-gaz","status":"publish","type":"post","link":"https:\/\/gazetaregionalna.com\/?p=1331","title":{"rendered":"Plan zaopatrzenia miasta w energi\u0119 i gaz"},"content":{"rendered":"<p>&nbsp;<\/p>\n<p><span style=\"font-family: Times New Roman, serif;\">Na ostatniej sesji Rady Miasta podj\u0119to uchwa\u0142\u0119, kt\u00f3ra aktualizuje wcze\u015bniejsz\u0105 uchwa\u0142\u0119 dotycz\u0105c\u0105 zaopatrzenia miasta w ciep\u0142o, energi\u0119 elektryczn\u0105 i gaz. Dokument, opr\u00f3cz potrzeb i strategii wykorzystania medi\u00f3w energetycznych, zawiera r\u00f3wnie\u017c prognoz\u0119 oddzia\u0142ywania na \u015brodowisko.<\/span><\/p>\n<p><span style=\"font-family: Times New Roman, serif;\">Za\u0142o\u017cenia do planu zaopatrzenia w ciep\u0142o, energi\u0119 elektryczn\u0105 i paliwa gazowe dla Cz\u0119stochowy zosta\u0142y poddane pod g\u0142osowanie po rozpatrzeniu wniosk\u00f3w, zastrze\u017ce\u0144 i uwag zg\u0142oszonych w czasie wy\u0142o\u017cenia projektu do publicznego wgl\u0105du. Dokument zawiera zar\u00f3wno ocen\u0119 potrzeb wykorzystania energii cieplnej, elektrycznej i gazu sieciowego, jak i analiz\u0119 ich zaopatrzenia i dystrybucji w mie\u015bcie. Za\u0142o\u017cenia skupiaj\u0105 si\u0119 r\u00f3wnie\u017c wok\u00f3\u0142 wykorzystania odnawialnych zasob\u00f3w paliw i energii, jak biogaz, biomasa, energetyka wody i wiatru, czy energia s\u0142oneczna. Celem realizacji programu jest m.in.: kszta\u0142towanie i wdra\u017canie lokalnej gospodarki niskoemisyjnej, bezpiecze\u0144stwo energetyczne miasta, poprawa efektywno\u015bci wykorzystania paliw i energii, czy ograniczenie wp\u0142ywu proces\u00f3w energetycznych na \u015brodowisko. Za\u0142o\u017cenia do planu zaopatrzenia w ciep\u0142o, energi\u0119 elektryczn\u0105 i paliwa gazowe dla miasta Cz\u0119stochowy maj\u0105 stanowi\u0107 swoist\u0105 podstaw\u0119 racjonalnej i rzetelnej wsp\u00f3\u0142pracy samorz\u0105du z przedsi\u0119biorstwami energetycznymi oraz innymi podmiotami w procesie kszta\u0142towania i wdra\u017cania lokalnej polityki energetycznej.<\/span><\/p>\n<p><span style=\"font-family: Times New Roman, serif;\">Uchwa\u0142a dost\u0119pna na stronie Urz\u0119du Miasta Cz\u0119stochowa. <\/span><\/p>\n<p><span style=\"font-family: Times New Roman, serif;\">(red.)<\/span><\/p>\n","protected":false},"excerpt":{"rendered":"<p>&nbsp; Na ostatniej sesji Rady Miasta podj\u0119to uchwa\u0142\u0119, kt\u00f3ra aktualizuje wcze\u015bniejsz\u0105 uchwa\u0142\u0119 dotycz\u0105c\u0105 zaopatrzenia miasta w ciep\u0142o, energi\u0119 elektryczn\u0105 i gaz. Dokument, opr\u00f3cz potrzeb<\/p>\n","protected":false},"author":3,"featured_media":0,"comment_status":"open","ping_status":"closed","sticky":false,"template":"","format":"standard","meta":{"_monsterinsights_skip_tracking":false,"_monsterinsights_sitenote_active":false,"_monsterinsights_sitenote_note":"","_monsterinsights_sitenote_category":0,"_uf_show_specific_survey":0,"_uf_disable_surveys":false,"footnotes":""},"categories":[3,33,2],"tags":[],"class_list":["post-1331","post","type-post","status-publish","format-standard","hentry","category-czestochowa-informacje","category-inwestycje","category-wiadomosci"],"_links":{"self":[{"href":"https:\/\/gazetaregionalna.com\/index.php?rest_route=\/wp\/v2\/posts\/1331","targetHints":{"allow":["GET"]}}],"collection":[{"href":"https:\/\/gazetaregionalna.com\/index.php?rest_route=\/wp\/v2\/posts"}],"about":[{"href":"https:\/\/gazetaregionalna.com\/index.php?rest_route=\/wp\/v2\/types\/post"}],"author":[{"embeddable":true,"href":"https:\/\/gazetaregionalna.com\/index.php?rest_route=\/wp\/v2\/users\/3"}],"replies":[{"embeddable":true,"href":"https:\/\/gazetaregionalna.com\/index.php?rest_route=%2Fwp%2Fv2%2Fcomments&post=1331"}],"version-history":[{"count":1,"href":"https:\/\/gazetaregionalna.com\/index.php?rest_route=\/wp\/v2\/posts\/1331\/revisions"}],"predecessor-version":[{"id":1333,"href":"https:\/\/gazetaregionalna.com\/index.php?rest_route=\/wp\/v2\/posts\/1331\/revisions\/1333"}],"wp:attachment":[{"href":"https:\/\/gazetaregionalna.com\/index.php?rest_route=%2Fwp%2Fv2%2Fmedia&parent=1331"}],"wp:term":[{"taxonomy":"category","embeddable":true,"href":"https:\/\/gazetaregionalna.com\/index.php?rest_route=%2Fwp%2Fv2%2Fcategories&post=1331"},{"taxonomy":"post_tag","embeddable":true,"href":"https:\/\/gazetaregionalna.com\/index.php?rest_route=%2Fwp%2Fv2%2Ftags&post=1331"}],"curies":[{"name":"wp","href":"https:\/\/api.w.org\/{rel}","templated":true}]}}