{"id":133092,"date":"2025-01-29T20:46:18","date_gmt":"2025-01-29T20:46:18","guid":{"rendered":"https:\/\/gazetaregionalna.com\/?p=133092"},"modified":"2025-01-29T20:48:47","modified_gmt":"2025-01-29T20:48:47","slug":"bezplatna-mammografia-w-lutym","status":"publish","type":"post","link":"https:\/\/gazetaregionalna.com\/?p=133092","title":{"rendered":"Bezp\u0142atna mammografia w lutym zn\u00f3w w Cz\u0119stochowie"},"content":{"rendered":"\n<h2 class=\"wp-block-heading\">W lutym w Cz\u0119stochowie po raz kolejny pojawi si\u0119 mammobus. Panie b\u0119d\u0105 mog\u0142y skorzysta\u0107 z bezp\u0142atnego badania.<\/h2>\n\n\n\n<p>Z bezp\u0142atnej mammografii, czyli badania realizowanego w ramach Programu Profilaktyki Raka Piersi, mog\u0105 skorzysta\u0107 kobiety w wieku od 45 do 74 lat, kt\u00f3re nie by\u0142y leczone z powodu raka piersi. W\u015br\u00f3d innych wymog\u00f3w jest to, \u017ce nie mia\u0142y w przeci\u0105gu ostatnich 24 miesi\u0119cy zdiagnozowanej z\u0142o\u015bliwej zmiany nowotworowej w piersi. Co 12 miesi\u0119cy powinny si\u0119 bada\u0107 z kolei te pacjentki, kt\u00f3re zako\u0144czy\u0142y leczenie raka piersi i 5-letni proces monitorowania po zako\u0144czonym leczeniu lub po 5 latach od leczenia chirurgicznego raka piersi pozostaj\u0105 w trakcie uzupe\u0142niaj\u0105cej hormonoterapii.<\/p>\n\n\n\n<figure class=\"wp-block-image size-full\"><img decoding=\"async\" width=\"557\" height=\"792\" data-src=\"https:\/\/gazetaregionalna.com\/wp-content\/uploads\/2025\/01\/79912.jpg\" alt=\"\" class=\"wp-image-133100 lazyload\" data-srcset=\"https:\/\/gazetaregionalna.com\/wp-content\/uploads\/2025\/01\/79912.jpg 557w, https:\/\/gazetaregionalna.com\/wp-content\/uploads\/2025\/01\/79912-211x300.jpg 211w\" data-sizes=\"(max-width: 557px) 100vw, 557px\" src=\"data:image\/svg+xml;base64,PHN2ZyB3aWR0aD0iMSIgaGVpZ2h0PSIxIiB4bWxucz0iaHR0cDovL3d3dy53My5vcmcvMjAwMC9zdmciPjwvc3ZnPg==\" style=\"--smush-placeholder-width: 557px; --smush-placeholder-aspect-ratio: 557\/792;\" \/><\/figure>\n\n\n\n<p>Wy\u0142\u0105czone z programu s\u0105 kobiety obj\u0119te \u201eOpiek\u0105 nad rodzinami wysokiego, dziedzicznie uwarunkowanego ryzyka zachorowania na raka piersi lub raka jajnika\u201d lub \u201eKompleksow\u0105 opiek\u0105 onkologiczn\u0105 nad \u015bwiadczeniobiorc\u0105 z nowotworem piersi\u201d.<\/p>\n\n\n\n<p>Mobilna pracownia mammograficzna b\u0119dzie do dyspozycji pa\u0144 przy markecie Auchan (przy ul. Focha 7\/15). Badania zaplanowano tutaj w czterech terminach: 12 lutego od godz. 11:00 do 17:00,13 lutego od godz. 10:00 do 16:00, 14 lutego od godz. 8:30 do 15:00, a tak\u017ce 17 lutego od  godz 11:00 do 17:00.<\/p>\n\n\n\n<figure class=\"wp-block-image size-full\"><img decoding=\"async\" width=\"560\" height=\"790\" data-src=\"https:\/\/gazetaregionalna.com\/wp-content\/uploads\/2025\/01\/79913.jpg\" alt=\"\" class=\"wp-image-133101 lazyload\" data-srcset=\"https:\/\/gazetaregionalna.com\/wp-content\/uploads\/2025\/01\/79913.jpg 560w, https:\/\/gazetaregionalna.com\/wp-content\/uploads\/2025\/01\/79913-213x300.jpg 213w\" data-sizes=\"(max-width: 560px) 100vw, 560px\" src=\"data:image\/svg+xml;base64,PHN2ZyB3aWR0aD0iMSIgaGVpZ2h0PSIxIiB4bWxucz0iaHR0cDovL3d3dy53My5vcmcvMjAwMC9zdmciPjwvc3ZnPg==\" style=\"--smush-placeholder-width: 560px; --smush-placeholder-aspect-ratio: 560\/790;\" \/><\/figure>\n\n\n\n<p>Mammobus zaparkuje r\u00f3wnie\u017c w miejscowo\u015bci Poczesna przy Ochotniczej Stra\u017cy Po\u017carnej (ul. Szkolna 1) 11 lutego od godz. 13:30 do 16:00.<\/p>\n\n\n\n<p>Organizator prosi o wcze\u015bniejsz\u0105 rejestracj\u0119 pod nr tel. <strong>22 880 90 80<\/strong> lub na stronie <a href=\"https:\/\/www.luxmed.pl\/dla-pacjenta\/uslugi\/diagnostyka\" target=\"_blank\" rel=\"noopener\">www.luxmed.pl\/dla-pacjenta\/uslugi\/diagnostyka<\/a>.<\/p>\n\n\n\n<p>Co wa\u017cne: w badaniu finansowanym przez NFZ mo\u017cna wzi\u0105\u0107 udzia\u0142 niezale\u017cnie od miejsca zamieszkania i bez skierowania lekarskiego.<\/p>\n\n\n\n<p><strong>red., mat. UM Cz\u0119stochowy<\/strong><\/p>\n","protected":false},"excerpt":{"rendered":"<p>W lutym w Cz\u0119stochowie po raz kolejny pojawi si\u0119 mammobus. Panie b\u0119d\u0105 mog\u0142y skorzysta\u0107 z bezp\u0142atnego badania. Z bezp\u0142atnej mammografii, czyli badania realizowanego w<\/p>\n","protected":false},"author":11,"featured_media":133098,"comment_status":"closed","ping_status":"open","sticky":false,"template":"","format":"standard","meta":{"_monsterinsights_skip_tracking":false,"_monsterinsights_sitenote_active":false,"_monsterinsights_sitenote_note":"","_monsterinsights_sitenote_category":0,"_uf_show_specific_survey":0,"_uf_disable_surveys":false,"footnotes":""},"categories":[3,2,37],"tags":[2577,8832,144,1503,1588,771],"class_list":["post-133092","post","type-post","status-publish","format-standard","has-post-thumbnail","hentry","category-czestochowa-informacje","category-wiadomosci","category-zdrowie","tag-badanie","tag-bezplatna-mammografia","tag-czestochowa","tag-mammobus","tag-mammografia","tag-poczesna"],"_links":{"self":[{"href":"https:\/\/gazetaregionalna.com\/index.php?rest_route=\/wp\/v2\/posts\/133092","targetHints":{"allow":["GET"]}}],"collection":[{"href":"https:\/\/gazetaregionalna.com\/index.php?rest_route=\/wp\/v2\/posts"}],"about":[{"href":"https:\/\/gazetaregionalna.com\/index.php?rest_route=\/wp\/v2\/types\/post"}],"author":[{"embeddable":true,"href":"https:\/\/gazetaregionalna.com\/index.php?rest_route=\/wp\/v2\/users\/11"}],"replies":[{"embeddable":true,"href":"https:\/\/gazetaregionalna.com\/index.php?rest_route=%2Fwp%2Fv2%2Fcomments&post=133092"}],"version-history":[{"count":2,"href":"https:\/\/gazetaregionalna.com\/index.php?rest_route=\/wp\/v2\/posts\/133092\/revisions"}],"predecessor-version":[{"id":133103,"href":"https:\/\/gazetaregionalna.com\/index.php?rest_route=\/wp\/v2\/posts\/133092\/revisions\/133103"}],"wp:featuredmedia":[{"embeddable":true,"href":"https:\/\/gazetaregionalna.com\/index.php?rest_route=\/wp\/v2\/media\/133098"}],"wp:attachment":[{"href":"https:\/\/gazetaregionalna.com\/index.php?rest_route=%2Fwp%2Fv2%2Fmedia&parent=133092"}],"wp:term":[{"taxonomy":"category","embeddable":true,"href":"https:\/\/gazetaregionalna.com\/index.php?rest_route=%2Fwp%2Fv2%2Fcategories&post=133092"},{"taxonomy":"post_tag","embeddable":true,"href":"https:\/\/gazetaregionalna.com\/index.php?rest_route=%2Fwp%2Fv2%2Ftags&post=133092"}],"curies":[{"name":"wp","href":"https:\/\/api.w.org\/{rel}","templated":true}]}}