{"id":13293,"date":"2020-06-04T07:18:43","date_gmt":"2020-06-04T07:18:43","guid":{"rendered":"https:\/\/gazetaregionalna.com\/?p=13293"},"modified":"2020-06-04T07:46:54","modified_gmt":"2020-06-04T07:46:54","slug":"smiertelne-potracenie","status":"publish","type":"post","link":"https:\/\/gazetaregionalna.com\/?p=13293","title":{"rendered":"\u015amiertelne potr\u0105cenie rowerzystki w Mierz\u0119cicach."},"content":{"rendered":"\n<p>W Mierz\u0119cicach ko\u0142o godziny 20:00 na ul. Widokowej mia\u0142 miejsce wypadek, w kt\u00f3rym udzia\u0142 bra\u0142y samoch\u00f3d osobowy i rowerzystka. Kobieta niestety zmar\u0142a. <\/p>\n\n\n\n<p>(\u0179r\u00f3d\u0142o: B\u0119dzin 112\/Fasthol)<\/p>\n\n\n\n<p>(Fot. pixabay)<\/p>\n\n\n\n<p><\/p>\n","protected":false},"excerpt":{"rendered":"<p>W Mierz\u0119cicach ko\u0142o godziny 20:00 na ul. Widokowej mia\u0142 miejsce wypadek, w kt\u00f3rym udzia\u0142 bra\u0142y samoch\u00f3d osobowy i rowerzystka. Kobieta niestety zmar\u0142a. (\u0179r\u00f3d\u0142o: B\u0119dzin<\/p>\n","protected":false},"author":12,"featured_media":13294,"comment_status":"open","ping_status":"open","sticky":false,"template":"","format":"standard","meta":{"_monsterinsights_skip_tracking":false,"_monsterinsights_sitenote_active":false,"_monsterinsights_sitenote_note":"","_monsterinsights_sitenote_category":0,"_uf_show_specific_survey":0,"_uf_disable_surveys":false,"footnotes":""},"categories":[26,44,3,13],"tags":[],"class_list":["post-13293","post","type-post","status-publish","format-standard","has-post-thumbnail","hentry","category-myszkow","category-bezpieczenstwo","category-czestochowa-informacje","category-wydarzenia"],"_links":{"self":[{"href":"https:\/\/gazetaregionalna.com\/index.php?rest_route=\/wp\/v2\/posts\/13293","targetHints":{"allow":["GET"]}}],"collection":[{"href":"https:\/\/gazetaregionalna.com\/index.php?rest_route=\/wp\/v2\/posts"}],"about":[{"href":"https:\/\/gazetaregionalna.com\/index.php?rest_route=\/wp\/v2\/types\/post"}],"author":[{"embeddable":true,"href":"https:\/\/gazetaregionalna.com\/index.php?rest_route=\/wp\/v2\/users\/12"}],"replies":[{"embeddable":true,"href":"https:\/\/gazetaregionalna.com\/index.php?rest_route=%2Fwp%2Fv2%2Fcomments&post=13293"}],"version-history":[{"count":4,"href":"https:\/\/gazetaregionalna.com\/index.php?rest_route=\/wp\/v2\/posts\/13293\/revisions"}],"predecessor-version":[{"id":13305,"href":"https:\/\/gazetaregionalna.com\/index.php?rest_route=\/wp\/v2\/posts\/13293\/revisions\/13305"}],"wp:featuredmedia":[{"embeddable":true,"href":"https:\/\/gazetaregionalna.com\/index.php?rest_route=\/wp\/v2\/media\/13294"}],"wp:attachment":[{"href":"https:\/\/gazetaregionalna.com\/index.php?rest_route=%2Fwp%2Fv2%2Fmedia&parent=13293"}],"wp:term":[{"taxonomy":"category","embeddable":true,"href":"https:\/\/gazetaregionalna.com\/index.php?rest_route=%2Fwp%2Fv2%2Fcategories&post=13293"},{"taxonomy":"post_tag","embeddable":true,"href":"https:\/\/gazetaregionalna.com\/index.php?rest_route=%2Fwp%2Fv2%2Ftags&post=13293"}],"curies":[{"name":"wp","href":"https:\/\/api.w.org\/{rel}","templated":true}]}}