{"id":132903,"date":"2025-01-27T08:32:21","date_gmt":"2025-01-27T08:32:21","guid":{"rendered":"https:\/\/gazetaregionalna.com\/?p=132903"},"modified":"2025-01-27T08:32:22","modified_gmt":"2025-01-27T08:32:22","slug":"straznicy-miejscy-realizowali-w-weekend-telefoniczne-zgloszenia-mieszkancow-a-takze-zabezpieczali-imprezy-zwiazane-z-wosp","status":"publish","type":"post","link":"https:\/\/gazetaregionalna.com\/?p=132903","title":{"rendered":"Stra\u017cnicy miejscy realizowali w weekend telefoniczne zg\u0142oszenia mieszka\u0144c\u00f3w, a tak\u017ce zabezpieczali imprezy zwi\u0105zane z WO\u015aP"},"content":{"rendered":"\n<p>Dy\u017curni cz\u0119stochowskiej Stra\u017cy Miejskiej przyj\u0119li w trakcie minionego weekendu 107 telefonicznych zg\u0142osze\u0144 od mieszkanek i mieszka\u0144c\u00f3w miasta. Najwi\u0119cej zg\u0142osze\u0144 dotyczy\u0142o wykrocze\u0144 drogowych. By\u0142y to 34 zg\u0142oszenia. Na drugim miejscu dominowa\u0142y interwencje zwi\u0105zane z zak\u0142\u00f3caniem spokoju i porz\u0105dku publicznego oraz spo\u017cywaniem alkoholu w miejscach zabronionych. By\u0142o to 25 zdarze\u0144.<\/p>\n\n\n\n<p>W trakcie minionego weekendu pracownicy Stra\u017cy Miejskiej z referatu ds. monitoringu wizyjnego przeprowadzili 40 obserwacji, kt\u00f3re wymaga\u0142y interwencji s\u0142u\u017cb. 9 interwencji z monitoringu zrealizowali stra\u017cnicy miejscy, a pozosta\u0142e interwencje przekazano do realizacji innym s\u0142u\u017cbom.<\/p>\n\n\n\n<p>Opr\u00f3cz interwencji zg\u0142oszonych przez mieszka\u0144c\u00f3w miasta cz\u0119stochowscy stra\u017cnicy miejscy podejmowali te\u017c w\u0142asne dzia\u0142ania podczas s\u0142u\u017cby patrolowej.<\/p>\n\n\n\n<p>W miniony weekend funkcjonariusze Stra\u017cy Miejskiej zabezpieczali imprezy zwi\u0105zane z 33. Fina\u0142em Wielkiej Orkiestry \u015awi\u0105tecznej Pomocy. Najwi\u0119ksza z nich odby\u0142a si\u0119 w niedziel\u0119 na Placu Biega\u0144skiego.<\/p>\n\n\n\n<p>Cz\u0119stochowska Stra\u017c Miejska nie odnotowa\u0142a powa\u017cniejszych incydent\u00f3w.<\/p>\n\n\n\n<p>\u0179r\u00f3d\u0142o: www.sm.czestochowa.pl <\/p>\n","protected":false},"excerpt":{"rendered":"<p>Dy\u017curni cz\u0119stochowskiej Stra\u017cy Miejskiej przyj\u0119li w trakcie minionego weekendu 107 telefonicznych zg\u0142osze\u0144 od mieszkanek i mieszka\u0144c\u00f3w miasta. Najwi\u0119cej zg\u0142osze\u0144 dotyczy\u0142o wykrocze\u0144 drogowych. By\u0142y to<\/p>\n","protected":false},"author":25,"featured_media":132904,"comment_status":"closed","ping_status":"open","sticky":false,"template":"","format":"standard","meta":{"_monsterinsights_skip_tracking":false,"_monsterinsights_sitenote_active":false,"_monsterinsights_sitenote_note":"","_monsterinsights_sitenote_category":0,"_uf_show_specific_survey":0,"_uf_disable_surveys":false,"footnotes":""},"categories":[2,3],"tags":[],"class_list":["post-132903","post","type-post","status-publish","format-standard","has-post-thumbnail","hentry","category-wiadomosci","category-czestochowa-informacje"],"_links":{"self":[{"href":"https:\/\/gazetaregionalna.com\/index.php?rest_route=\/wp\/v2\/posts\/132903","targetHints":{"allow":["GET"]}}],"collection":[{"href":"https:\/\/gazetaregionalna.com\/index.php?rest_route=\/wp\/v2\/posts"}],"about":[{"href":"https:\/\/gazetaregionalna.com\/index.php?rest_route=\/wp\/v2\/types\/post"}],"author":[{"embeddable":true,"href":"https:\/\/gazetaregionalna.com\/index.php?rest_route=\/wp\/v2\/users\/25"}],"replies":[{"embeddable":true,"href":"https:\/\/gazetaregionalna.com\/index.php?rest_route=%2Fwp%2Fv2%2Fcomments&post=132903"}],"version-history":[{"count":1,"href":"https:\/\/gazetaregionalna.com\/index.php?rest_route=\/wp\/v2\/posts\/132903\/revisions"}],"predecessor-version":[{"id":132905,"href":"https:\/\/gazetaregionalna.com\/index.php?rest_route=\/wp\/v2\/posts\/132903\/revisions\/132905"}],"wp:featuredmedia":[{"embeddable":true,"href":"https:\/\/gazetaregionalna.com\/index.php?rest_route=\/wp\/v2\/media\/132904"}],"wp:attachment":[{"href":"https:\/\/gazetaregionalna.com\/index.php?rest_route=%2Fwp%2Fv2%2Fmedia&parent=132903"}],"wp:term":[{"taxonomy":"category","embeddable":true,"href":"https:\/\/gazetaregionalna.com\/index.php?rest_route=%2Fwp%2Fv2%2Fcategories&post=132903"},{"taxonomy":"post_tag","embeddable":true,"href":"https:\/\/gazetaregionalna.com\/index.php?rest_route=%2Fwp%2Fv2%2Ftags&post=132903"}],"curies":[{"name":"wp","href":"https:\/\/api.w.org\/{rel}","templated":true}]}}