{"id":132894,"date":"2025-01-26T19:52:46","date_gmt":"2025-01-26T19:52:46","guid":{"rendered":"https:\/\/gazetaregionalna.com\/?p=132894"},"modified":"2025-01-26T19:52:47","modified_gmt":"2025-01-26T19:52:47","slug":"bedzie-wystawa-kocich-zdjec-dolaczysz-do-niej","status":"publish","type":"post","link":"https:\/\/gazetaregionalna.com\/?p=132894","title":{"rendered":"B\u0119dzie wystawa kocich zdj\u0119\u0107. Do\u0142\u0105czysz do niej?"},"content":{"rendered":"\n<p>Cz\u0119stochowska fundacja Adullam urz\u0105dza wystaw\u0119 zdj\u0119\u0107 Joanny Sidorowicz. A przy okazji \u2013 konkurs dla fotograf\u00f3w amator\u00f3w. Zwyci\u0119skie prace zostan\u0105 w\u0142\u0105czone do ekspozycji. Temat \u2013 koty.<\/p>\n\n\n\n<p>Dlaczego taki? Poniewa\u017c w lutym obchodzi si\u0119 w Polsce Dzie\u0144 Kota. I w\u0142a\u015bnie w tym dniu, 17 lutego, zaplanowano wernisa\u017c wystawy. Zgromadzi ona zdj\u0119cia kot\u00f3w autorstwa znanej w Cz\u0119stochowie fotografki Joanny Sidorowicz. Obok nich znajdzie si\u0119 kilka prac os\u00f3b, kt\u00f3re wezm\u0105 udzia\u0142 w konkursie przygotowywanym przez \u2013 te\u017c znan\u0105 \u2013 Fundacj\u0119 Chrze\u015bcija\u0144sk\u0105 \u201eAdullam\u201d.<\/p>\n\n\n\n<p>Zadanie dla zainteresowanych udzia\u0142em w konkursie jest proste. Maj\u0105 przys\u0142a\u0107 na adres <a href=\"mailto:konkurs@adullam.pl\">konkurs@adullam.pl<\/a> zdj\u0119cie kota lub kot\u00f3w. Nie ma znaczenia, czyje to b\u0119d\u0105 zwierzaki ani kiedy je sfotografowano. W tytule e-maila z prac\u0105 konkursow\u0105 nale\u017cy wpisa\u0107 \u201eKota strofa\u201d (to has\u0142o konkursu i tytu\u0142 wystawy), a w tre\u015bci &#8211; imi\u0119 i nazwisko autora pracy oraz kontaktowy numer telefonu. Zdj\u0119cie mo\u017ce by\u0107 zrobione aparatem fotograficznym lub telefonem. Trzeba je dostarczy\u0107 w formacie jpg, w rozdzielczo\u015bci, gdzie kr\u00f3tszy bok ma przynajmniej 2048 pikseli. Wa\u017cne, by nie by\u0142o ono za bardzo obrobione cyfrowo. Organizatorzy nie przyjmuj\u0105 obraz\u00f3w wygenerowanych przez sztuczn\u0105 inteligencj\u0119. Na zg\u0142oszenia czekaj\u0105 do 10 lutego.<\/p>\n\n\n\n<p>Pe\u0142ny regulamin konkursu oraz dokumenty, kt\u00f3re trzeba przys\u0142a\u0107 razem ze zdj\u0119ciem znajduj\u0105 si\u0119 na stronie https:\/\/adullam.pl\/kota-strofa-ludzie-robcie-zdjecia\/.<\/p>\n\n\n\n<p>Wszystkie prace obejrz\u0105 cz\u0142onkowie kapitu\u0142y konkursowej na czele z Joann\u0105 Sidorowicz. Kilka zakwalifikuj\u0105 na wystaw\u0119 \u201eKota strofa\u201d. Udzia\u0142 w niej stanowi nagrod\u0119 w konkursie. Autorzy zdj\u0119\u0107 zostan\u0105 zaproszeni na wernisa\u017c 17 lutego 2025 r. w siedzibie Fundacji Chrze\u015bcija\u0144skiej \u201eAdullam\u201d w Cz\u0119stochowie przy ul. Krakowskiej 34.<\/p>\n\n\n\n<p>B\u0119dzie to ju\u017c kolejna ekspozycja prac Joanny Sidorowicz w Adullam. Poprzednia skupia\u0142a si\u0119 na cz\u0119stochowskiej architekturze.<\/p>\n\n\n\n<p>red. JS<\/p>\n","protected":false},"excerpt":{"rendered":"<p>Cz\u0119stochowska fundacja Adullam urz\u0105dza wystaw\u0119 zdj\u0119\u0107 Joanny Sidorowicz. A przy okazji \u2013 konkurs dla fotograf\u00f3w amator\u00f3w. Zwyci\u0119skie prace zostan\u0105 w\u0142\u0105czone do ekspozycji. Temat \u2013<\/p>\n","protected":false},"author":2,"featured_media":132896,"comment_status":"closed","ping_status":"open","sticky":false,"template":"","format":"standard","meta":{"_monsterinsights_skip_tracking":false,"_monsterinsights_sitenote_active":false,"_monsterinsights_sitenote_note":"","_monsterinsights_sitenote_category":0,"_uf_show_specific_survey":0,"_uf_disable_surveys":false,"footnotes":""},"categories":[1401,40,2],"tags":[1128],"class_list":["post-132894","post","type-post","status-publish","format-standard","has-post-thumbnail","hentry","category-wystawy-kultura-i-rozrywka","category-pod-naszym-patronatem","category-wiadomosci","tag-fundacja-chrzescijanska-adullam"],"_links":{"self":[{"href":"https:\/\/gazetaregionalna.com\/index.php?rest_route=\/wp\/v2\/posts\/132894","targetHints":{"allow":["GET"]}}],"collection":[{"href":"https:\/\/gazetaregionalna.com\/index.php?rest_route=\/wp\/v2\/posts"}],"about":[{"href":"https:\/\/gazetaregionalna.com\/index.php?rest_route=\/wp\/v2\/types\/post"}],"author":[{"embeddable":true,"href":"https:\/\/gazetaregionalna.com\/index.php?rest_route=\/wp\/v2\/users\/2"}],"replies":[{"embeddable":true,"href":"https:\/\/gazetaregionalna.com\/index.php?rest_route=%2Fwp%2Fv2%2Fcomments&post=132894"}],"version-history":[{"count":3,"href":"https:\/\/gazetaregionalna.com\/index.php?rest_route=\/wp\/v2\/posts\/132894\/revisions"}],"predecessor-version":[{"id":132898,"href":"https:\/\/gazetaregionalna.com\/index.php?rest_route=\/wp\/v2\/posts\/132894\/revisions\/132898"}],"wp:featuredmedia":[{"embeddable":true,"href":"https:\/\/gazetaregionalna.com\/index.php?rest_route=\/wp\/v2\/media\/132896"}],"wp:attachment":[{"href":"https:\/\/gazetaregionalna.com\/index.php?rest_route=%2Fwp%2Fv2%2Fmedia&parent=132894"}],"wp:term":[{"taxonomy":"category","embeddable":true,"href":"https:\/\/gazetaregionalna.com\/index.php?rest_route=%2Fwp%2Fv2%2Fcategories&post=132894"},{"taxonomy":"post_tag","embeddable":true,"href":"https:\/\/gazetaregionalna.com\/index.php?rest_route=%2Fwp%2Fv2%2Ftags&post=132894"}],"curies":[{"name":"wp","href":"https:\/\/api.w.org\/{rel}","templated":true}]}}