{"id":1328,"date":"2018-12-14T11:25:32","date_gmt":"2018-12-14T11:25:32","guid":{"rendered":"http:\/\/gazetaregionalna.com\/?p=1328"},"modified":"2018-12-14T11:25:32","modified_gmt":"2018-12-14T11:25:32","slug":"eko-autobusy-juz-w-komplecie","status":"publish","type":"post","link":"https:\/\/gazetaregionalna.com\/?p=1328","title":{"rendered":"Eko autobusy ju\u017c w komplecie"},"content":{"rendered":"<p>&nbsp;<\/p>\n<p><span style=\"font-family: Times New Roman, serif;\">Kolejne sze\u015b\u0107 eko autobus\u00f3w dotar\u0142o do Cz\u0119stochowy. Pe\u0142ny tabor wyjedzie na ulice jeszcze przed \u015bwi\u0119tami.<\/span><\/p>\n<p><span style=\"font-family: Times New Roman, serif;\">Druga transza sze\u015bciu nowoczesnych autobus\u00f3w marki MAN dotar\u0142a w czwartek, 13 grudnia do Cz\u0119stochowy. 12 pojazd\u00f3w oczekuje teraz na terenie zajezdni MPK pierwszych wyjazd\u00f3w na miejskie trasy.<\/span><\/p>\n<p><span style=\"font-family: Times New Roman, serif;\">&#8211; Aktualnie pojazdy s\u0105 dostosowywane do obs\u0142ugi pasa\u017cer\u00f3w przechodz\u0105c szereg koniecznych odbior\u00f3w technicznych \u2013 informuje <strong>Maciej Hasik, <\/strong>rzecznik prasowy MPK w Cz\u0119stochowie. &#8211; W pierwsz\u0105 podr\u00f3\u017c nowymi MANami wybierzemy si\u0119 jeszcze w tym roku. Najprawdopodobniej autobusy b\u0119d\u0105 s\u0142u\u017cy\u0107 pasa\u017cerom ju\u017c od okresu \u015bwi\u0105tecznego.<\/span><\/p>\n<p><span style=\"font-family: Times New Roman, serif;\">Nowe ekologiczne pojazdy wyposa\u017cony jest w nowoczesny system gaszenia po\u017caru, monitoring, wi-fi, klimatyzacj\u0119, elektroniczny system informacji, biletomaty i wiele innych udogodnie\u0144. Zapewniaj\u0105 tak\u017ce komfort i bezpiecze\u0144stwo dla os\u00f3b starszych, s\u0142abowidz\u0105cych i s\u0142abos\u0142ysz\u0105cych. <\/span><\/p>\n<p><span style=\"font-family: Times New Roman, serif;\">&#8211; Autobusy s\u0105 najlepiej wyposa\u017cone spo\u015br\u00f3d wszystkich dostarczonych do tej pory do MPK \u2013 m\u00f3wi <strong>Robert Madej,<\/strong>zast\u0119pca prezesa MPK w Cz\u0119stochowie. &#8211; Opr\u00f3cz monitoringu, niskiej pod\u0142ogi, biletomat\u00f3w maj\u0105 nowoczesne kasowniki, kt\u00f3re na razie nie wyst\u0119powa\u0142y w innych naszych pojazdach. Dzi\u0119ki nim b\u0119dzie mo\u017cna p\u0142aci\u0107 kart\u0105 kredytow\u0105.<\/span><\/p>\n<p><span style=\"font-family: Times New Roman, serif;\">Przypomnijmy: koszt zakupu pojazd\u00f3w to 14 mln 302 tys. z\u0142, z czego blisko 9 mln z\u0142 to unijne dofinansowanie.<\/span><\/p>\n<p><span style=\"font-family: Times New Roman, serif;\">(p.s-b.)<br \/>\n<\/span><\/p>\n<p>&nbsp;<\/p>\n","protected":false},"excerpt":{"rendered":"<p>&nbsp; Kolejne sze\u015b\u0107 eko autobus\u00f3w dotar\u0142o do Cz\u0119stochowy. Pe\u0142ny tabor wyjedzie na ulice jeszcze przed \u015bwi\u0119tami. Druga transza sze\u015bciu nowoczesnych autobus\u00f3w marki MAN dotar\u0142a<\/p>\n","protected":false},"author":3,"featured_media":0,"comment_status":"open","ping_status":"closed","sticky":false,"template":"","format":"standard","meta":{"_monsterinsights_skip_tracking":false,"_monsterinsights_sitenote_active":false,"_monsterinsights_sitenote_note":"","_monsterinsights_sitenote_category":0,"_uf_show_specific_survey":0,"_uf_disable_surveys":false,"footnotes":""},"categories":[3,2],"tags":[],"class_list":["post-1328","post","type-post","status-publish","format-standard","hentry","category-czestochowa-informacje","category-wiadomosci"],"_links":{"self":[{"href":"https:\/\/gazetaregionalna.com\/index.php?rest_route=\/wp\/v2\/posts\/1328","targetHints":{"allow":["GET"]}}],"collection":[{"href":"https:\/\/gazetaregionalna.com\/index.php?rest_route=\/wp\/v2\/posts"}],"about":[{"href":"https:\/\/gazetaregionalna.com\/index.php?rest_route=\/wp\/v2\/types\/post"}],"author":[{"embeddable":true,"href":"https:\/\/gazetaregionalna.com\/index.php?rest_route=\/wp\/v2\/users\/3"}],"replies":[{"embeddable":true,"href":"https:\/\/gazetaregionalna.com\/index.php?rest_route=%2Fwp%2Fv2%2Fcomments&post=1328"}],"version-history":[{"count":2,"href":"https:\/\/gazetaregionalna.com\/index.php?rest_route=\/wp\/v2\/posts\/1328\/revisions"}],"predecessor-version":[{"id":1330,"href":"https:\/\/gazetaregionalna.com\/index.php?rest_route=\/wp\/v2\/posts\/1328\/revisions\/1330"}],"wp:attachment":[{"href":"https:\/\/gazetaregionalna.com\/index.php?rest_route=%2Fwp%2Fv2%2Fmedia&parent=1328"}],"wp:term":[{"taxonomy":"category","embeddable":true,"href":"https:\/\/gazetaregionalna.com\/index.php?rest_route=%2Fwp%2Fv2%2Fcategories&post=1328"},{"taxonomy":"post_tag","embeddable":true,"href":"https:\/\/gazetaregionalna.com\/index.php?rest_route=%2Fwp%2Fv2%2Ftags&post=1328"}],"curies":[{"name":"wp","href":"https:\/\/api.w.org\/{rel}","templated":true}]}}