{"id":132479,"date":"2025-01-13T07:16:11","date_gmt":"2025-01-13T07:16:11","guid":{"rendered":"https:\/\/gazetaregionalna.com\/?p=132479"},"modified":"2025-01-13T07:16:12","modified_gmt":"2025-01-13T07:16:12","slug":"mieszkanki-i-mieszkancy-czestochowy-zglaszali-w-sniezny-weekend-do-strazy-miejskiej-pobyt-osob-bezdomnych","status":"publish","type":"post","link":"https:\/\/gazetaregionalna.com\/?p=132479","title":{"rendered":"Mieszkanki i mieszka\u0144cy Cz\u0119stochowy zg\u0142aszali w \u015bnie\u017cny weekend do Stra\u017cy Miejskiej pobyt os\u00f3b bezdomnych"},"content":{"rendered":"\n<p>Dy\u017curni cz\u0119stochowskiej Stra\u017cy Miejskiej przyj\u0119li w trakcie minionego weekendu 127 telefonicznych zg\u0142osze\u0144 od mieszkanek i mieszka\u0144c\u00f3w miasta. Najwi\u0119cej zg\u0142osze\u0144 w ci\u0105gu ostatnich 3 dni dotyczy\u0142o wykrocze\u0144 drogowych. By\u0142y to 32 zg\u0142oszenia. Na drugim miejscu dominowa\u0142y interwencje zwi\u0105zane z zak\u0142\u00f3caniem spokoju i porz\u0105dku publicznego oraz spo\u017cywaniem alkoholu w miejscach publicznych (24 zg\u0142osze\u0144), a na trzecim miejscu znalaz\u0142y si\u0119 zg\u0142oszenia dotycz\u0105ce pobytu os\u00f3b bezdomnych. By\u0142o to 17 zg\u0142osze\u0144.<\/p>\n\n\n\n<p>W ci\u0105gu minionych 3 dni pracownicy Stra\u017cy Miejskiej z referatu ds. monitoringu wizyjnego przeprowadzili 50 obserwacji, kt\u00f3re wymaga\u0142y interwencji s\u0142u\u017cb. 13 interwencji z monitoringu zrealizowali stra\u017cnicy miejscy, a pozosta\u0142e interwencje przekazano do realizacji innym s\u0142u\u017cbom.<\/p>\n\n\n\n<p>Opr\u00f3cz interwencji zg\u0142oszonych przez mieszka\u0144c\u00f3w miasta cz\u0119stochowscy stra\u017cnicy miejscy podejmowali te\u017c w\u0142asne dzia\u0142ania podczas s\u0142u\u017cby patrolowej.<\/p>\n\n\n\n<p>\u0179r\u00f3d\u0142o: www.sm.czestochowa.pl <\/p>\n","protected":false},"excerpt":{"rendered":"<p>Dy\u017curni cz\u0119stochowskiej Stra\u017cy Miejskiej przyj\u0119li w trakcie minionego weekendu 127 telefonicznych zg\u0142osze\u0144 od mieszkanek i mieszka\u0144c\u00f3w miasta. Najwi\u0119cej zg\u0142osze\u0144 w ci\u0105gu ostatnich 3 dni<\/p>\n","protected":false},"author":25,"featured_media":131544,"comment_status":"closed","ping_status":"open","sticky":false,"template":"","format":"standard","meta":{"_monsterinsights_skip_tracking":false,"_monsterinsights_sitenote_active":false,"_monsterinsights_sitenote_note":"","_monsterinsights_sitenote_category":0,"_uf_show_specific_survey":0,"_uf_disable_surveys":false,"footnotes":""},"categories":[94,3,2],"tags":[],"class_list":["post-132479","post","type-post","status-publish","format-standard","has-post-thumbnail","hentry","category-polecane","category-czestochowa-informacje","category-wiadomosci"],"_links":{"self":[{"href":"https:\/\/gazetaregionalna.com\/index.php?rest_route=\/wp\/v2\/posts\/132479","targetHints":{"allow":["GET"]}}],"collection":[{"href":"https:\/\/gazetaregionalna.com\/index.php?rest_route=\/wp\/v2\/posts"}],"about":[{"href":"https:\/\/gazetaregionalna.com\/index.php?rest_route=\/wp\/v2\/types\/post"}],"author":[{"embeddable":true,"href":"https:\/\/gazetaregionalna.com\/index.php?rest_route=\/wp\/v2\/users\/25"}],"replies":[{"embeddable":true,"href":"https:\/\/gazetaregionalna.com\/index.php?rest_route=%2Fwp%2Fv2%2Fcomments&post=132479"}],"version-history":[{"count":1,"href":"https:\/\/gazetaregionalna.com\/index.php?rest_route=\/wp\/v2\/posts\/132479\/revisions"}],"predecessor-version":[{"id":132480,"href":"https:\/\/gazetaregionalna.com\/index.php?rest_route=\/wp\/v2\/posts\/132479\/revisions\/132480"}],"wp:featuredmedia":[{"embeddable":true,"href":"https:\/\/gazetaregionalna.com\/index.php?rest_route=\/wp\/v2\/media\/131544"}],"wp:attachment":[{"href":"https:\/\/gazetaregionalna.com\/index.php?rest_route=%2Fwp%2Fv2%2Fmedia&parent=132479"}],"wp:term":[{"taxonomy":"category","embeddable":true,"href":"https:\/\/gazetaregionalna.com\/index.php?rest_route=%2Fwp%2Fv2%2Fcategories&post=132479"},{"taxonomy":"post_tag","embeddable":true,"href":"https:\/\/gazetaregionalna.com\/index.php?rest_route=%2Fwp%2Fv2%2Ftags&post=132479"}],"curies":[{"name":"wp","href":"https:\/\/api.w.org\/{rel}","templated":true}]}}