{"id":132453,"date":"2025-01-12T20:22:14","date_gmt":"2025-01-12T20:22:14","guid":{"rendered":"https:\/\/gazetaregionalna.com\/?p=132453"},"modified":"2025-01-19T15:07:55","modified_gmt":"2025-01-19T15:07:55","slug":"2-lutego-kazik-staszewski-konkurs","status":"publish","type":"post","link":"https:\/\/gazetaregionalna.com\/?p=132453","title":{"rendered":"2 lutego Kazik Staszewski wyst\u0105pi w krakowskim Klubie Studio. Mamy podw\u00f3jne zaproszenia [KONKURS]"},"content":{"rendered":"\n<h2 class=\"wp-block-heading\">Podobnie jak rok temu Klub Studio w Krakowie zorganizuje &#8222;Weekend z Kazikiem&#8221;. Dzie\u0144 po dniu lider Kultu wyst\u0105pi z dwoma innymi formacjami. W tym konkursie rozdajemy dwa podw\u00f3jne zaproszenia na koncert projektu Kazik, kt\u00f3ry odb\u0119dzie si\u0119 2 lutego.<\/h2>\n\n\n\n<p>Kazik Staszewski zn\u00f3w ma dla swoich fan\u00f3w wyj\u0105tkow\u0105 koncertow\u0105 niespodziank\u0119. Lider zespo\u0142u Kult -podobnie jak w 2024 roku &#8211; a\u017c dwa razy, dzie\u0144 po dniu, wyst\u0105pi na scenie krakowskiego <a href=\"https:\/\/www.facebook.com\/klub.studio\" target=\"_blank\" rel=\"noopener\">Klubu Studio<\/a>. W niedziel\u0119, 2 lutego zaprezentuje si\u0119 solowo w ramach projektu Kazik, a w poniedzia\u0142ek, 3 lutego &#8211; zagra z pozna\u0144skim Kwartetem Proforma (szczeg\u00f3\u0142y <a href=\"https:\/\/www.facebook.com\/events\/3794457074217954\" target=\"_blank\" rel=\"noopener\">TUTAJ<\/a>). Z tej okazji mo\u017cna kupi\u0107 bilet pojedynczy lub karnet na ca\u0142y &#8222;WEEKEND Z KAZIKIEM!&#8221;.<\/p>\n\n\n\n<p>W ramach solowej dzia\u0142alno\u015bci Staszewski nagra\u0142 dotychczas dziesi\u0119\u0107 solowych album\u00f3w. Ostatnim z nich jest \u201eZaraza\u201d stworzona we wsp\u00f3\u0142pracy z gitarzyst\u0105 Kultu Wojtkiem Jab\u0142o\u0144skim. Wydawnictwo ukaza\u0142o si\u0119 w czerwcu 2020 roku nak\u0142adem wytw\u00f3rni muzycznej S.P. Records, a o kr\u0105\u017cku by\u0142o jednak g\u0142o\u015bno ju\u017c wcze\u015bniej, wszystko za spraw\u0105 singla \u201eTw\u00f3j b\u00f3l jest lepszy ni\u017c m\u00f3j\u201d. Ju\u017c oko\u0142o tygodnia przed premier\u0105 album uzyska\u0142 status z\u0142otej p\u0142yty. \u201eZaraza\u201d okaza\u0142a si\u0119 najwi\u0119kszym sukcesem komercyjnym w solowej karierze Kazika. To jego drugi album, kt\u00f3ry uzyska\u0142 status platynowej p\u0142yty po \u201e12 groszach\u201d, z t\u0105 r\u00f3\u017cnic\u0105, \u017ce pierwszemu zdobycie tego wyr\u00f3\u017cnienia zaj\u0119\u0142o dwa miesi\u0105ce, a \u201eZarazie\u201d wystarczy\u0142o&#8230; kilkana\u015bcie dni.<\/p>\n\n\n\n<figure class=\"wp-block-image size-large\"><img decoding=\"async\" width=\"1024\" height=\"683\" data-src=\"https:\/\/gazetaregionalna.com\/wp-content\/uploads\/2024\/01\/28-1-scaled-1-1024x683.jpg\" alt=\"\" class=\"wp-image-120071 lazyload\" data-srcset=\"https:\/\/gazetaregionalna.com\/wp-content\/uploads\/2024\/01\/28-1-scaled-1-1024x683.jpg 1024w, https:\/\/gazetaregionalna.com\/wp-content\/uploads\/2024\/01\/28-1-scaled-1-300x200.jpg 300w, https:\/\/gazetaregionalna.com\/wp-content\/uploads\/2024\/01\/28-1-scaled-1-768x512.jpg 768w, https:\/\/gazetaregionalna.com\/wp-content\/uploads\/2024\/01\/28-1-scaled-1-1536x1025.jpg 1536w, https:\/\/gazetaregionalna.com\/wp-content\/uploads\/2024\/01\/28-1-scaled-1-2048x1366.jpg 2048w, https:\/\/gazetaregionalna.com\/wp-content\/uploads\/2024\/01\/28-1-scaled-1-696x464.jpg 696w, https:\/\/gazetaregionalna.com\/wp-content\/uploads\/2024\/01\/28-1-scaled-1-1068x713.jpg 1068w, https:\/\/gazetaregionalna.com\/wp-content\/uploads\/2024\/01\/28-1-scaled-1-1920x1281.jpg 1920w, https:\/\/gazetaregionalna.com\/wp-content\/uploads\/2024\/01\/28-1-scaled-1-630x420.jpg 630w, https:\/\/gazetaregionalna.com\/wp-content\/uploads\/2024\/01\/28-1-scaled-1-scaled.jpg 1600w\" data-sizes=\"(max-width: 1024px) 100vw, 1024px\" src=\"data:image\/svg+xml;base64,PHN2ZyB3aWR0aD0iMSIgaGVpZ2h0PSIxIiB4bWxucz0iaHR0cDovL3d3dy53My5vcmcvMjAwMC9zdmciPjwvc3ZnPg==\" style=\"--smush-placeholder-width: 1024px; --smush-placeholder-aspect-ratio: 1024\/683;\" \/><figcaption class=\"wp-element-caption\">Kazik Staszewski (fot. R. Jod\u0142owski)<\/figcaption><\/figure>\n\n\n\n<p>Opr\u00f3cz \u201eTw\u00f3j b\u00f3l jest lepszy ni\u017c m\u00f3j\u201d najnowszy album promowa\u0142o jeszcze pi\u0119\u0107 singli (do wszystkich powsta\u0142y teledyski): \u201ePowiedzcie, \u017ce kochacie nas\u201d, \u201eNo\u017ce i pistolety\u201d, \u201eKluczem przyciskaj wind\u0119\u201d, \u201eNigdzie ju\u017c nie p\u00f3jd\u0119 dzi\u015b\u201d oraz \u201eNie mam na nic czasu, bo ogl\u0105dam seriale\u201d. Z pewno\u015bci\u0105 wszystkie zabrzmi\u0105 w Krakowie.<\/p>\n\n\n\n<p>Jakich jeszcze utwor\u00f3w nale\u017cy si\u0119 spodziewa\u0107? Kazik podczas tych wyst\u0119p\u00f3w si\u0119ga po utwory z poprzednich p\u0142yt, a tak\u017ce te, kt\u00f3re nagra\u0142 z KN\u017b. By\u0107 mo\u017ce w Studio us\u0142yszymy wi\u0119c np. \u201eMaciek, ja tylko \u017cartowa\u0142em\u201d, \u201eSpalam si\u0119\u201d, \u201eArty\u015bci\u201d czy \u201eTata dilera\u201d. W repertuarze nie powinno r\u00f3wnie\u017c zabrakn\u0105\u0107 nagranych na potrzeby film\u00f3w &#8222;25 lat niewinno\u015bci&#8221; i &#8222;Ballady o Janku Wi\u015bniewskim&#8221;.<\/p>\n\n\n\n<p>Pos\u0142uchamy ich w niedziel\u0119, 2 lutego. Otwarcie bram o godz. 18, start koncertu o godz. 19.<\/p>\n\n\n\n<figure class=\"wp-block-image size-full\"><img decoding=\"async\" width=\"1024\" height=\"683\" data-src=\"https:\/\/gazetaregionalna.com\/wp-content\/uploads\/2024\/01\/Kazik.jpg\" alt=\"\" class=\"wp-image-119880 lazyload\" data-srcset=\"https:\/\/gazetaregionalna.com\/wp-content\/uploads\/2024\/01\/Kazik.jpg 1024w, https:\/\/gazetaregionalna.com\/wp-content\/uploads\/2024\/01\/Kazik-300x200.jpg 300w, https:\/\/gazetaregionalna.com\/wp-content\/uploads\/2024\/01\/Kazik-768x512.jpg 768w, https:\/\/gazetaregionalna.com\/wp-content\/uploads\/2024\/01\/Kazik-696x464.jpg 696w, https:\/\/gazetaregionalna.com\/wp-content\/uploads\/2024\/01\/Kazik-630x420.jpg 630w\" data-sizes=\"(max-width: 1024px) 100vw, 1024px\" src=\"data:image\/svg+xml;base64,PHN2ZyB3aWR0aD0iMSIgaGVpZ2h0PSIxIiB4bWxucz0iaHR0cDovL3d3dy53My5vcmcvMjAwMC9zdmciPjwvc3ZnPg==\" style=\"--smush-placeholder-width: 1024px; --smush-placeholder-aspect-ratio: 1024\/683;\" \/><figcaption class=\"wp-element-caption\">Kazik Staszewski (fot. Robert Jod\u0142owski)<\/figcaption><\/figure>\n\n\n\n<h2 class=\"wp-block-heading\">Gdzie kupi\u0107 bilety?<\/h2>\n\n\n\n<p>Sprzeda\u017c bilet\u00f3w trwa! Oto jak mo\u017cna je kupi\u0107:<\/p>\n\n\n\n<p><strong>Bilety:<\/strong><br> Ticketclub <a href=\"https:\/\/l.facebook.com\/l.php?u=https%3A%2F%2Fticketclub.pl%2Fweekend-z-kazikiem-krakow%2F%3Ffbclid%3DIwZXh0bgNhZW0CMTAAAR2yw0YwWjF-PTBA3mr853NByebRthgDIXhn3tg-ZoGQ0sqLTAlrl7xaVy4_aem_BVGlToSTTZT3W637dCautA&amp;h=AT1-B6YhZ8zXJs0k5OVdFJ9O8zGELMT3OHeEuCFBEO56jxeT2WzarKFs7FoHqR01I7o8jkC1Q7Drq1ud9_EkXkHzq0uCE9V-nCtHD1gfIThLy2OI_1Ut52otFyeFWOdaV1_a&amp;__tn__=q&amp;c[0]=AT0fi2HQzIqScTKyPQuTluoLcUvbtuSfEPFMHNE-2w8Zy1tLnGIoOQvBca4D4uhPPV6H51c_qitjnKIypqOljcYqORdxAfz3cxZAiqJCOkgy9ijArGpA0UwAK7oOlbnbMcsFYob8GsYQAm0JvayQCylMbt7JOlaoR69Bow\" target=\"_blank\" rel=\"noreferrer noopener\">https:\/\/ticketclub.pl\/weekend-z-kazikiem-krakow\/<\/a><br>Eventim <a href=\"https:\/\/l.facebook.com\/l.php?u=https%3A%2F%2Fwww.eventim.pl%2Fnoapp%2Feventseries%2F3762601%2F%3Faffiliate%3DFA7%26fbclid%3DIwZXh0bgNhZW0CMTAAAR2lpxSYh_bbZTGkR0TbEe56KtbWBcVxocunn0QWdqTyyqqN4oL4qv1dr4g_aem_jvC4B6E1QxzWohmQtgf9qw&amp;h=AT2yc2vghzU4CTeg24wQSrTxZjU_6pVdpZ0tdR-fPk8FMHh_WDlIGBz1yoBT8eEA5tYiPEUisRx95Ss6e20eEUfyelWTArSQNDfvQJTLbr5TjjgjtidENeyWqPBuQ7nbkmE6&amp;__tn__=q&amp;c[0]=AT0fi2HQzIqScTKyPQuTluoLcUvbtuSfEPFMHNE-2w8Zy1tLnGIoOQvBca4D4uhPPV6H51c_qitjnKIypqOljcYqORdxAfz3cxZAiqJCOkgy9ijArGpA0UwAK7oOlbnbMcsFYob8GsYQAm0JvayQCylMbt7JOlaoR69Bow\" target=\"_blank\" rel=\"noreferrer noopener\">https:\/\/www.eventim.pl\/noapp\/eventseries\/3762601\/&#8230;<\/a><br>eBilet<br><strong>Karnet: <\/strong><a href=\"https:\/\/l.facebook.com\/l.php?u=https%3A%2F%2Fsklep.ebilet.pl%2Faamh%2F15481123719086720%3Ffbclid%3DIwZXh0bgNhZW0CMTAAAR3CYTcNkG4L1S-VU2Jfw_69GfF97u1PW_jRsS4sbnDTKdfQr76nVY0Q3mc_aem_jm_wc2aq0gAbFvJuLOdKdw&amp;h=AT0JSlw6l7h21vASGUxXaZul4lqWedv8hU_rbL0muftrFikKetg9lHoMDXcZSFzNyxq9pj1Zxrd25pw9qGiRovh1k93jxlA82Zrt95pgp8Om0Aybshj4SyZSdKa7X77b8BhU&amp;__tn__=q&amp;c[0]=AT0fi2HQzIqScTKyPQuTluoLcUvbtuSfEPFMHNE-2w8Zy1tLnGIoOQvBca4D4uhPPV6H51c_qitjnKIypqOljcYqORdxAfz3cxZAiqJCOkgy9ijArGpA0UwAK7oOlbnbMcsFYob8GsYQAm0JvayQCylMbt7JOlaoR69Bow\" target=\"_blank\" rel=\"noreferrer noopener\">https:\/\/sklep.ebilet.pl\/aamh\/15481123719086720<\/a><br>Dzie\u0144 1: <a href=\"https:\/\/sklep.ebilet.pl\/aamh\/15481123719086721?fbclid=IwZXh0bgNhZW0CMTAAAR0v5rDlj-tWSDv1xWEa0ePVKQbtz0Z1qOQlrEO7PWsdlM5-RHNVsy8bXzI_aem_WLXRmixVMTzV-ESEUAw09A\" target=\"_blank\" rel=\"noreferrer noopener\">https:\/\/sklep.ebilet.pl\/aamh\/15481123719086721<\/a><br>Dzie\u0144 2: <a href=\"https:\/\/sklep.ebilet.pl\/aamh\/15481123719086722?fbclid=IwZXh0bgNhZW0CMTAAAR2czk8GWer_ox-YA0JjZHtn3UdFb7l1DixByGCdgb0aMqvD5mAuNmtkTMU_aem_lknIjCJBtdUp8b4sjQVReA\" target=\"_blank\" rel=\"noreferrer noopener\">https:\/\/sklep.ebilet.pl\/aamh\/15481123719086722<\/a><br><\/p>\n\n\n\n<p><strong>Bilety kolekcjonerskie<\/strong><br>Karnet: <a href=\"https:\/\/sklep.klubstudio.pl\/pl\/p\/Karnet-na-WeekEND-z-Kazikiem-02-03.02.2025-Bilet-kolekcjonerski-\/328?fbclid=IwZXh0bgNhZW0CMTAAAR0brK1aMWxw9bNimgL5A9LpBQWg0ddibfZUfNQgdubDKEEHrTRiB2WwhUk_aem_uwyfP1-xmSJ8-YkXkJLr-g\" target=\"_blank\" rel=\"noreferrer noopener\">https:\/\/sklep.klubstudio.pl\/&#8230;\/Karnet-na-WeekEND-z&#8230;\/328<\/a><br>Dzie\u0144 1: <a href=\"https:\/\/sklep.klubstudio.pl\/pl\/p\/Kazik-02.02.2025-Bilet-kolekcjonerski-\/326?fbclid=IwZXh0bgNhZW0CMTAAAR3CYTcNkG4L1S-VU2Jfw_69GfF97u1PW_jRsS4sbnDTKdfQr76nVY0Q3mc_aem_jm_wc2aq0gAbFvJuLOdKdw\" target=\"_blank\" rel=\"noreferrer noopener\">https:\/\/sklep.klubstudio.pl\/&#8230;\/Kazik-02.02.2025&#8230;\/326<\/a><br>Dzie\u0144 2: <a href=\"https:\/\/l.facebook.com\/l.php?u=https%3A%2F%2Fsklep.klubstudio.pl%2Fpl%2Fp%2FKazik-Kwartet-ProForma-03.02.2025-Bilet-kolekcjonerski-%2F327%3Ffbclid%3DIwZXh0bgNhZW0CMTAAAR2yw0YwWjF-PTBA3mr853NByebRthgDIXhn3tg-ZoGQ0sqLTAlrl7xaVy4_aem_BVGlToSTTZT3W637dCautA&amp;h=AT1OV8hahrroBC3hVhz44qvnWdD5Ms6rf-BRHLsTQ1B7hbNTQVpBMtvuHJcxaESDmc0AKtQMov6_h1Kjg6VLK3xSvZC2Yonf9vDQ3au_W8t3Ha9c181hD2Z1f0RGyEphTHm7&amp;__tn__=q&amp;c[0]=AT0fi2HQzIqScTKyPQuTluoLcUvbtuSfEPFMHNE-2w8Zy1tLnGIoOQvBca4D4uhPPV6H51c_qitjnKIypqOljcYqORdxAfz3cxZAiqJCOkgy9ijArGpA0UwAK7oOlbnbMcsFYob8GsYQAm0JvayQCylMbt7JOlaoR69Bow\" target=\"_blank\" rel=\"noreferrer noopener\">https:\/\/sklep.klubstudio.pl\/&#8230;\/Kazik-Kwartet&#8230;\/327<\/a><\/p>\n\n\n\n<p><strong>Bilety kolekcjonerskie mo\u017cna r\u00f3wnie\u017c kupi\u0107 stacjonarnie:<\/strong><br>w Klubie Studio (Witolda Budryka 4), codziennie od 12:00 do 00:00,<br>w Klubie Filutek (Rostafi\u0144skiego 10), codziennie od 12:00 do 01:00.<\/p>\n\n\n\n<p><strong>Ceny bilet\u00f3w:<\/strong><br>KARNET:<br>215 z\u0142 &#8211; przedsprzeda\u017c, stoj\u0105ce<br>250 z\u0142 &#8211; w dniu koncertu, stoj\u0105ce<\/p>\n\n\n\n<p><strong>Balkon<\/strong><br>270 z\u0142 &#8211; przedsprzeda\u017c, BALKON, siedz\u0105ce NIENUMEROWANE<br>NIE MA mo\u017cliwo\u015b\u0107 kupienia karnetu na BALKON w dniu wydarzenia!<\/p>\n\n\n\n<p><strong>02\/02, KAZIK<\/strong><br>130 &#8211; przedsprzeda\u017c, stoj\u0105ce<br>150 &#8211; w dniu, stoj\u0105ce<\/p>\n\n\n\n<p><strong>Balkon:<\/strong><br>170 &#8211; przedsprzeda\u017c balkon, siedz\u0105ce NIENUMEROWANE<br>190 &#8211; w dniu balkon, siedz\u0105ce NIENUMEROWANE<\/p>\n\n\n\n<p><strong>03\/02, KAZIK &amp; KWARTET PROFORMA:<\/strong><br>120 &#8211; przedsprzeda\u017c, stoj\u0105ce<br>135 &#8211; w dniu, stoj\u0105ce<\/p>\n\n\n\n<p><strong>Balkon:<\/strong><br>150 &#8211; przedsprzeda\u017c balkon, siedz\u0105ce NIENUMEROWANE<br>170 &#8211; w dniu balkon, siedz\u0105ce NIENUMEROWANE<\/p>\n\n\n\n<h3 class=\"wp-block-heading\">Wygraj zaproszenie na ten koncert!<\/h3>\n\n\n\n<p>Mamy dla Czytelnik\u00f3w dwa podw\u00f3jne zaproszenia na koncert Kazika, kt\u00f3ry odb\u0119dzie si\u0119 2 lutego w klubie Studio.<\/p>\n\n\n\n<p>By o nie zagra\u0107, nale\u017cy odpowiedzie\u0107 na poni\u017csze pytanie (uzasadniaj\u0105c wyb\u00f3r):<\/p>\n\n\n\n<p><strong>Wska\u017c najlepszy koncert Kazika Staszewskiego, na kt\u00f3rym by\u0142a\u015b\/by\u0142e\u015b i uzasadnij wyb\u00f3r?<\/strong><\/p>\n\n\n\n<p>Odpowied\u017a nale\u017cy wys\u0142a\u0107 mailowo na adres&nbsp;<strong>konkursy@gazetaregionalna.com<\/strong>, w tytule podaj\u0105c \u201eKazik\u201d, a w tre\u015bci tak\u017ce swoje imi\u0119 i nazwisko.&nbsp;<strong>Zadanie nale\u017cy wykona\u0107 w terminie od 13 stycznia od godz. 9 do 14 stycznia do godz. 9.<\/strong><\/p>\n\n\n\n<p>Zwyci\u0119zcy Konkursu zostan\u0105 powiadomieni o wygranej i o formie jej odbioru w wiadomo\u015bci mailowej wys\u0142anej najp\u00f3\u017aniej do 17 stycznia do godz. 22.<\/p>\n\n\n\n<h4 class=\"wp-block-heading\">Regulamin konkursu \u201cKazik\u201d<\/h4>\n\n\n\n<p><strong>\u00a7 1. POSTANOWIENIA OG\u00d3LNE<\/strong><\/p>\n\n\n\n<p>1. Organizatorem konkurs\u00f3w jest GazetaRegionalna.com, al. Ko\u015bciuszki 13, lok. 6, 42-202 Cz\u0119stochowa, (zwana dalej \u201eOrganizatorem\u201d).<br>2. Fundatorem nagrody jest klub Studio w Krakowie.<br>3. Niniejszy regulamin (dalej \u201eRegulamin\u201d) stanowi podstaw\u0119 organizacji oraz okre\u015bla warunki Konkursu.<br>4. Konkurs nie jest stworzony, administrowany, wspierany ani sponsorowany przez Facebook.<br>5. Konkurs jest prowadzony na stronie&nbsp;<a href=\"https:\/\/www.gazetaregionalna.com\/\">www.gazetaregionalna.com<\/a>.<\/p>\n\n\n\n<p>6. Administratorem danych osobowych udost\u0119pnianych przez Uczestnik\u00f3w Konkursu jest Organizator. Podanie danych osobowych ma charakter dowolny, lecz niezb\u0119dny do przyst\u0105pienia przez Uczestnika do Konkursu. Osobom udost\u0119pniaj\u0105cym dane przys\u0142uguje prawo dost\u0119pu do tych danych, ich zmian b\u0105d\u017a usuni\u0119cia.<\/p>\n\n\n\n<p><strong>\u00a7 2. MIEJSCE, CZAS I ZASADY KONKURSU<\/strong><\/p>\n\n\n\n<p>1. Konkurs jest dost\u0119pny w formie tekstu konkursowego na portalu organizatora gazetaregionalna.com<br><strong>2. Konkurs trwa od dnia 13 stycznia 2025 r. od godz. 9.00. do dnia 14 stycznia 2025 r. do godz. 9.00.<\/strong><\/p>\n\n\n\n<p>W wyj\u0105tkowych sytuacjach Organizator konkursu mo\u017ce przed\u0142u\u017cy\u0107 lub przerwa\u0107 trwanie konkursu, w&nbsp;okre\u015blonym przez siebie zakresie, o czym poinformuje uczestnik\u00f3w konkursu na profilu wskazanym w \u00a71 pkt.6 Regulaminu.<\/p>\n\n\n\n<p><strong>\u00a7 3. UCZESTNICY KONKURSU<\/strong><\/p>\n\n\n\n<p>1. Uczestnikami Konkursu mog\u0105 by\u0107 wy\u0142\u0105cznie osoby fizyczne, konsumenci w rozumieniu art. 221 kodeksu cywilnego, posiadaj\u0105ce pe\u0142n\u0105 zdolno\u015bci do czynno\u015bci prawnych, kt\u00f3re zaakceptowa\u0142y niniejszy Regulamin (dalej: \u201eUczestnik\u201d).<br>2. Uczestnik o\u015bwiadcza, \u017ce:<br>a. jest osob\u0105 fizyczn\u0105, posiadaj\u0105c\u0105 pe\u0142n\u0105 zdolno\u015b\u0107 do czynno\u015bci prawnych;<\/p>\n\n\n\n<p>b. jest osob\u0105 pe\u0142noletni\u0105;<br>c. zapozna\u0142 si\u0119 z tre\u015bci\u0105 niniejszego Regulaminu i w spos\u00f3b dobrowolny przyst\u0119puje do Konkursu;<br>d. wyra\u017ca zgod\u0119 i akceptuje warunki Regulaminu, w tym zapozna\u0142 si\u0119 z tre\u015bci\u0105 dotycz\u0105c\u0105 procedury odbioru nagrody i j\u0105 w pe\u0142ni akceptuje;<br>e. zobowi\u0105zuje si\u0119 do przestrzegania postanowie\u0144 Regulaminu;<br>f. wyrazi\u0142 zgod\u0119 na przetwarzanie danych osobowych dla cel\u00f3w zwi\u0105zanych z uczestnictwem w Konkursie;<br>3. Uczestnik zobowi\u0105zuje si\u0119 do przestrzegania okre\u015blonych w Regulaminie zasad, jak r\u00f3wnie\u017c potwierdza, i\u017c spe\u0142nia wszystkie warunki, kt\u00f3re uprawniaj\u0105 go do udzia\u0142u w Konkursie.<\/p>\n\n\n\n<p>4. W Konkursie nie mog\u0105 uczestniczy\u0107 pracownicy i wsp\u00f3\u0142pracownicy Organizatora.<\/p>\n\n\n\n<p><strong>\u00a7 4. NAGRODA<\/strong><\/p>\n\n\n\n<p><strong>1. Nagrod\u0105 w Konkursie s\u0105 dwa podw\u00f3jne zaproszenia na koncert Kazika dla dw\u00f3ch os\u00f3b wybranych w\u00a0spos\u00f3b wskazany w \u00a76.<br><\/strong>2. Informacja o Nagrodzie b\u0119dzie zawarta w tre\u015bci og\u0142oszenia o Konkursie opublikowanego na stronie gazetaregionalna.com.\u00a0\u00a0\u00a0\u00a0<br>3. Laureatowi nie przys\u0142uguje prawo wymiany Nagrody na got\u00f3wk\u0119 ani nagrod\u0119 innego rodzaju.<br>4. Zwyci\u0119zca mo\u017ce zrzec si\u0119 Nagrody, ale w zamian nie przys\u0142uguje mu ekwiwalent pieni\u0119\u017cny ani jakakolwiek inna nagroda.<\/p>\n\n\n\n<p><strong>\u00a7 5. ZASADY UCZESTNICTWA W KONKURSIE<\/strong><\/p>\n\n\n\n<p><strong>1. Zadaniem Uczestnika Konkursu jest:<\/strong><br>odpowied\u017a na zadanie\/pytanie konkursowe przedstawione na stronie gazetaregionalna.com. Jest ono nast\u0119puj\u0105ce:<\/p>\n\n\n\n<p><strong>Wska\u017c najlepszy koncert Kazika Staszewskiego, na kt\u00f3rym by\u0142a\u015b\/by\u0142e\u015b i uzasadnij wyb\u00f3r?<\/strong><\/p>\n\n\n\n<p>Odpowied\u017a nale\u017cy wys\u0142a\u0107 mailowo na adres&nbsp;<a href=\"mailto:konkursy@gazetaregionalna.com\">konkursy@gazetaregionalna.com<\/a>, w tytule podaj\u0105c \u201eKazik\u201d, a w tre\u015bci swoje imi\u0119 i nazwisko. Zadanie nale\u017cy wykona\u0107 w terminie od 13 stycznia od godz. 9 do 14 stycznia do godz. 9.<\/p>\n\n\n\n<p>1. Warunkiem uczestnictwa w Konkursie jest poprawne wykonanie wszystkich zada\u0144 opisanych w \u00a7 5. ust. 1 Regulaminu.<br>2. O przyznaniu nagrody decyduje Organizator w drodze analizy poprawno\u015bci wykonania zada\u0144 opisanych w \u00a7 5. ust. 1 Regulaminu przez Uczestnik\u00f3w Konkursu<br><strong>3. Spo\u015br\u00f3d nades\u0142anych odpowiedzi Organizator wy\u0142oni dw\u00f3ch zwyci\u0119zc\u00f3w.<br>4. Zwyci\u0119zcy Konkursu zostan\u0105 powiadomieni o wygranej i o formie jej odbioru w wiadomo\u015bci mailowej wys\u0142anej z adresu&nbsp;<a href=\"mailto:konkursy@gazetaregionalna.com\">konkursy@gazetaregionalna.com<\/a>&nbsp;najp\u00f3\u017aniej do 17 stycznia do godz. 22.<\/strong><\/p>\n\n\n\n<p><strong>\u00a7 7. ZAKRES ODPOWIEDZIALNO\u015aCI ORGANIZATORA<\/strong><\/p>\n\n\n\n<p>1. Organizator nie ponosi odpowiedzialno\u015bci za rzetelno\u015b\u0107 i prawdziwo\u015b\u0107 danych Uczestnik\u00f3w Konkursu, w tym za brak mo\u017cliwo\u015bci przekazania nagr\u00f3d, z przyczyny le\u017c\u0105cych po stronie Uczestnika, w szczeg\u00f3lno\u015bci, je\u015bli ten nie poda\u0142 prawdziwego adresu do korespondencji lub podane dane s\u0105 niepe\u0142ne lub nieaktualne.<br>2. Organizator o\u015bwiadcza, \u017ce nie prowadzi kontroli, ani monitoringu tre\u015bci umieszczanych przez Uczestnik\u00f3w w&nbsp;zakresie rzetelno\u015bci i prawdziwo\u015bci, z zastrze\u017ceniem dzia\u0142a\u0144 zwi\u0105zanych z usuni\u0119ciem narusze\u0144 Regulaminu lub przepis\u00f3w powszechnie obowi\u0105zuj\u0105cych.<br>3. Organizator zastrzega sobie prawo do wykluczenia z udzia\u0142u w Konkursie Uczestnik\u00f3w, kt\u00f3rych dzia\u0142ania s\u0105 sprzeczne z prawem lub Regulaminem.<br>4. Organizator nie ponosi odpowiedzialno\u015bci za jakiekolwiek zak\u0142\u00f3cenia w dzia\u0142aniu \u0142\u0105cz teleinformatycznych, serwer\u00f3w, interfejs\u00f3w oraz przegl\u0105darek.<br><br><strong>\u00a7 8. PRZETWARZANIE DANYCH OSOBOWYCH<\/strong><\/p>\n\n\n\n<p>1. Dane osobowe Uczestnik\u00f3w Konkursu b\u0119d\u0105 przetwarzane przez Organizatora wy\u0142\u0105cznie w celu dokonania czynno\u015bci niezb\u0119dnych do prawid\u0142owego przeprowadzenia Konkursu.<br>2. Dane osobowe Uczestnik\u00f3w Konkursu b\u0119d\u0105 przechowywane przez Organizatora tylko przez okres niezb\u0119dny do przeprowadzenia Konkursu i wydania nagr\u00f3d wyr\u00f3\u017cnionym Uczestnikom.<br>3. Uczestnicy maj\u0105 prawo wgl\u0105du do przetwarzanych danych i ich poprawiania oraz usuwania. Dane s\u0105 podawane na zasadach dobrowolno\u015bci.<\/p>\n\n\n\n<p>4. W momencie usuni\u0119cia danych U\u017cytkownik traci mo\u017cliwo\u015b\u0107 Uczestnictwa w Konkursie.<\/p>\n\n\n\n<p><strong>\u00a7 9. PRAWA AUTORSKIE<\/strong><\/p>\n\n\n\n<p>1. Wszelkie prawa w\u0142asno\u015bci intelektualnej do Konkursu przys\u0142uguj\u0105 Organizatorowi. Uczestnictwo w&nbsp;Konkursie nie skutkuje w \u017cadnym zakresie nabyciem przez Uczestnik\u00f3w jakichkolwiek praw w\u0142asno\u015bci intelektualnej. Zabronione jest naruszanie w jakikolwiek spos\u00f3b praw w\u0142asno\u015bci intelektualnej w Konkursie, w&nbsp;szczeg\u00f3lno\u015bci:<br>a) kopiowanie, modyfikowanie oraz transmitowanie elektronicznie lub rozpowszechnianie w inny spos\u00f3b mechanizmu Konkursu lub jego cz\u0119\u015bci, a tak\u017ce poszczeg\u00f3lnych utwor\u00f3w<br>i baz danych, bez wyra\u017anej pisemnej zgody Administratora;<br>b) korzystanie z Konkursu w spos\u00f3b niezgodny z Regulaminem lub powszechnie obowi\u0105zuj\u0105cymi przepisami.<\/p>\n\n\n\n<p><strong>\u00a7 10. REKLAMACJE I ZG\u0141OSZENIA NARUSZE\u0143<\/strong><\/p>\n\n\n\n<p>1. Wszelkie reklamacje dotycz\u0105ce sposobu przeprowadzania Konkursu, Uczestnicy winni zg\u0142asza\u0107 na pi\u015bmie w&nbsp;czasie trwania Konkursu, jednak nie p\u00f3\u017aniej ni\u017c w terminie 7 (siedmiu) dni od dnia wydania Nagr\u00f3d.<br>2. Reklamacja zg\u0142oszona po wyznaczonym terminie nie wywo\u0142uje skutk\u00f3w prawnych.<br>3. Pisemna reklamacja powinna zawiera\u0107 imi\u0119, nazwisko, dok\u0142adny adres Uczestnika oraz dok\u0142adny opis i&nbsp;uzasadnienie reklamacji.<br><strong>4. Reklamacja powinna by\u0107 przes\u0142ana listem poleconym na adres Organizatora z dopiskiem \u201eKonkurs z dnia 13 stycznia 2025 r.\u201d.<br><\/strong>5. Reklamacje rozpatrywane b\u0119d\u0105 pisemnie w terminie 30 dni.<br><br><strong>\u00a7 11. POSTANOWIENIA KO\u0143COWE<\/strong><\/p>\n\n\n\n<p>1. Regulamin wchodzi w \u017cycie z dniem 13 stycznia 2025 r. i obowi\u0105zuje do 14 stycznia 2025 r.<\/p>\n\n\n\n<ol class=\"wp-block-list\" start=\"2\">\n<li>W kwestiach nieuregulowanych niniejszym Regulaminem stosuje si\u0119 przepisy Kodeksu cywilnego i inne przepisy prawa.<\/li>\n\n\n\n<li>Spory odnosz\u0105ce si\u0119 i wynikaj\u0105ce z Konkursu b\u0119d\u0105 rozwi\u0105zywane przez s\u0105d powszechny w\u0142a\u015bciwy miejscowo dla siedziby Organizatora.<\/li>\n\n\n\n<li>Organizator zastrzega sobie prawo do zmiany zasad Konkursu w trakcie jego trwania. Informacja o zmianach b\u0119dzie zamieszczona na stronie gazetaregionalna.com.<\/li>\n<\/ol>\n","protected":false},"excerpt":{"rendered":"<p>Podobnie jak rok temu Klub Studio w Krakowie zorganizuje &#8222;Weekend z Kazikiem&#8221;. Dzie\u0144 po dniu lider Kultu wyst\u0105pi z dwoma innymi formacjami. W tym<\/p>\n","protected":false},"author":11,"featured_media":132461,"comment_status":"closed","ping_status":"open","sticky":false,"template":"","format":"standard","meta":{"_monsterinsights_skip_tracking":false,"_monsterinsights_sitenote_active":false,"_monsterinsights_sitenote_note":"","_monsterinsights_sitenote_category":0,"_uf_show_specific_survey":0,"_uf_disable_surveys":false,"footnotes":""},"categories":[12,94],"tags":[8735,8491,716,89,3590,8754],"class_list":["post-132453","post","type-post","status-publish","format-standard","has-post-thumbnail","hentry","category-kultura-i-rozrywka","category-polecane","tag-kazik-staszewski","tag-klub-studio","tag-koncert","tag-konkurs","tag-krakow","tag-weekend-z-kazikiem"],"_links":{"self":[{"href":"https:\/\/gazetaregionalna.com\/index.php?rest_route=\/wp\/v2\/posts\/132453","targetHints":{"allow":["GET"]}}],"collection":[{"href":"https:\/\/gazetaregionalna.com\/index.php?rest_route=\/wp\/v2\/posts"}],"about":[{"href":"https:\/\/gazetaregionalna.com\/index.php?rest_route=\/wp\/v2\/types\/post"}],"author":[{"embeddable":true,"href":"https:\/\/gazetaregionalna.com\/index.php?rest_route=\/wp\/v2\/users\/11"}],"replies":[{"embeddable":true,"href":"https:\/\/gazetaregionalna.com\/index.php?rest_route=%2Fwp%2Fv2%2Fcomments&post=132453"}],"version-history":[{"count":10,"href":"https:\/\/gazetaregionalna.com\/index.php?rest_route=\/wp\/v2\/posts\/132453\/revisions"}],"predecessor-version":[{"id":132713,"href":"https:\/\/gazetaregionalna.com\/index.php?rest_route=\/wp\/v2\/posts\/132453\/revisions\/132713"}],"wp:featuredmedia":[{"embeddable":true,"href":"https:\/\/gazetaregionalna.com\/index.php?rest_route=\/wp\/v2\/media\/132461"}],"wp:attachment":[{"href":"https:\/\/gazetaregionalna.com\/index.php?rest_route=%2Fwp%2Fv2%2Fmedia&parent=132453"}],"wp:term":[{"taxonomy":"category","embeddable":true,"href":"https:\/\/gazetaregionalna.com\/index.php?rest_route=%2Fwp%2Fv2%2Fcategories&post=132453"},{"taxonomy":"post_tag","embeddable":true,"href":"https:\/\/gazetaregionalna.com\/index.php?rest_route=%2Fwp%2Fv2%2Ftags&post=132453"}],"curies":[{"name":"wp","href":"https:\/\/api.w.org\/{rel}","templated":true}]}}