{"id":132286,"date":"2025-01-07T17:04:49","date_gmt":"2025-01-07T17:04:49","guid":{"rendered":"https:\/\/gazetaregionalna.com\/?p=132286"},"modified":"2025-01-07T17:04:51","modified_gmt":"2025-01-07T17:04:51","slug":"przedstawiciele-klubu-taekwondo-czestochowa-byli-w-madrycie-na-winter-training-camp","status":"publish","type":"post","link":"https:\/\/gazetaregionalna.com\/?p=132286","title":{"rendered":"Przedstawiciele klubu Taekwondo Cz\u0119stochowa byli w Madrycie na Winter Training Camp"},"content":{"rendered":"\n<p>W Madrycie odby\u0142 si\u0119 Winter Training Camp organizowany przez hiszpa\u0144ski klub Hankuk Taekwondo, w kt\u00f3rym wzi\u0119\u0142o udzia\u0142 250 zawodnik\u00f3w z 17 kraj\u00f3w. Cz\u0119stochow\u0119 reprezentowali przedstawiciele Klubu Taekwondo Cz\u0119stochowa: Natan Kantorysi\u0144ski oraz trener Robert Kantorysinski<\/p>\n\n\n\n<p>&#8211; Zawodnicy mieli okazj\u0119 trenowa\u0107 pod okiem najlepszych trener\u00f3w z ca\u0142ego \u015bwiata \u2013 realcjonuje trener Robert Kantorysi\u0144ski. &#8211; Byli, m.in. Dr Reza Imanzadeh, Dragan Jovi\u0107 i Jes\u00fas Ramal.<\/p>\n\n\n\n<p>Treningi mia\u0142y charakter sportowy i odbywa\u0142y si\u0119 dwa razy dziennie. Zawodnicy opr\u00f3cz sparing\u00f3w mieli mo\u017cliwo\u015b\u0107 porozmawia\u0107 z czo\u0142owymi zawodnikami \u015bwiata, m.in.: z Mistrzyni\u0105 Europy oraz Mistrzyni\u0105 Olimpijsk\u0105. Udzia\u0142 w mi\u0119dzynarodowym campie z pewno\u015bci\u0105 zaowocuje wynikami w nowym sezonie 2025.<\/p>\n\n\n\n<p>AK, fot: materia\u0142y prasowe klubu<\/p>\n\n\n\n<p>Partnerami relacji sportowych s\u0105:<\/p>\n\n\n\n<p>DMK Invest materia\u0142y budowlane Konopiska (<a href=\"http:\/\/www.dmkinvest.pl\/\" target=\"_blank\" rel=\"noopener\">www.dmkinvest.pl<\/a>)<\/p>\n\n\n\n<p>Servecom.pl Multimedia i Komputery (<a href=\"http:\/\/www.servecom.pl\/\" target=\"_blank\" rel=\"noopener\">www.servecom.pl<\/a>)<\/p>\n\n\n\n<figure class=\"wp-block-gallery has-nested-images columns-default is-cropped wp-block-gallery-1 is-layout-flex wp-block-gallery-is-layout-flex\">\n<figure class=\"wp-block-image size-large\"><img decoding=\"async\" width=\"1024\" height=\"768\" data-id=\"132287\" data-src=\"https:\/\/gazetaregionalna.com\/wp-content\/uploads\/2025\/01\/Kantor-1-1024x768.jpg\" alt=\"\" class=\"wp-image-132287 lazyload\" data-srcset=\"https:\/\/gazetaregionalna.com\/wp-content\/uploads\/2025\/01\/Kantor-1-1024x768.jpg 1024w, https:\/\/gazetaregionalna.com\/wp-content\/uploads\/2025\/01\/Kantor-1-300x225.jpg 300w, https:\/\/gazetaregionalna.com\/wp-content\/uploads\/2025\/01\/Kantor-1-768x576.jpg 768w, https:\/\/gazetaregionalna.com\/wp-content\/uploads\/2025\/01\/Kantor-1.jpg 1200w\" data-sizes=\"(max-width: 1024px) 100vw, 1024px\" src=\"data:image\/svg+xml;base64,PHN2ZyB3aWR0aD0iMSIgaGVpZ2h0PSIxIiB4bWxucz0iaHR0cDovL3d3dy53My5vcmcvMjAwMC9zdmciPjwvc3ZnPg==\" style=\"--smush-placeholder-width: 1024px; --smush-placeholder-aspect-ratio: 1024\/768;\" \/><\/figure>\n\n\n\n<figure class=\"wp-block-image size-large\"><img decoding=\"async\" width=\"1024\" height=\"768\" data-id=\"132288\" data-src=\"https:\/\/gazetaregionalna.com\/wp-content\/uploads\/2025\/01\/Kantor-2-1024x768.jpg\" alt=\"\" class=\"wp-image-132288 lazyload\" data-srcset=\"https:\/\/gazetaregionalna.com\/wp-content\/uploads\/2025\/01\/Kantor-2-1024x768.jpg 1024w, https:\/\/gazetaregionalna.com\/wp-content\/uploads\/2025\/01\/Kantor-2-300x225.jpg 300w, https:\/\/gazetaregionalna.com\/wp-content\/uploads\/2025\/01\/Kantor-2-768x576.jpg 768w, https:\/\/gazetaregionalna.com\/wp-content\/uploads\/2025\/01\/Kantor-2.jpg 1200w\" data-sizes=\"(max-width: 1024px) 100vw, 1024px\" src=\"data:image\/svg+xml;base64,PHN2ZyB3aWR0aD0iMSIgaGVpZ2h0PSIxIiB4bWxucz0iaHR0cDovL3d3dy53My5vcmcvMjAwMC9zdmciPjwvc3ZnPg==\" style=\"--smush-placeholder-width: 1024px; --smush-placeholder-aspect-ratio: 1024\/768;\" \/><\/figure>\n\n\n\n<figure class=\"wp-block-image size-large\"><img decoding=\"async\" width=\"768\" height=\"1024\" data-id=\"132289\" data-src=\"https:\/\/gazetaregionalna.com\/wp-content\/uploads\/2025\/01\/Kantor-3-768x1024.jpg\" alt=\"\" class=\"wp-image-132289 lazyload\" data-srcset=\"https:\/\/gazetaregionalna.com\/wp-content\/uploads\/2025\/01\/Kantor-3-768x1024.jpg 768w, https:\/\/gazetaregionalna.com\/wp-content\/uploads\/2025\/01\/Kantor-3-225x300.jpg 225w, https:\/\/gazetaregionalna.com\/wp-content\/uploads\/2025\/01\/Kantor-3-1152x1536.jpg 1152w, https:\/\/gazetaregionalna.com\/wp-content\/uploads\/2025\/01\/Kantor-3.jpg 1200w\" data-sizes=\"(max-width: 768px) 100vw, 768px\" src=\"data:image\/svg+xml;base64,PHN2ZyB3aWR0aD0iMSIgaGVpZ2h0PSIxIiB4bWxucz0iaHR0cDovL3d3dy53My5vcmcvMjAwMC9zdmciPjwvc3ZnPg==\" style=\"--smush-placeholder-width: 768px; --smush-placeholder-aspect-ratio: 768\/1024;\" \/><\/figure>\n\n\n\n<figure class=\"wp-block-image size-large\"><img decoding=\"async\" width=\"1024\" height=\"768\" data-id=\"132290\" data-src=\"https:\/\/gazetaregionalna.com\/wp-content\/uploads\/2025\/01\/Kantor-4-1024x768.jpg\" alt=\"\" class=\"wp-image-132290 lazyload\" data-srcset=\"https:\/\/gazetaregionalna.com\/wp-content\/uploads\/2025\/01\/Kantor-4-1024x768.jpg 1024w, https:\/\/gazetaregionalna.com\/wp-content\/uploads\/2025\/01\/Kantor-4-300x225.jpg 300w, https:\/\/gazetaregionalna.com\/wp-content\/uploads\/2025\/01\/Kantor-4-768x576.jpg 768w, https:\/\/gazetaregionalna.com\/wp-content\/uploads\/2025\/01\/Kantor-4.jpg 1200w\" data-sizes=\"(max-width: 1024px) 100vw, 1024px\" src=\"data:image\/svg+xml;base64,PHN2ZyB3aWR0aD0iMSIgaGVpZ2h0PSIxIiB4bWxucz0iaHR0cDovL3d3dy53My5vcmcvMjAwMC9zdmciPjwvc3ZnPg==\" style=\"--smush-placeholder-width: 1024px; --smush-placeholder-aspect-ratio: 1024\/768;\" \/><\/figure>\n\n\n\n<figure class=\"wp-block-image size-large\"><img decoding=\"async\" width=\"768\" height=\"1024\" data-id=\"132291\" data-src=\"https:\/\/gazetaregionalna.com\/wp-content\/uploads\/2025\/01\/Kantor-5-768x1024.jpg\" alt=\"\" class=\"wp-image-132291 lazyload\" data-srcset=\"https:\/\/gazetaregionalna.com\/wp-content\/uploads\/2025\/01\/Kantor-5-768x1024.jpg 768w, https:\/\/gazetaregionalna.com\/wp-content\/uploads\/2025\/01\/Kantor-5-225x300.jpg 225w, https:\/\/gazetaregionalna.com\/wp-content\/uploads\/2025\/01\/Kantor-5-1152x1536.jpg 1152w, https:\/\/gazetaregionalna.com\/wp-content\/uploads\/2025\/01\/Kantor-5.jpg 1200w\" data-sizes=\"(max-width: 768px) 100vw, 768px\" src=\"data:image\/svg+xml;base64,PHN2ZyB3aWR0aD0iMSIgaGVpZ2h0PSIxIiB4bWxucz0iaHR0cDovL3d3dy53My5vcmcvMjAwMC9zdmciPjwvc3ZnPg==\" style=\"--smush-placeholder-width: 768px; --smush-placeholder-aspect-ratio: 768\/1024;\" \/><\/figure>\n\n\n\n<figure class=\"wp-block-image size-large\"><img decoding=\"async\" width=\"768\" height=\"1024\" data-id=\"132292\" data-src=\"https:\/\/gazetaregionalna.com\/wp-content\/uploads\/2025\/01\/Kantor-6-768x1024.jpg\" alt=\"\" class=\"wp-image-132292 lazyload\" data-srcset=\"https:\/\/gazetaregionalna.com\/wp-content\/uploads\/2025\/01\/Kantor-6-768x1024.jpg 768w, https:\/\/gazetaregionalna.com\/wp-content\/uploads\/2025\/01\/Kantor-6-225x300.jpg 225w, https:\/\/gazetaregionalna.com\/wp-content\/uploads\/2025\/01\/Kantor-6-1152x1536.jpg 1152w, https:\/\/gazetaregionalna.com\/wp-content\/uploads\/2025\/01\/Kantor-6-scaled.jpg 1200w\" data-sizes=\"(max-width: 768px) 100vw, 768px\" src=\"data:image\/svg+xml;base64,PHN2ZyB3aWR0aD0iMSIgaGVpZ2h0PSIxIiB4bWxucz0iaHR0cDovL3d3dy53My5vcmcvMjAwMC9zdmciPjwvc3ZnPg==\" style=\"--smush-placeholder-width: 768px; --smush-placeholder-aspect-ratio: 768\/1024;\" \/><\/figure>\n\n\n\n<figure class=\"wp-block-image size-large\"><img decoding=\"async\" width=\"768\" height=\"1024\" data-id=\"132293\" data-src=\"https:\/\/gazetaregionalna.com\/wp-content\/uploads\/2025\/01\/Kantor-7-768x1024.jpg\" alt=\"\" class=\"wp-image-132293 lazyload\" data-srcset=\"https:\/\/gazetaregionalna.com\/wp-content\/uploads\/2025\/01\/Kantor-7-768x1024.jpg 768w, https:\/\/gazetaregionalna.com\/wp-content\/uploads\/2025\/01\/Kantor-7-225x300.jpg 225w, https:\/\/gazetaregionalna.com\/wp-content\/uploads\/2025\/01\/Kantor-7-1152x1536.jpg 1152w, https:\/\/gazetaregionalna.com\/wp-content\/uploads\/2025\/01\/Kantor-7.jpg 1200w\" data-sizes=\"(max-width: 768px) 100vw, 768px\" src=\"data:image\/svg+xml;base64,PHN2ZyB3aWR0aD0iMSIgaGVpZ2h0PSIxIiB4bWxucz0iaHR0cDovL3d3dy53My5vcmcvMjAwMC9zdmciPjwvc3ZnPg==\" style=\"--smush-placeholder-width: 768px; --smush-placeholder-aspect-ratio: 768\/1024;\" \/><\/figure>\n<\/figure>\n","protected":false},"excerpt":{"rendered":"<p>W Madrycie odby\u0142 si\u0119 Winter Training Camp organizowany przez hiszpa\u0144ski klub Hankuk Taekwondo, w kt\u00f3rym wzi\u0119\u0142o udzia\u0142 250 zawodnik\u00f3w z 17 kraj\u00f3w. Cz\u0119stochow\u0119 reprezentowali<\/p>\n","protected":false},"author":15,"featured_media":132287,"comment_status":"closed","ping_status":"open","sticky":false,"template":"","format":"standard","meta":{"_monsterinsights_skip_tracking":false,"_monsterinsights_sitenote_active":false,"_monsterinsights_sitenote_note":"","_monsterinsights_sitenote_category":0,"_uf_show_specific_survey":0,"_uf_disable_surveys":false,"footnotes":""},"categories":[5,11],"tags":[],"class_list":["post-132286","post","type-post","status-publish","format-standard","has-post-thumbnail","hentry","category-sport","category-pozostale"],"_links":{"self":[{"href":"https:\/\/gazetaregionalna.com\/index.php?rest_route=\/wp\/v2\/posts\/132286","targetHints":{"allow":["GET"]}}],"collection":[{"href":"https:\/\/gazetaregionalna.com\/index.php?rest_route=\/wp\/v2\/posts"}],"about":[{"href":"https:\/\/gazetaregionalna.com\/index.php?rest_route=\/wp\/v2\/types\/post"}],"author":[{"embeddable":true,"href":"https:\/\/gazetaregionalna.com\/index.php?rest_route=\/wp\/v2\/users\/15"}],"replies":[{"embeddable":true,"href":"https:\/\/gazetaregionalna.com\/index.php?rest_route=%2Fwp%2Fv2%2Fcomments&post=132286"}],"version-history":[{"count":1,"href":"https:\/\/gazetaregionalna.com\/index.php?rest_route=\/wp\/v2\/posts\/132286\/revisions"}],"predecessor-version":[{"id":132294,"href":"https:\/\/gazetaregionalna.com\/index.php?rest_route=\/wp\/v2\/posts\/132286\/revisions\/132294"}],"wp:featuredmedia":[{"embeddable":true,"href":"https:\/\/gazetaregionalna.com\/index.php?rest_route=\/wp\/v2\/media\/132287"}],"wp:attachment":[{"href":"https:\/\/gazetaregionalna.com\/index.php?rest_route=%2Fwp%2Fv2%2Fmedia&parent=132286"}],"wp:term":[{"taxonomy":"category","embeddable":true,"href":"https:\/\/gazetaregionalna.com\/index.php?rest_route=%2Fwp%2Fv2%2Fcategories&post=132286"},{"taxonomy":"post_tag","embeddable":true,"href":"https:\/\/gazetaregionalna.com\/index.php?rest_route=%2Fwp%2Fv2%2Ftags&post=132286"}],"curies":[{"name":"wp","href":"https:\/\/api.w.org\/{rel}","templated":true}]}}