{"id":132250,"date":"2025-01-05T22:04:32","date_gmt":"2025-01-05T22:04:32","guid":{"rendered":"https:\/\/gazetaregionalna.com\/?p=132250"},"modified":"2025-01-05T22:04:34","modified_gmt":"2025-01-05T22:04:34","slug":"orszak-trzech-kroli-6-stycznia","status":"publish","type":"post","link":"https:\/\/gazetaregionalna.com\/?p=132250","title":{"rendered":"Orszak Trzech Kr\u00f3li przemierzy 6 stycznia ulice Cz\u0119stochowy"},"content":{"rendered":"\n<h2 class=\"wp-block-heading\">To ju\u017c tradycja, \u017ce w uroczysto\u015b\u0107 Objawienia Pa\u0144skiego, czyli 6 stycznia ulicami Cz\u0119stochowy przejdzie Orszak Trzech Kr\u00f3li. W tym roku odb\u0119dzie si\u0119 on pod has\u0142em &#8222;K\u0142aniajcie si\u0119 kr\u00f3lowie&#8221;. Wydarzenie o godz. 14 rozpocznie msza \u015bw. odprawiona w Archikatedrze \u015aw. Rodziny. Ca\u0142o\u015b\u0107 zako\u0144czy z\u0142o\u017cenie pok\u0142onu Jezusowi na Jasnej G\u00f3rze.<\/h2>\n\n\n\n<p>Orszak Trzech Kr\u00f3li to najwi\u0119ksze uliczne jase\u0142ka. Organizuje si\u0119 je dla upami\u0119tnienia podr\u00f3\u017cy, jak\u0105 odbyli M\u0119drcy ze Wschodu pod\u0105\u017caj\u0105cy za gwiazd\u0105, by pok\u0142oni\u0107 si\u0119 male\u0144kiemu Jezusowi. Og\u00f3lnopolskimi organizatorami wydarzenia jest Fundacja Orszak Trzech Kr\u00f3li. Tegoroczne ods\u0142ona nawi\u0105zuje tematyk\u0105 do dw\u00f3ch wielkich rocznic: Roku Jubileuszowego og\u0142oszonego przez papie\u017ca Franciszka i 1000-lecia koronacji pierwszego polskiego kr\u00f3la Boles\u0142awa Chrobrego, dlatego has\u0142em sta\u0142y si\u0119 s\u0142owa \u201eK\u0142aniajcie si\u0119 kr\u00f3lowie\u201d.<\/p>\n\n\n\n<p>W Cz\u0119stochowie Orszak rozpocznie msza \u015bw. odprawiona o godz. 14.00 w Archikatedrze \u015aw. Rodziny. Przewodniczy\u0107 b\u0119dzie jej biskup senior Antoni D\u0142ugosz. Potem korow\u00f3d przejdzie ulicami miasta a\u017c na Jasn\u0105 G\u00f3r\u0119. Na miejscu, przy szopce znajduj\u0105cej si\u0119 przed wej\u015bciem do Bazyliki, uczestnicy oddadz\u0105  pok\u0142on Jezusowi. Wyst\u0105pi\u0105 tam arty\u015bci z cz\u0119stochowskich scholii.<br><br>W tym roku Orszak Trzech Kr\u00f3li odb\u0119dzie si\u0119 w ponad 900 miejscach na \u015bwiecie. Dotar\u0142 ju\u017c np. do Anglii, Austrii, Francji czy W\u0142och. Wydarzenie odbywa si\u0119 tak\u017ce w Afryce, obu Amerykach czy w Azji.<\/p>\n\n\n\n<p><strong>mat. Biura Prasowego Jasnej G\u00f3ry, red. <\/strong><\/p>\n","protected":false},"excerpt":{"rendered":"<p>To ju\u017c tradycja, \u017ce w uroczysto\u015b\u0107 Objawienia Pa\u0144skiego, czyli 6 stycznia ulicami Cz\u0119stochowy przejdzie Orszak Trzech Kr\u00f3li. W tym roku odb\u0119dzie si\u0119 on pod<\/p>\n","protected":false},"author":11,"featured_media":132252,"comment_status":"closed","ping_status":"open","sticky":false,"template":"","format":"standard","meta":{"_monsterinsights_skip_tracking":false,"_monsterinsights_sitenote_active":false,"_monsterinsights_sitenote_note":"","_monsterinsights_sitenote_category":0,"_uf_show_specific_survey":0,"_uf_disable_surveys":false,"footnotes":""},"categories":[3,2],"tags":[9456,144,200,1766,7271,3620],"class_list":["post-132250","post","type-post","status-publish","format-standard","has-post-thumbnail","hentry","category-czestochowa-informacje","category-wiadomosci","tag-6-stycznia","tag-czestochowa","tag-jasna-gora","tag-msza-sw","tag-orszak-trzech-kroli","tag-wydarzenie"],"_links":{"self":[{"href":"https:\/\/gazetaregionalna.com\/index.php?rest_route=\/wp\/v2\/posts\/132250","targetHints":{"allow":["GET"]}}],"collection":[{"href":"https:\/\/gazetaregionalna.com\/index.php?rest_route=\/wp\/v2\/posts"}],"about":[{"href":"https:\/\/gazetaregionalna.com\/index.php?rest_route=\/wp\/v2\/types\/post"}],"author":[{"embeddable":true,"href":"https:\/\/gazetaregionalna.com\/index.php?rest_route=\/wp\/v2\/users\/11"}],"replies":[{"embeddable":true,"href":"https:\/\/gazetaregionalna.com\/index.php?rest_route=%2Fwp%2Fv2%2Fcomments&post=132250"}],"version-history":[{"count":2,"href":"https:\/\/gazetaregionalna.com\/index.php?rest_route=\/wp\/v2\/posts\/132250\/revisions"}],"predecessor-version":[{"id":132253,"href":"https:\/\/gazetaregionalna.com\/index.php?rest_route=\/wp\/v2\/posts\/132250\/revisions\/132253"}],"wp:featuredmedia":[{"embeddable":true,"href":"https:\/\/gazetaregionalna.com\/index.php?rest_route=\/wp\/v2\/media\/132252"}],"wp:attachment":[{"href":"https:\/\/gazetaregionalna.com\/index.php?rest_route=%2Fwp%2Fv2%2Fmedia&parent=132250"}],"wp:term":[{"taxonomy":"category","embeddable":true,"href":"https:\/\/gazetaregionalna.com\/index.php?rest_route=%2Fwp%2Fv2%2Fcategories&post=132250"},{"taxonomy":"post_tag","embeddable":true,"href":"https:\/\/gazetaregionalna.com\/index.php?rest_route=%2Fwp%2Fv2%2Ftags&post=132250"}],"curies":[{"name":"wp","href":"https:\/\/api.w.org\/{rel}","templated":true}]}}