{"id":132240,"date":"2025-01-03T16:41:09","date_gmt":"2025-01-03T16:41:09","guid":{"rendered":"https:\/\/gazetaregionalna.com\/?p=132240"},"modified":"2025-01-03T16:41:48","modified_gmt":"2025-01-03T16:41:48","slug":"pilkarze-rakowa-czestochowa-spotkali-sie-3-stycznia-na-pierwszym-treningu-i-rozpoczeli-przygotowania-do-rundy-wiosennej","status":"publish","type":"post","link":"https:\/\/gazetaregionalna.com\/?p=132240","title":{"rendered":"Pi\u0142karze Rakowa Cz\u0119stochowa spotkali si\u0119 3 stycznia na pierwszym treningu i rozpocz\u0119li przygotowania do rundy wiosennej"},"content":{"rendered":"\n<p>W pi\u0105tek, 3 stycznia pi\u0142karze Rakowa Cz\u0119stochowa pojawili si\u0119 na pierwszych zaj\u0119ciach po przerwie \u015bwi\u0105teczno-noworocznej i rozpocz\u0119li przygotowania do rundy wiosennej w PKO BP Ekstraklasie.<\/p>\n\n\n\n<p>Cz\u0119stochowianie do 10 stycznia trenowa\u0107 b\u0119d\u0105 w Cz\u0119stochowie. 8 stycznia rozegraj\u0105 w Sosnowcu sparing z czesk\u0105 Sigm\u0105 O\u0142omuniec. 10 stycznia podopieczni trenera Marka Papszuna wylec\u0105 do Malagi, gdzie w miejscowo\u015bci Marbella rozpoczn\u0105 14-dniowe zgrupowanie, gdzie rozegraj\u0105 4 mecze kontrolne. Rywalami Rakowa b\u0119dzie Slavia Praga, DVTK Miskolc, Slovan Liberec i Vancouver Whitecaps.<\/p>\n\n\n\n<p>Rak\u00f3w do PKO BP Ekstraklasy wr\u00f3ci 1 lutego 2025 roku. W\u00f3wczas w Krakowie zmierzy si\u0119 z Cracovi\u0105.<\/p>\n\n\n\n<p>Na pi\u0105tkowym treningu pojawi\u0142o si\u0119 27 zawodnik\u00f3w. &#8211; W\u015br\u00f3d obecnych znale\u017ali si\u0119 mi\u0119dzy innymi powracaj\u0105cy po kontuzji Kamil Pestka oraz Szymon Czy\u017c, a tak\u017ce bramkarze &#8211; Muhamed \u0160ahinovi\u0107 oraz Jakub Rajczykowski \u2013 informuje biuro prasowe Rakowa. &#8211; W przypadku Bo\u015bniaka, zgodnie&nbsp;z umow\u0105 zawart\u0105 z Zemplinem Mihalovce, &#8222;Muha&#8221; ma mo\u017cliwo\u015b\u0107 trenowania z naszym zespo\u0142em i uda si\u0119 na zgrupowanie do Hiszpanii. Z kolei wypo\u017cyczenie Jakuba Rajczykowskiego do Wieczystej Krak\u00f3w zosta\u0142o skr\u00f3cone. Decyzje o ich przysz\u0142o\u015bci zostan\u0105 podj\u0119te w najbli\u017cszych tygodniach.&nbsp;Zabrak\u0142o natomiast przechodz\u0105cych rehabilitacje po kontuzjach Ariela Mos\u00f3ra,<br>Patryka Makucha, Bogdana Racovi\u021bana oraz Srdjana Plav\u0161icia, a tak\u017ce Davida Ezeha, kt\u00f3ry zosta\u0142 zwolniony z trening\u00f3w do czasu wyja\u015bnienia przysz\u0142o\u015bci kontraktowej.&nbsp;<\/p>\n\n\n\n<p>MR-K, fot: Jakub Ziemianin (Rak\u00f3w Cz\u0119stochowa)<\/p>\n\n\n\n<p>Partnerami relacji sportowych s\u0105:<\/p>\n\n\n\n<p>DMK Invest materia\u0142y budowlane Konopiska (<a href=\"http:\/\/www.dmkinvest.pl\/\" target=\"_blank\" rel=\"noopener\">www.dmkinvest.pl<\/a>)<\/p>\n\n\n\n<p>Servecom.pl Multimedia i Komputery (<a href=\"http:\/\/www.servecom.pl\/\" target=\"_blank\" rel=\"noopener\">www.servecom.pl<\/a>)<\/p>\n\n\n\n<p>Kadra Rakowa na pierwszych zaj\u0119ciach:<\/p>\n\n\n\n<p>Bramkarze: Kacper Trelowski, Du\u0161an Kuciak, Muhamed \u0160ahinovi\u0107, Jakub Rajczykowski<\/p>\n\n\n\n<p>Obro\u0144cy: Milan Rundi\u0107, Stratos Svarnas, Zoran Arseni\u0107, Kamil Pestka, Matej Rodin<\/p>\n\n\n\n<p>Pomocnicy: Gustav Berggren, Szymon Czy\u017c, Fran Tudor, Ben Lederman, Ivi Lopez, Jes\u00fas D\u00edaz, Michael Ameyaw, Jean Carlos, Dawid Drachal, P\u00e9ter Bar\u00e1th, Erick Otieno, Kacper Nowakowski, Vladyslav Kochergin, Antoni Burkiewicz, Tobiasz Mras, Adriano Amorim<\/p>\n\n\n\n<p>Napastnicy: Jonatan Brunes, Tomasz Walczak<\/p>\n\n\n\n<figure class=\"wp-block-image size-large\"><img decoding=\"async\" width=\"1024\" height=\"683\" data-src=\"https:\/\/gazetaregionalna.com\/wp-content\/uploads\/2025\/01\/Rakow-poczatek-treningow-fot-Jakub-Ziemianin-Rakow-1024x683.jpg\" alt=\"\" class=\"wp-image-132241 lazyload\" data-srcset=\"https:\/\/gazetaregionalna.com\/wp-content\/uploads\/2025\/01\/Rakow-poczatek-treningow-fot-Jakub-Ziemianin-Rakow-1024x683.jpg 1024w, https:\/\/gazetaregionalna.com\/wp-content\/uploads\/2025\/01\/Rakow-poczatek-treningow-fot-Jakub-Ziemianin-Rakow-300x200.jpg 300w, https:\/\/gazetaregionalna.com\/wp-content\/uploads\/2025\/01\/Rakow-poczatek-treningow-fot-Jakub-Ziemianin-Rakow-768x512.jpg 768w, https:\/\/gazetaregionalna.com\/wp-content\/uploads\/2025\/01\/Rakow-poczatek-treningow-fot-Jakub-Ziemianin-Rakow.jpg 1200w\" data-sizes=\"(max-width: 1024px) 100vw, 1024px\" src=\"data:image\/svg+xml;base64,PHN2ZyB3aWR0aD0iMSIgaGVpZ2h0PSIxIiB4bWxucz0iaHR0cDovL3d3dy53My5vcmcvMjAwMC9zdmciPjwvc3ZnPg==\" style=\"--smush-placeholder-width: 1024px; --smush-placeholder-aspect-ratio: 1024\/683;\" \/><\/figure>\n\n\n\n<figure class=\"wp-block-image size-large\"><img decoding=\"async\" width=\"1024\" height=\"1024\" data-src=\"https:\/\/gazetaregionalna.com\/wp-content\/uploads\/2024\/04\/DMK-Invest-3-1024x1024.jpg\" alt=\"\" class=\"wp-image-123884 lazyload\" data-srcset=\"https:\/\/gazetaregionalna.com\/wp-content\/uploads\/2024\/04\/DMK-Invest-3-1024x1024.jpg 1024w, https:\/\/gazetaregionalna.com\/wp-content\/uploads\/2024\/04\/DMK-Invest-3-300x300.jpg 300w, https:\/\/gazetaregionalna.com\/wp-content\/uploads\/2024\/04\/DMK-Invest-3-150x150.jpg 150w, https:\/\/gazetaregionalna.com\/wp-content\/uploads\/2024\/04\/DMK-Invest-3-768x768.jpg 768w, https:\/\/gazetaregionalna.com\/wp-content\/uploads\/2024\/04\/DMK-Invest-3-1536x1536.jpg 1536w, https:\/\/gazetaregionalna.com\/wp-content\/uploads\/2024\/04\/DMK-Invest-3-2048x2048.jpg 2048w, https:\/\/gazetaregionalna.com\/wp-content\/uploads\/2024\/04\/DMK-Invest-3-215x215.jpg 215w, https:\/\/gazetaregionalna.com\/wp-content\/uploads\/2024\/04\/DMK-Invest-3-scaled.jpg 1600w\" data-sizes=\"(max-width: 1024px) 100vw, 1024px\" src=\"data:image\/svg+xml;base64,PHN2ZyB3aWR0aD0iMSIgaGVpZ2h0PSIxIiB4bWxucz0iaHR0cDovL3d3dy53My5vcmcvMjAwMC9zdmciPjwvc3ZnPg==\" style=\"--smush-placeholder-width: 1024px; --smush-placeholder-aspect-ratio: 1024\/1024;\" \/><\/figure>\n\n\n\n<figure class=\"wp-block-image size-large\"><img decoding=\"async\" width=\"1024\" height=\"1024\" data-src=\"https:\/\/gazetaregionalna.com\/wp-content\/uploads\/2024\/11\/Servecom-15-11-20204-2-1024x1024.jpg\" alt=\"\" class=\"wp-image-130623 lazyload\" data-srcset=\"https:\/\/gazetaregionalna.com\/wp-content\/uploads\/2024\/11\/Servecom-15-11-20204-2-1024x1024.jpg 1024w, https:\/\/gazetaregionalna.com\/wp-content\/uploads\/2024\/11\/Servecom-15-11-20204-2-300x300.jpg 300w, https:\/\/gazetaregionalna.com\/wp-content\/uploads\/2024\/11\/Servecom-15-11-20204-2-150x150.jpg 150w, https:\/\/gazetaregionalna.com\/wp-content\/uploads\/2024\/11\/Servecom-15-11-20204-2-768x768.jpg 768w, https:\/\/gazetaregionalna.com\/wp-content\/uploads\/2024\/11\/Servecom-15-11-20204-2-215x215.jpg 215w, https:\/\/gazetaregionalna.com\/wp-content\/uploads\/2024\/11\/Servecom-15-11-20204-2.jpg 1200w\" data-sizes=\"(max-width: 1024px) 100vw, 1024px\" src=\"data:image\/svg+xml;base64,PHN2ZyB3aWR0aD0iMSIgaGVpZ2h0PSIxIiB4bWxucz0iaHR0cDovL3d3dy53My5vcmcvMjAwMC9zdmciPjwvc3ZnPg==\" style=\"--smush-placeholder-width: 1024px; --smush-placeholder-aspect-ratio: 1024\/1024;\" \/><\/figure>\n","protected":false},"excerpt":{"rendered":"<p>W pi\u0105tek, 3 stycznia pi\u0142karze Rakowa Cz\u0119stochowa pojawili si\u0119 na pierwszych zaj\u0119ciach po przerwie \u015bwi\u0105teczno-noworocznej i rozpocz\u0119li przygotowania do rundy wiosennej w PKO BP<\/p>\n","protected":false},"author":15,"featured_media":132241,"comment_status":"closed","ping_status":"open","sticky":false,"template":"","format":"standard","meta":{"_monsterinsights_skip_tracking":false,"_monsterinsights_sitenote_active":false,"_monsterinsights_sitenote_note":"","_monsterinsights_sitenote_category":0,"_uf_show_specific_survey":0,"_uf_disable_surveys":false,"footnotes":""},"categories":[94,6,5],"tags":[],"class_list":["post-132240","post","type-post","status-publish","format-standard","has-post-thumbnail","hentry","category-polecane","category-pilka-nozna","category-sport"],"_links":{"self":[{"href":"https:\/\/gazetaregionalna.com\/index.php?rest_route=\/wp\/v2\/posts\/132240","targetHints":{"allow":["GET"]}}],"collection":[{"href":"https:\/\/gazetaregionalna.com\/index.php?rest_route=\/wp\/v2\/posts"}],"about":[{"href":"https:\/\/gazetaregionalna.com\/index.php?rest_route=\/wp\/v2\/types\/post"}],"author":[{"embeddable":true,"href":"https:\/\/gazetaregionalna.com\/index.php?rest_route=\/wp\/v2\/users\/15"}],"replies":[{"embeddable":true,"href":"https:\/\/gazetaregionalna.com\/index.php?rest_route=%2Fwp%2Fv2%2Fcomments&post=132240"}],"version-history":[{"count":1,"href":"https:\/\/gazetaregionalna.com\/index.php?rest_route=\/wp\/v2\/posts\/132240\/revisions"}],"predecessor-version":[{"id":132242,"href":"https:\/\/gazetaregionalna.com\/index.php?rest_route=\/wp\/v2\/posts\/132240\/revisions\/132242"}],"wp:featuredmedia":[{"embeddable":true,"href":"https:\/\/gazetaregionalna.com\/index.php?rest_route=\/wp\/v2\/media\/132241"}],"wp:attachment":[{"href":"https:\/\/gazetaregionalna.com\/index.php?rest_route=%2Fwp%2Fv2%2Fmedia&parent=132240"}],"wp:term":[{"taxonomy":"category","embeddable":true,"href":"https:\/\/gazetaregionalna.com\/index.php?rest_route=%2Fwp%2Fv2%2Fcategories&post=132240"},{"taxonomy":"post_tag","embeddable":true,"href":"https:\/\/gazetaregionalna.com\/index.php?rest_route=%2Fwp%2Fv2%2Ftags&post=132240"}],"curies":[{"name":"wp","href":"https:\/\/api.w.org\/{rel}","templated":true}]}}