{"id":13217,"date":"2020-06-03T11:03:16","date_gmt":"2020-06-03T11:03:16","guid":{"rendered":"https:\/\/gazetaregionalna.com\/?p=13217"},"modified":"2020-06-03T11:03:17","modified_gmt":"2020-06-03T11:03:17","slug":"miasto-planuje-budowe-blokow-komunalnych-na-parkitce","status":"publish","type":"post","link":"https:\/\/gazetaregionalna.com\/?p=13217","title":{"rendered":"Miasto planuje budow\u0119 blok\u00f3w komunalnych na Parkitce"},"content":{"rendered":"\n<h2 class=\"wp-block-heading\"> <br>Trzyna\u015bcie czterokondygnacyjnych blok\u00f3w z w sumie oko\u0142o 350 mieszkaniami zamierza wybudowa\u0107 na\u00a0Parkitce\u00a0samorz\u0105d cz\u0119stochowski. <\/h2>\n\n\n\n<p>Mia\u0142yby to by\u0107, wed\u0142ug wst\u0119pnej koncepcji architektonicznej nowoczesne, ekologiczne budynki wyposa\u017cone m.in. w pompy ciep\u0142a,\u00a0fotowoltaik\u0119\u00a0oraz odzyskiwanie wody deszczowej.<\/p>\n\n\n\n<p>\n<br>\nMiasto\nplanuje przekaza\u0107 Zak\u0142adowi Gospodarki Mieszkaniowej \u201eTBS\u201d Sp.\nz o.o. dzia\u0142ki przy ul. \u0141\u00f3dzkiej, na kt\u00f3rych sp\u00f3\u0142ka\nzaprojektuje i wybuduje te bloki.<\/p>\n\n\n\n<p> <br> &#8211;<em> Przez kilka lat porz\u0105dkowali\u015bmy pod wzgl\u0119dem w\u0142asno\u015bciowym ten teren na\u00a0Parkitce, tak by powsta\u0142a du\u017ca dzia\u0142ka, na kt\u00f3rej mo\u017cna by zaprojektowa\u0107 atrakcyjne, zielone i przyjazne dla mieszka\u0144c\u00f3w\u00a0osiedle<\/em> &#8211; informuje\u00a0prezydent Krzysztof Matyjaszczyk. \u2013<em> Nie ma w\u0105tpliwo\u015bci, \u017ce w Cz\u0119stochowie potrzebne s\u0105 nowe mieszkania.<\/em><\/p>\n\n\n\n<p> <br> Budynki wielorodzinne, kt\u00f3re maj\u0105 powsta\u0107 przy ul. \u0141\u00f3dzkiej by\u0142yby wyposa\u017cone w podziemne parkingi. Wok\u00f3\u0142 przewidziano place zabaw i ziele\u0144.<\/p>\n\n\n\n<p>(\u0179r\u00f3d\u0142o: UM Cz\u0119stochowa)<\/p>\n\n\n\n<p>(Fot. pixabay)<\/p>\n","protected":false},"excerpt":{"rendered":"<p>Trzyna\u015bcie czterokondygnacyjnych blok\u00f3w z w sumie oko\u0142o 350 mieszkaniami zamierza wybudowa\u0107 na\u00a0Parkitce\u00a0samorz\u0105d cz\u0119stochowski. Mia\u0142yby to by\u0107, wed\u0142ug wst\u0119pnej koncepcji architektonicznej nowoczesne, ekologiczne budynki wyposa\u017cone<\/p>\n","protected":false},"author":7,"featured_media":13219,"comment_status":"open","ping_status":"open","sticky":false,"template":"","format":"standard","meta":{"_monsterinsights_skip_tracking":false,"_monsterinsights_sitenote_active":false,"_monsterinsights_sitenote_note":"","_monsterinsights_sitenote_category":0,"_uf_show_specific_survey":0,"_uf_disable_surveys":false,"footnotes":""},"categories":[20,3,17,94,2],"tags":[],"class_list":["post-13217","post","type-post","status-publish","format-standard","has-post-thumbnail","hentry","category-budownictwo","category-czestochowa-informacje","category-dom","category-polecane","category-wiadomosci"],"_links":{"self":[{"href":"https:\/\/gazetaregionalna.com\/index.php?rest_route=\/wp\/v2\/posts\/13217","targetHints":{"allow":["GET"]}}],"collection":[{"href":"https:\/\/gazetaregionalna.com\/index.php?rest_route=\/wp\/v2\/posts"}],"about":[{"href":"https:\/\/gazetaregionalna.com\/index.php?rest_route=\/wp\/v2\/types\/post"}],"author":[{"embeddable":true,"href":"https:\/\/gazetaregionalna.com\/index.php?rest_route=\/wp\/v2\/users\/7"}],"replies":[{"embeddable":true,"href":"https:\/\/gazetaregionalna.com\/index.php?rest_route=%2Fwp%2Fv2%2Fcomments&post=13217"}],"version-history":[{"count":2,"href":"https:\/\/gazetaregionalna.com\/index.php?rest_route=\/wp\/v2\/posts\/13217\/revisions"}],"predecessor-version":[{"id":13220,"href":"https:\/\/gazetaregionalna.com\/index.php?rest_route=\/wp\/v2\/posts\/13217\/revisions\/13220"}],"wp:featuredmedia":[{"embeddable":true,"href":"https:\/\/gazetaregionalna.com\/index.php?rest_route=\/wp\/v2\/media\/13219"}],"wp:attachment":[{"href":"https:\/\/gazetaregionalna.com\/index.php?rest_route=%2Fwp%2Fv2%2Fmedia&parent=13217"}],"wp:term":[{"taxonomy":"category","embeddable":true,"href":"https:\/\/gazetaregionalna.com\/index.php?rest_route=%2Fwp%2Fv2%2Fcategories&post=13217"},{"taxonomy":"post_tag","embeddable":true,"href":"https:\/\/gazetaregionalna.com\/index.php?rest_route=%2Fwp%2Fv2%2Ftags&post=13217"}],"curies":[{"name":"wp","href":"https:\/\/api.w.org\/{rel}","templated":true}]}}