{"id":132148,"date":"2025-01-01T16:44:09","date_gmt":"2025-01-01T16:44:09","guid":{"rendered":"https:\/\/gazetaregionalna.com\/?p=132148"},"modified":"2025-01-01T16:44:10","modified_gmt":"2025-01-01T16:44:10","slug":"czestochowianka-zorganizowala-ii-turniej-swiateczny-w-siatkowke","status":"publish","type":"post","link":"https:\/\/gazetaregionalna.com\/?p=132148","title":{"rendered":"Cz\u0119stochowianka zorganizowa\u0142a II Turniej \u015awi\u0105teczny w siatk\u00f3wk\u0119&#8230;"},"content":{"rendered":"\n<p>W hali sportowej Polonia odby\u0142 si\u0119 II Turniej \u015awi\u0105teczny organizowany przez Klub Sportowy Cz\u0119stochowianka. Wydarzenie, kt\u00f3re zgromadzi\u0142o zar\u00f3wno zawodnik\u00f3w, jak i licznie przyby\u0142ych kibic\u00f3w, odby\u0142o si\u0119 pod honorowym patronatem Prezydenta Miasta Cz\u0119stochowy Krzysztofa Matyjaszczyka.<\/p>\n\n\n\n<p>Turniej b\u0119d\u0105cy wyj\u0105tkowym sportowym akcentem ko\u0144c\u00f3wki 2024 roku, stanowi\u0142 doskona\u0142\u0105 okazj\u0119 do promowania siatk\u00f3wki, integracji lokalnej spo\u0142eczno\u015bci oraz wsp\u00f3lnego celebrowania ducha sportowej rywalizacji w \u015bwi\u0105tecznej atmosferze. Dru\u017cyny walczy\u0142y z pe\u0142nym zaanga\u017cowaniem, prezentuj\u0105c wysoki poziom gry i emocjonuj\u0105ce widowiska, kt\u00f3re na d\u0142ugo zapadn\u0105 w pami\u0119\u0107 uczestnik\u00f3w i widz\u00f3w.<\/p>\n\n\n\n<p>Organizatorzy zadbali nie tylko o sportow\u0105 rywalizacj\u0119, ale tak\u017ce o ciep\u0142\u0105, \u015bwi\u0105teczn\u0105 opraw\u0119 wydarzenia. Na zako\u0144czenie turnieju wr\u0119czono nagrody, wyr\u00f3\u017cnienia dla najlepszych zawodniczek i dru\u017cyn.<\/p>\n\n\n\n<p>Gratulujemy wszystkim uczestnikom i ju\u017c teraz czekamy na przysz\u0142oroczn\u0105 edycje!<\/p>\n\n\n\n<p>Na podium znale\u017ali si\u0119;<\/p>\n\n\n\n<p>Kategoria ,,Dw\u00f3jki\u201d<\/p>\n\n\n\n<p>1. GLKS Barycz Jank\u00f3w Przygodzki I (MVP Maja Ko\u0142odziej)<\/p>\n\n\n\n<p>2. GLKS Barycz Jank\u00f3w Przygodzki II (MVP Oliwia Wachowska)<\/p>\n\n\n\n<p>3. UKS Pi\u0105tka Turek (MVP Kinga Cia\u015b)<\/p>\n\n\n\n<p>Kategoria ,,Tr\u00f3jki\u201d<\/p>\n\n\n\n<p>1. MKS MOS Wieliczka I (MVP Alicja Kural)<\/p>\n\n\n\n<p>2. MKS MOS Wieliczka II (MVP Kinga Urba\u0144ska)<\/p>\n\n\n\n<p>3. MKS MOS Wieliczka III (MVP Karolina Kie\u0142bowicz)<\/p>\n\n\n\n<p>Kategoria ,,Czw\u00f3rki\u201d<\/p>\n\n\n\n<p>1. UKS Blachownia (MVP Milena K\u0142ak)<\/p>\n\n\n\n<p>2. UKS Pi\u0105tka Turek (MVP Klaudia Kolenda)<\/p>\n\n\n\n<p>3. SPS Politechnika Cz\u0119stochowa (MVP Natalia Jurak)<\/p>\n\n\n\n<p>Dzi\u0119ki takiemu wydarzeniu Cz\u0119stochowa po raz kolejny potwierdzi\u0142a swoje zaanga\u017cowanie w rozw\u00f3j sportu oraz integracj\u0119 mieszka\u0144c\u00f3w wok\u00f3\u0142 warto\u015bci takich jak fair play, pasja i wsp\u00f3\u0142praca.<\/p>\n\n\n\n<p>Natalia Grabarczyk\/Klub Sportowy Cz\u0119stochowianka<\/p>\n\n\n\n<p>Fotorelacja znajduje si\u0119 na fb Gazety Regionalnej<\/p>\n\n\n\n<p>Partnerami relacji sportowych s\u0105:<\/p>\n\n\n\n<p>DMK Invest materia\u0142y budowlane Konopiska <\/p>\n\n\n\n<p>Servevom.pl &#8211; Multimedia i Komputery (www.servecom.pl)<\/p>\n\n\n\n<figure class=\"wp-block-image size-large\"><img decoding=\"async\" width=\"1024\" height=\"681\" data-src=\"https:\/\/gazetaregionalna.com\/wp-content\/uploads\/2025\/01\/Czestochowianka-Fot-NG-1024x681.jpg\" alt=\"\" class=\"wp-image-132149 lazyload\" data-srcset=\"https:\/\/gazetaregionalna.com\/wp-content\/uploads\/2025\/01\/Czestochowianka-Fot-NG-1024x681.jpg 1024w, https:\/\/gazetaregionalna.com\/wp-content\/uploads\/2025\/01\/Czestochowianka-Fot-NG-300x200.jpg 300w, https:\/\/gazetaregionalna.com\/wp-content\/uploads\/2025\/01\/Czestochowianka-Fot-NG-768x511.jpg 768w, https:\/\/gazetaregionalna.com\/wp-content\/uploads\/2025\/01\/Czestochowianka-Fot-NG.jpg 1200w\" data-sizes=\"(max-width: 1024px) 100vw, 1024px\" src=\"data:image\/svg+xml;base64,PHN2ZyB3aWR0aD0iMSIgaGVpZ2h0PSIxIiB4bWxucz0iaHR0cDovL3d3dy53My5vcmcvMjAwMC9zdmciPjwvc3ZnPg==\" style=\"--smush-placeholder-width: 1024px; --smush-placeholder-aspect-ratio: 1024\/681;\" \/><\/figure>\n\n\n\n<figure class=\"wp-block-image size-large is-resized\"><img decoding=\"async\" width=\"1024\" height=\"1024\" data-src=\"https:\/\/gazetaregionalna.com\/wp-content\/uploads\/2024\/11\/Servecom-15-11-20204-2-1024x1024.jpg\" alt=\"\" class=\"wp-image-130623 lazyload\" style=\"--smush-placeholder-width: 1024px; --smush-placeholder-aspect-ratio: 1024\/1024;width:840px;height:auto\" data-srcset=\"https:\/\/gazetaregionalna.com\/wp-content\/uploads\/2024\/11\/Servecom-15-11-20204-2-1024x1024.jpg 1024w, https:\/\/gazetaregionalna.com\/wp-content\/uploads\/2024\/11\/Servecom-15-11-20204-2-300x300.jpg 300w, https:\/\/gazetaregionalna.com\/wp-content\/uploads\/2024\/11\/Servecom-15-11-20204-2-150x150.jpg 150w, https:\/\/gazetaregionalna.com\/wp-content\/uploads\/2024\/11\/Servecom-15-11-20204-2-768x768.jpg 768w, https:\/\/gazetaregionalna.com\/wp-content\/uploads\/2024\/11\/Servecom-15-11-20204-2-215x215.jpg 215w, https:\/\/gazetaregionalna.com\/wp-content\/uploads\/2024\/11\/Servecom-15-11-20204-2.jpg 1200w\" data-sizes=\"(max-width: 1024px) 100vw, 1024px\" src=\"data:image\/svg+xml;base64,PHN2ZyB3aWR0aD0iMSIgaGVpZ2h0PSIxIiB4bWxucz0iaHR0cDovL3d3dy53My5vcmcvMjAwMC9zdmciPjwvc3ZnPg==\" \/><\/figure>\n\n\n\n<figure class=\"wp-block-image size-large\"><img decoding=\"async\" width=\"1024\" height=\"1024\" data-src=\"https:\/\/gazetaregionalna.com\/wp-content\/uploads\/2024\/04\/DMK-Invest-4-1024x1024.jpg\" alt=\"\" class=\"wp-image-123885 lazyload\" data-srcset=\"https:\/\/gazetaregionalna.com\/wp-content\/uploads\/2024\/04\/DMK-Invest-4-1024x1024.jpg 1024w, https:\/\/gazetaregionalna.com\/wp-content\/uploads\/2024\/04\/DMK-Invest-4-300x300.jpg 300w, https:\/\/gazetaregionalna.com\/wp-content\/uploads\/2024\/04\/DMK-Invest-4-150x150.jpg 150w, https:\/\/gazetaregionalna.com\/wp-content\/uploads\/2024\/04\/DMK-Invest-4-768x768.jpg 768w, https:\/\/gazetaregionalna.com\/wp-content\/uploads\/2024\/04\/DMK-Invest-4-1536x1536.jpg 1536w, https:\/\/gazetaregionalna.com\/wp-content\/uploads\/2024\/04\/DMK-Invest-4-2048x2048.jpg 2048w, https:\/\/gazetaregionalna.com\/wp-content\/uploads\/2024\/04\/DMK-Invest-4-215x215.jpg 215w, https:\/\/gazetaregionalna.com\/wp-content\/uploads\/2024\/04\/DMK-Invest-4-scaled.jpg 1600w\" data-sizes=\"(max-width: 1024px) 100vw, 1024px\" src=\"data:image\/svg+xml;base64,PHN2ZyB3aWR0aD0iMSIgaGVpZ2h0PSIxIiB4bWxucz0iaHR0cDovL3d3dy53My5vcmcvMjAwMC9zdmciPjwvc3ZnPg==\" style=\"--smush-placeholder-width: 1024px; --smush-placeholder-aspect-ratio: 1024\/1024;\" \/><\/figure>\n","protected":false},"excerpt":{"rendered":"<p>W hali sportowej Polonia odby\u0142 si\u0119 II Turniej \u015awi\u0105teczny organizowany przez Klub Sportowy Cz\u0119stochowianka. Wydarzenie, kt\u00f3re zgromadzi\u0142o zar\u00f3wno zawodnik\u00f3w, jak i licznie przyby\u0142ych kibic\u00f3w,<\/p>\n","protected":false},"author":15,"featured_media":132149,"comment_status":"closed","ping_status":"open","sticky":false,"template":"","format":"standard","meta":{"_monsterinsights_skip_tracking":false,"_monsterinsights_sitenote_active":false,"_monsterinsights_sitenote_note":"","_monsterinsights_sitenote_category":0,"_uf_show_specific_survey":0,"_uf_disable_surveys":false,"footnotes":""},"categories":[5,8],"tags":[],"class_list":["post-132148","post","type-post","status-publish","format-standard","has-post-thumbnail","hentry","category-sport","category-siatkowka"],"_links":{"self":[{"href":"https:\/\/gazetaregionalna.com\/index.php?rest_route=\/wp\/v2\/posts\/132148","targetHints":{"allow":["GET"]}}],"collection":[{"href":"https:\/\/gazetaregionalna.com\/index.php?rest_route=\/wp\/v2\/posts"}],"about":[{"href":"https:\/\/gazetaregionalna.com\/index.php?rest_route=\/wp\/v2\/types\/post"}],"author":[{"embeddable":true,"href":"https:\/\/gazetaregionalna.com\/index.php?rest_route=\/wp\/v2\/users\/15"}],"replies":[{"embeddable":true,"href":"https:\/\/gazetaregionalna.com\/index.php?rest_route=%2Fwp%2Fv2%2Fcomments&post=132148"}],"version-history":[{"count":1,"href":"https:\/\/gazetaregionalna.com\/index.php?rest_route=\/wp\/v2\/posts\/132148\/revisions"}],"predecessor-version":[{"id":132150,"href":"https:\/\/gazetaregionalna.com\/index.php?rest_route=\/wp\/v2\/posts\/132148\/revisions\/132150"}],"wp:featuredmedia":[{"embeddable":true,"href":"https:\/\/gazetaregionalna.com\/index.php?rest_route=\/wp\/v2\/media\/132149"}],"wp:attachment":[{"href":"https:\/\/gazetaregionalna.com\/index.php?rest_route=%2Fwp%2Fv2%2Fmedia&parent=132148"}],"wp:term":[{"taxonomy":"category","embeddable":true,"href":"https:\/\/gazetaregionalna.com\/index.php?rest_route=%2Fwp%2Fv2%2Fcategories&post=132148"},{"taxonomy":"post_tag","embeddable":true,"href":"https:\/\/gazetaregionalna.com\/index.php?rest_route=%2Fwp%2Fv2%2Ftags&post=132148"}],"curies":[{"name":"wp","href":"https:\/\/api.w.org\/{rel}","templated":true}]}}