{"id":132072,"date":"2024-12-28T16:37:49","date_gmt":"2024-12-28T16:37:49","guid":{"rendered":"https:\/\/gazetaregionalna.com\/?p=132072"},"modified":"2024-12-28T16:39:54","modified_gmt":"2024-12-28T16:39:54","slug":"mariusz-staszewski-pierwsze-zapytanie-o-wspolprace-od-prezesa-michala-swiacika-dostalem-juz-kilka-sezonow-temu","status":"publish","type":"post","link":"https:\/\/gazetaregionalna.com\/?p=132072","title":{"rendered":"Mariusz Staszewski: Pierwsze zapytanie o wsp\u00f3\u0142prac\u0119 od prezesa Micha\u0142a \u015awi\u0105cika dosta\u0142em ju\u017c kilka sezon\u00f3w temu"},"content":{"rendered":"\n<p>Mariusz Staszewski w pi\u0105tkowe popo\u0142udnie (27 grudnia) zosta\u0142 oficjalnie og\u0142oszony trenerem KRONO-PLAST W\u0142\u00f3kniarza Cz\u0119stochowa. Zapraszamy Pa\u0144stwa do przeczytania wywiadu z nowym szkoleniowcem dru\u017cyny.<\/p>\n\n\n\n<p><strong>W\u0142\u00f3kniarz: B\u0119d\u0105c jeszcze zawodnikiem Pana pierwsza zmiana barw klubowych, to by\u0142y przenosiny do Cz\u0119stochowy. Dzi\u015b jako szkoleniowiec, r\u00f3wnie\u017c pierwszy raz zmienia Pan pracodawc\u0119 i r\u00f3wnie\u017c przenosi si\u0119 do W\u0142\u00f3kniarza Cz\u0119stochowa. To dobry znak?<\/strong><\/p>\n\n\n\n<p><strong>Mariusz Staszewski: &#8211; <\/strong>W karierze zawodniczej przenosiny do Cz\u0119stochowy to by\u0142 na pewno dobry ruch. Mam nadziej\u0119, \u017ce symbolika tych wydarze\u0144 si\u0119 powt\u00f3rzy i ten m\u00f3j transfer, tym razem w roli szkoleniowca, wyjdzie na plus dla klubu i dla mnie.<\/p>\n\n\n\n<p><strong>Przed trenerem z ca\u0142\u0105 pewno\u015bci\u0105 du\u017ce wyzwanie. Czy prowadzenie dru\u017cyny w PGE Ekstralidze, to wi\u0119ksza presja ani\u017celi na zapleczu najlepszej ligi \u015bwiata?<\/strong><\/p>\n\n\n\n<p>&#8211; Presja w zawodowym sporcie jest zawsze. Niezale\u017cnie od poziomu rozgrywek, trzeba si\u0119 z ni\u0105 liczy\u0107. Jako zawodnik a p\u00f3\u017aniej szkoleniowiec jestem do niej przyzwyczajony i potrafi\u0119 sobie z ni\u0105 radzi\u0107. Mam oczywi\u015bcie nadziej\u0119, \u017ce b\u0119dzie jej jak najmniej (\u015bmiech \u2013 dop. red), ale jestem przygotowany, \u017ce ci\u015bnienie b\u0119dzie du\u017ce.<\/p>\n\n\n\n<p><strong>Z tego, co wiem, prezes Micha\u0142 \u015awi\u0105cik ju\u017c wcze\u015bniej zabiega\u0142 o to, \u017ceby trener obj\u0105\u0142 w przysz\u0142ym sezonie prowadzenie KRONO-PLAST W\u0142\u00f3kniarza Cz\u0119stochowa?<\/strong><\/p>\n\n\n\n<p>&#8211; Pierwsze zapytanie o wsp\u00f3\u0142prac\u0119 od prezesa Micha\u0142a \u015awi\u0105cika dosta\u0142em ju\u017c kilka sezon\u00f3w temu. W tym roku pierwszy telefon z W\u0142\u00f3kniarza by\u0142 w okolicach wrze\u015bnia, kiedy moja praca w Ostrowie mia\u0142a dobiec ko\u0144ca. Odm\u00f3wi\u0142em, bo wszystko wskazywa\u0142o jednak na to, \u017ce pozostan\u0119 szkoleniowcem Ostrovii. Do rozm\u00f3w z prezesem \u015awi\u0105cikiem wr\u00f3ci\u0142em w momencie, w kt\u00f3rym przedstawi\u0142em zarz\u0105dowi Ostrovii Ostr\u00f3w swoje wypowiedzenie. O m\u00f3j anga\u017c zabiega\u0142 jeszcze jeden klub z PGE Ekstraligi, ale ostatecznie wybra\u0142em przenosiny do W\u0142\u00f3kniarza.<\/p>\n\n\n\n<p><strong>Jaki b\u0119dzie zakres obowi\u0105zk\u00f3w trenera?<\/strong><\/p>\n\n\n\n<p>&#8211; Zakres obowi\u0105zk\u00f3w we W\u0142\u00f3kniarzu b\u0119d\u0119 mia\u0142 bardzo podobny jak w Ostrowie. B\u0119d\u0119 odpowiedzialny za prowadzenie pierwszej dru\u017cyny, ekipy U24 oraz m\u0142odzie\u017cowc\u00f3w w rozgrywkach o Dru\u017cynowe Mistrzostwo Polski Junior\u00f3w. Do tego dojdzie jeszcze szkolenie m\u0142odzie\u017cy. Wiadomo jednak, \u017ce sam jeden nie ogarn\u0119 prac, kt\u00f3re trzeba wykona\u0107 przy wymienionych przeze mnie zakresach obowi\u0105zk\u00f3w. B\u0119d\u0119 zatem wsp\u00f3\u0142pracowa\u0142 z pozosta\u0142ymi cz\u0142onkami sztabu, tak, aby ta robota by\u0142a zrobiona porz\u0105dnie.<\/p>\n\n\n\n<p><strong>Jaka jest opinia trenera na temat formacji m\u0142odzie\u017cowej KRONO-PLAST W\u0142\u00f3kniarza Cz\u0119stochowa? W zesz\u0142ym sezonie by\u0142a to du\u017ca bol\u0105czka zespo\u0142u. Co trener s\u0105dzi o takich zawodnikach jak Ludwiczak, Halkiewicz, czy Karczewski. Czy widzi w nich potencja\u0142 na zdobywanie punkt\u00f3w w PGE Ekstralidze?<\/strong><\/p>\n\n\n\n<p>&#8211; Zrobi\u0119 wszystko, co w mojej mocy, aby wyniki naszych m\u0142odzie\u017cowc\u00f3w si\u0119 poprawi\u0142y. Najlepiej z wymienionych przez ciebie zawodnik\u00f3w znam Franciszka Karczewskiego. Z pozosta\u0142ymi musz\u0119 si\u0119 jeszcze lepiej pozna\u0107. Prosz\u0119 pami\u0119ta\u0107 jednak, \u017ce praca z m\u0142odzie\u017c\u0105 to nie jest praca na zasadzie progresu z dnia na dzie\u0144. Do ich rozwoju potrzebny jest czas.<\/p>\n\n\n\n<p><strong>W naszej kadrze Wiktor Lampart znajduje si\u0119 na pozycji zawodnika U24. Co s\u0105dzi trener o tym zawodniku? Czy jest on pewniakiem do sk\u0142adu? Czy opcj\u0105 na t\u0119 pozycj\u0119 jest te\u017c Philip Hellstr\u00f6m B\u00e4ngs?<\/strong><\/p>\n\n\n\n<p>&#8211; Na chwil\u0119 obecn\u0105 Wiktor Lampart wydaje si\u0119 by\u0107 zawodnikiem mocniejszym. Za Wiktorem przemawia nazwisko, dotychczasowe osi\u0105gni\u0119cia i do\u015bwiadczenie. Na dzi\u015b wi\u0119c to Wiktor jest g\u0142\u00f3wnym kandydatem na pozycj\u0119 zawodnika U24. Wszystko jednak zweryfikuje tor.<\/p>\n\n\n\n<p><strong>Liderzy KRONO-PLAST W\u0142\u00f3kniarza to?<\/strong><\/p>\n\n\n\n<p>&#8211; Na papierze tr\u00f3jka lider\u00f3w to: Woryna, Doyle oraz Pawlicki. Ich postawa b\u0119dzie niezwykle wa\u017cna w kontek\u015bcie przysz\u0142ych wynik\u00f3w. Pami\u0119tajmy jednak, \u017ce na wynik dru\u017cyny sk\u0142ada si\u0119 ca\u0142y zesp\u00f3\u0142. Siedmiu zawodnik\u00f3w, a nie tylko tr\u00f3jka lider\u00f3w.<\/p>\n\n\n\n<p><strong>Jak wa\u017cne s\u0105 dla trenera odprawy dru\u017cyny przed i w trakcie trwania zawod\u00f3w?<\/strong><\/p>\n\n\n\n<p>&#8211; \u017bu\u017cel jest sportem dru\u017cynowym, dlatego w odprawach w trakcie meczu musz\u0105 uczestniczy\u0107 wszyscy zawodnicy. Ka\u017cdy z nas pracuje na wynik zespo\u0142u i mamy te same cele. Nie ka\u017cdy zawodnik od pocz\u0105tku meczu trafia z ustawieniami, dlatego tak wa\u017cne, wed\u0142ug mnie, s\u0105 wsp\u00f3lne rozmowy w trakcie trwania rywalizacji.<\/p>\n\n\n\n<p><strong>Ostatnie pytanie dotyczy toru w Cz\u0119stochowie. W ostatnich latach jego przygotowanie i atrakcyjno\u015b\u0107 widowiska s\u0105 dla kibic\u00f3w oraz ekspert\u00f3w bardzo wa\u017cnym zagadnieniem. Jakie w tym temacie jest zdanie trenera?<\/strong><\/p>\n\n\n\n<p>&#8211; Za du\u017co w ostatnich latach jest dyskusji o tym &#8222;cz\u0119stochowskim torze&#8221;. Nie mam zamiaru &#8222;czarowa\u0107&#8221; tej nawierzchni. Rozwi\u0105zanie jest bardzo proste. Po pierwszych treningach i sparingach usi\u0105dziemy wsp\u00f3lnie z dru\u017cyn\u0105 i ustalimy, jaki tor chcemy mie\u0107 na ca\u0142y sezon, a moj\u0105 rol\u0105 b\u0119dzie przygotowanie takiej nawierzchni, aby by\u0142a ona powtarzalna.<\/p>\n\n\n\n<p>AK, materia\u0142y prasowe klubu, fot: W\u0142\u00f3kniarz Cz\u0119stochowa <\/p>\n\n\n\n<p>Partnerami relacji sportowych s\u0105:<\/p>\n\n\n\n<p>DMK Invest materia\u0142y budowlane Konopiska (www.dmkinvest.pl)<\/p>\n\n\n\n<p>Servecom.pl Multimedia i Komputery (www.servecom.pl)<\/p>\n\n\n\n<figure class=\"wp-block-image size-large\"><img decoding=\"async\" width=\"819\" height=\"1024\" data-src=\"https:\/\/gazetaregionalna.com\/wp-content\/uploads\/2024\/12\/mariusz-staszewskijpg-819x1024.jpg\" alt=\"\" class=\"wp-image-132033 lazyload\" data-srcset=\"https:\/\/gazetaregionalna.com\/wp-content\/uploads\/2024\/12\/mariusz-staszewskijpg-819x1024.jpg 819w, https:\/\/gazetaregionalna.com\/wp-content\/uploads\/2024\/12\/mariusz-staszewskijpg-240x300.jpg 240w, https:\/\/gazetaregionalna.com\/wp-content\/uploads\/2024\/12\/mariusz-staszewskijpg-768x960.jpg 768w, https:\/\/gazetaregionalna.com\/wp-content\/uploads\/2024\/12\/mariusz-staszewskijpg.jpg 1200w\" data-sizes=\"(max-width: 819px) 100vw, 819px\" src=\"data:image\/svg+xml;base64,PHN2ZyB3aWR0aD0iMSIgaGVpZ2h0PSIxIiB4bWxucz0iaHR0cDovL3d3dy53My5vcmcvMjAwMC9zdmciPjwvc3ZnPg==\" style=\"--smush-placeholder-width: 819px; --smush-placeholder-aspect-ratio: 819\/1024;\" \/><\/figure>\n\n\n\n<figure class=\"wp-block-image size-large\"><img decoding=\"async\" width=\"1024\" height=\"1024\" data-src=\"https:\/\/gazetaregionalna.com\/wp-content\/uploads\/2024\/04\/DMK-Invest-3-1024x1024.jpg\" alt=\"\" class=\"wp-image-123884 lazyload\" data-srcset=\"https:\/\/gazetaregionalna.com\/wp-content\/uploads\/2024\/04\/DMK-Invest-3-1024x1024.jpg 1024w, https:\/\/gazetaregionalna.com\/wp-content\/uploads\/2024\/04\/DMK-Invest-3-300x300.jpg 300w, https:\/\/gazetaregionalna.com\/wp-content\/uploads\/2024\/04\/DMK-Invest-3-150x150.jpg 150w, https:\/\/gazetaregionalna.com\/wp-content\/uploads\/2024\/04\/DMK-Invest-3-768x768.jpg 768w, https:\/\/gazetaregionalna.com\/wp-content\/uploads\/2024\/04\/DMK-Invest-3-1536x1536.jpg 1536w, https:\/\/gazetaregionalna.com\/wp-content\/uploads\/2024\/04\/DMK-Invest-3-2048x2048.jpg 2048w, https:\/\/gazetaregionalna.com\/wp-content\/uploads\/2024\/04\/DMK-Invest-3-215x215.jpg 215w, https:\/\/gazetaregionalna.com\/wp-content\/uploads\/2024\/04\/DMK-Invest-3-scaled.jpg 1600w\" data-sizes=\"(max-width: 1024px) 100vw, 1024px\" src=\"data:image\/svg+xml;base64,PHN2ZyB3aWR0aD0iMSIgaGVpZ2h0PSIxIiB4bWxucz0iaHR0cDovL3d3dy53My5vcmcvMjAwMC9zdmciPjwvc3ZnPg==\" style=\"--smush-placeholder-width: 1024px; --smush-placeholder-aspect-ratio: 1024\/1024;\" \/><\/figure>\n\n\n\n<p><\/p>\n\n\n\n<figure class=\"wp-block-image size-large\"><img decoding=\"async\" width=\"1024\" height=\"1024\" data-src=\"https:\/\/gazetaregionalna.com\/wp-content\/uploads\/2024\/11\/Servecom-15-11-20204-2-1024x1024.jpg\" alt=\"\" class=\"wp-image-130623 lazyload\" data-srcset=\"https:\/\/gazetaregionalna.com\/wp-content\/uploads\/2024\/11\/Servecom-15-11-20204-2-1024x1024.jpg 1024w, https:\/\/gazetaregionalna.com\/wp-content\/uploads\/2024\/11\/Servecom-15-11-20204-2-300x300.jpg 300w, https:\/\/gazetaregionalna.com\/wp-content\/uploads\/2024\/11\/Servecom-15-11-20204-2-150x150.jpg 150w, https:\/\/gazetaregionalna.com\/wp-content\/uploads\/2024\/11\/Servecom-15-11-20204-2-768x768.jpg 768w, https:\/\/gazetaregionalna.com\/wp-content\/uploads\/2024\/11\/Servecom-15-11-20204-2-215x215.jpg 215w, https:\/\/gazetaregionalna.com\/wp-content\/uploads\/2024\/11\/Servecom-15-11-20204-2.jpg 1200w\" data-sizes=\"(max-width: 1024px) 100vw, 1024px\" src=\"data:image\/svg+xml;base64,PHN2ZyB3aWR0aD0iMSIgaGVpZ2h0PSIxIiB4bWxucz0iaHR0cDovL3d3dy53My5vcmcvMjAwMC9zdmciPjwvc3ZnPg==\" style=\"--smush-placeholder-width: 1024px; --smush-placeholder-aspect-ratio: 1024\/1024;\" \/><\/figure>\n","protected":false},"excerpt":{"rendered":"<p>Mariusz Staszewski w pi\u0105tkowe popo\u0142udnie (27 grudnia) zosta\u0142 oficjalnie og\u0142oszony trenerem KRONO-PLAST W\u0142\u00f3kniarza Cz\u0119stochowa. Zapraszamy Pa\u0144stwa do przeczytania wywiadu z nowym szkoleniowcem dru\u017cyny. W\u0142\u00f3kniarz:<\/p>\n","protected":false},"author":15,"featured_media":132033,"comment_status":"closed","ping_status":"open","sticky":false,"template":"","format":"standard","meta":{"_monsterinsights_skip_tracking":false,"_monsterinsights_sitenote_active":false,"_monsterinsights_sitenote_note":"","_monsterinsights_sitenote_category":0,"_uf_show_specific_survey":0,"_uf_disable_surveys":false,"footnotes":""},"categories":[94,5,7],"tags":[],"class_list":["post-132072","post","type-post","status-publish","format-standard","has-post-thumbnail","hentry","category-polecane","category-sport","category-zuzel"],"_links":{"self":[{"href":"https:\/\/gazetaregionalna.com\/index.php?rest_route=\/wp\/v2\/posts\/132072","targetHints":{"allow":["GET"]}}],"collection":[{"href":"https:\/\/gazetaregionalna.com\/index.php?rest_route=\/wp\/v2\/posts"}],"about":[{"href":"https:\/\/gazetaregionalna.com\/index.php?rest_route=\/wp\/v2\/types\/post"}],"author":[{"embeddable":true,"href":"https:\/\/gazetaregionalna.com\/index.php?rest_route=\/wp\/v2\/users\/15"}],"replies":[{"embeddable":true,"href":"https:\/\/gazetaregionalna.com\/index.php?rest_route=%2Fwp%2Fv2%2Fcomments&post=132072"}],"version-history":[{"count":1,"href":"https:\/\/gazetaregionalna.com\/index.php?rest_route=\/wp\/v2\/posts\/132072\/revisions"}],"predecessor-version":[{"id":132073,"href":"https:\/\/gazetaregionalna.com\/index.php?rest_route=\/wp\/v2\/posts\/132072\/revisions\/132073"}],"wp:featuredmedia":[{"embeddable":true,"href":"https:\/\/gazetaregionalna.com\/index.php?rest_route=\/wp\/v2\/media\/132033"}],"wp:attachment":[{"href":"https:\/\/gazetaregionalna.com\/index.php?rest_route=%2Fwp%2Fv2%2Fmedia&parent=132072"}],"wp:term":[{"taxonomy":"category","embeddable":true,"href":"https:\/\/gazetaregionalna.com\/index.php?rest_route=%2Fwp%2Fv2%2Fcategories&post=132072"},{"taxonomy":"post_tag","embeddable":true,"href":"https:\/\/gazetaregionalna.com\/index.php?rest_route=%2Fwp%2Fv2%2Ftags&post=132072"}],"curies":[{"name":"wp","href":"https:\/\/api.w.org\/{rel}","templated":true}]}}