{"id":131652,"date":"2024-12-13T19:29:34","date_gmt":"2024-12-13T19:29:34","guid":{"rendered":"https:\/\/gazetaregionalna.com\/?p=131652"},"modified":"2024-12-13T19:33:29","modified_gmt":"2024-12-13T19:33:29","slug":"z-cyklu-okiem-trenera-leszka-chudziaka-victoria-w-belchatowie","status":"publish","type":"post","link":"https:\/\/gazetaregionalna.com\/2024\/12\/13\/z-cyklu-okiem-trenera-leszka-chudziaka-victoria-w-belchatowie\/","title":{"rendered":"Z cyklu: okiem trenera Leszka Hudziaka&#8230; Victoria w Be\u0142chatowie"},"content":{"rendered":"\n<p>Mamy to!!!!&nbsp;<\/p>\n\n\n\n<p>Na p\u00f3\u0142metku Plusligi, w 15 kolejce rozgrywek, KS Norwid Cz\u0119stochowa rzutem na ta\u015bm\u0119 utrzyma\u0142 6 miejsce w tabeli, awansuj\u0105c tym samym do rozgrywek Pucharu Polski!<\/p>\n\n\n\n<p>Naszym przeciwnikiem by\u0142a PGE GiEK Skra Be\u0142chat\u00f3w, zesp\u00f3\u0142 bardzo utytu\u0142owany zar\u00f3wno w rozgrywkach krajowych, jak i klubowych na arenie mi\u0119dzynarodowej. Dodatkowym atutem naszego be\u0142chatowskiego rywala w niedzielnym meczu by\u0142a gra na w\u0142asnym boisku, przy w\u0142asnej publiczno\u015bci.<\/p>\n\n\n\n<p>Nasi cz\u0119stochowscy siatkarze wyszli jednak do meczu z podniesion\u0105 przy\u0142bic\u0105, niezwykle zmotywowani i g\u0142odni zwyci\u0119stwa. Ich wola walki, zgranie oraz \u015bwietna dyspozycja meczowa (Patryk Indra po raz kolejny zosta\u0142 MVP spotkania!) prze\u0142o\u017cy\u0142a si\u0119 na fantastyczn\u0105 wygran\u0105 3:1. Na parkiecie debiutowa\u0142 dyrektor sportowy KS Norwid \u0141ukasz \u017bygad\u0142o, kt\u00f3ry w zwi\u0105zku z kontuzj\u0105 podstawowego rozgrywaj\u0105cego, Quinna Isaacsona, wr\u00f3ci\u0142 po latach do gry.&nbsp;<\/p>\n\n\n\n<p>Swoj\u0105 ocen\u0105 meczu z trenerskiego punktu widzenia postanowi\u0142 si\u0119 z nami podzieli\u0107 r\u00f3wnie\u017c Leszek Hudziak. Jak wed\u0142ug niego wypad\u0142a cz\u0119stochowska dru\u017cyna?<\/p>\n\n\n\n<p>&#8222;Cel, kt\u00f3ry wyznaczyli\u015bmy sobie przed tym spotkaniem &#8211; awans do Pucharu Polski &#8211; uda\u0142o si\u0119 zrealizowa\u0107. Wprawdzie po wygraniu dw\u00f3ch set\u00f3w, kt\u00f3re zapewni\u0142y nam awans, wkrad\u0142 si\u0119 moment rozlu\u017anienia, ale ostatecznie wywie\u017ali\u015bmy dodatkowe 3 oczka.<\/p>\n\n\n\n<p>Pierwszy mecz, kt\u00f3ry tak naprawd\u0119 zagrali\u015bmy pod presj\u0105 pokazuje, \u017ce potrafimy gra\u0107 &#8222;pod ci\u015bnieniem&#8221; i zachowywa\u0107 &#8222;ch\u0142odn\u0105 g\u0142ow\u0119&#8221; w trudnych momentach. Dok\u0142adaj\u0105c do tego taktyk\u0119, uda\u0142o nam si\u0119 zlikwidowa\u0107 blokiem najwi\u0119ksze zagro\u017cenie, czyli atakuj\u0105cego Amina, kt\u00f3ry jest najmocniejszym punktem zespo\u0142u z Be\u0142chatowa. Uzyska\u0142 on tylko 32% w ataku oraz 8% efektywno\u015bci. Dodaj\u0105c agresywn\u0105 zagrywk\u0119, kt\u00f3ra poskutkowa\u0142a tylko 34% w przyj\u0119ciu be\u0142chatowian, wyeliminowali\u015bmy ulubione zagrania Grze\u015bka \u0141omacza &#8211; gr\u0119 ze \u015brodkowymi (mimo s\u0142abego przyj\u0119cia, ten rozgrywaj\u0105cy zagra\u0142 t\u0105 stref\u0105 a\u017c 26 razy).&nbsp;<\/p>\n\n\n\n<p>Dodatkowo, &#8222;muruj\u0105c&#8221; siatk\u0119 11 blokami, przypiecz\u0119towali\u015bmy awans do \u0107wier\u0107fina\u0142u Pucharu Polski.<\/p>\n\n\n\n<figure class=\"wp-block-image size-large\"><img decoding=\"async\" width=\"1024\" height=\"1024\" data-src=\"https:\/\/gazetaregionalna.com\/wp-content\/uploads\/2024\/12\/469287225_18474151261010276_8462552929980478477_n-1024x1024.jpg\" alt=\"\" class=\"wp-image-131655 lazyload\" data-srcset=\"https:\/\/gazetaregionalna.com\/wp-content\/uploads\/2024\/12\/469287225_18474151261010276_8462552929980478477_n-1024x1024.jpg 1024w, https:\/\/gazetaregionalna.com\/wp-content\/uploads\/2024\/12\/469287225_18474151261010276_8462552929980478477_n-300x300.jpg 300w, https:\/\/gazetaregionalna.com\/wp-content\/uploads\/2024\/12\/469287225_18474151261010276_8462552929980478477_n-150x150.jpg 150w, https:\/\/gazetaregionalna.com\/wp-content\/uploads\/2024\/12\/469287225_18474151261010276_8462552929980478477_n-768x768.jpg 768w, https:\/\/gazetaregionalna.com\/wp-content\/uploads\/2024\/12\/469287225_18474151261010276_8462552929980478477_n-215x215.jpg 215w, https:\/\/gazetaregionalna.com\/wp-content\/uploads\/2024\/12\/469287225_18474151261010276_8462552929980478477_n.jpg 1200w\" data-sizes=\"(max-width: 1024px) 100vw, 1024px\" src=\"data:image\/svg+xml;base64,PHN2ZyB3aWR0aD0iMSIgaGVpZ2h0PSIxIiB4bWxucz0iaHR0cDovL3d3dy53My5vcmcvMjAwMC9zdmciPjwvc3ZnPg==\" style=\"--smush-placeholder-width: 1024px; --smush-placeholder-aspect-ratio: 1024\/1024;\" \/><\/figure>\n\n\n\n<p>Ciekawostk\u0105 jest, i\u017c w tym spotkaniu wyst\u0105pi\u0142 \u0141ukasz \u017bygad\u0142o, kt\u00f3ry tym samym zapisa\u0142 si\u0119 w historii jako najstarszy zawodnik graj\u0105cy na parkietach Plusligi, zdobywaj\u0105c nawet 1 punkt blokiem!&#8221;<\/p>\n\n\n\n<figure class=\"wp-block-image size-large\"><img decoding=\"async\" width=\"1024\" height=\"1024\" data-src=\"https:\/\/gazetaregionalna.com\/wp-content\/uploads\/2024\/12\/469531805_18474151252010276_2127314608210431982_n-1024x1024.jpg\" alt=\"\" class=\"wp-image-131656 lazyload\" data-srcset=\"https:\/\/gazetaregionalna.com\/wp-content\/uploads\/2024\/12\/469531805_18474151252010276_2127314608210431982_n-1024x1024.jpg 1024w, https:\/\/gazetaregionalna.com\/wp-content\/uploads\/2024\/12\/469531805_18474151252010276_2127314608210431982_n-300x300.jpg 300w, https:\/\/gazetaregionalna.com\/wp-content\/uploads\/2024\/12\/469531805_18474151252010276_2127314608210431982_n-150x150.jpg 150w, https:\/\/gazetaregionalna.com\/wp-content\/uploads\/2024\/12\/469531805_18474151252010276_2127314608210431982_n-768x768.jpg 768w, https:\/\/gazetaregionalna.com\/wp-content\/uploads\/2024\/12\/469531805_18474151252010276_2127314608210431982_n-215x215.jpg 215w, https:\/\/gazetaregionalna.com\/wp-content\/uploads\/2024\/12\/469531805_18474151252010276_2127314608210431982_n.jpg 1080w\" data-sizes=\"(max-width: 1024px) 100vw, 1024px\" src=\"data:image\/svg+xml;base64,PHN2ZyB3aWR0aD0iMSIgaGVpZ2h0PSIxIiB4bWxucz0iaHR0cDovL3d3dy53My5vcmcvMjAwMC9zdmciPjwvc3ZnPg==\" style=\"--smush-placeholder-width: 1024px; --smush-placeholder-aspect-ratio: 1024\/1024;\" \/><\/figure>\n\n\n\n<p>Tyle od trenera, za\u015b nam, kibicom i sympatykom cz\u0119stochowskiego klubu, pozostaje niezmiennie dopingowa\u0107 KS Norwid, bowiem ju\u017c ruszy\u0142a szesnasta, rewan\u017cowa runda spotka\u0144 Plusligi &#8211; przed naszym zespo\u0142em niedzielny, wyjazdowy mecz w Suwa\u0142kach. W pierwszym meczu sezonu, na w\u0142asnym parkiecie niestety ulegli\u015bmy rywalom, ale tym razem jedziemy na p\u00f3\u0142nocny -wsch\u00f3d kraju z zamiarem przywiezienia 3 punkt\u00f3w, a wi\u0119c drodzy &#8222;Norwidowcy&#8221; &#8211; powodzenia!!!&nbsp;<\/p>\n\n\n\n<p>red. Paulina Szlagor<\/p>\n\n\n\n<p>Partner sportu:<\/p>\n\n\n\n<figure class=\"wp-block-image size-large\"><img decoding=\"async\" width=\"1024\" height=\"1024\" data-src=\"https:\/\/gazetaregionalna.com\/wp-content\/uploads\/2024\/04\/DMK-Invest-2-1024x1024.jpg\" alt=\"\" class=\"wp-image-123883 lazyload\" data-srcset=\"https:\/\/gazetaregionalna.com\/wp-content\/uploads\/2024\/04\/DMK-Invest-2-1024x1024.jpg 1024w, https:\/\/gazetaregionalna.com\/wp-content\/uploads\/2024\/04\/DMK-Invest-2-300x300.jpg 300w, https:\/\/gazetaregionalna.com\/wp-content\/uploads\/2024\/04\/DMK-Invest-2-150x150.jpg 150w, https:\/\/gazetaregionalna.com\/wp-content\/uploads\/2024\/04\/DMK-Invest-2-768x768.jpg 768w, https:\/\/gazetaregionalna.com\/wp-content\/uploads\/2024\/04\/DMK-Invest-2-1536x1536.jpg 1536w, https:\/\/gazetaregionalna.com\/wp-content\/uploads\/2024\/04\/DMK-Invest-2-2048x2048.jpg 2048w, https:\/\/gazetaregionalna.com\/wp-content\/uploads\/2024\/04\/DMK-Invest-2-215x215.jpg 215w, https:\/\/gazetaregionalna.com\/wp-content\/uploads\/2024\/04\/DMK-Invest-2-scaled.jpg 1600w\" data-sizes=\"(max-width: 1024px) 100vw, 1024px\" src=\"data:image\/svg+xml;base64,PHN2ZyB3aWR0aD0iMSIgaGVpZ2h0PSIxIiB4bWxucz0iaHR0cDovL3d3dy53My5vcmcvMjAwMC9zdmciPjwvc3ZnPg==\" style=\"--smush-placeholder-width: 1024px; --smush-placeholder-aspect-ratio: 1024\/1024;\" \/><\/figure>\n","protected":false},"excerpt":{"rendered":"<p>Mamy to!!!!&nbsp; Na p\u00f3\u0142metku Plusligi, w 15 kolejce rozgrywek, KS Norwid Cz\u0119stochowa rzutem na ta\u015bm\u0119 utrzyma\u0142 6 miejsce w tabeli, awansuj\u0105c tym samym do<\/p>\n","protected":false},"author":2,"featured_media":131100,"comment_status":"closed","ping_status":"open","sticky":false,"template":"","format":"standard","meta":{"_monsterinsights_skip_tracking":false,"_monsterinsights_sitenote_active":false,"_monsterinsights_sitenote_note":"","_monsterinsights_sitenote_category":0,"_uf_show_specific_survey":0,"_uf_disable_surveys":false,"footnotes":""},"categories":[8,5],"tags":[9420,9396],"class_list":["post-131652","post","type-post","status-publish","format-standard","has-post-thumbnail","hentry","category-siatkowka","category-sport","tag-leszek-chudziak","tag-norwid-czestochowa"],"_links":{"self":[{"href":"https:\/\/gazetaregionalna.com\/wp-json\/wp\/v2\/posts\/131652","targetHints":{"allow":["GET"]}}],"collection":[{"href":"https:\/\/gazetaregionalna.com\/wp-json\/wp\/v2\/posts"}],"about":[{"href":"https:\/\/gazetaregionalna.com\/wp-json\/wp\/v2\/types\/post"}],"author":[{"embeddable":true,"href":"https:\/\/gazetaregionalna.com\/wp-json\/wp\/v2\/users\/2"}],"replies":[{"embeddable":true,"href":"https:\/\/gazetaregionalna.com\/wp-json\/wp\/v2\/comments?post=131652"}],"version-history":[{"count":6,"href":"https:\/\/gazetaregionalna.com\/wp-json\/wp\/v2\/posts\/131652\/revisions"}],"predecessor-version":[{"id":131661,"href":"https:\/\/gazetaregionalna.com\/wp-json\/wp\/v2\/posts\/131652\/revisions\/131661"}],"wp:featuredmedia":[{"embeddable":true,"href":"https:\/\/gazetaregionalna.com\/wp-json\/wp\/v2\/media\/131100"}],"wp:attachment":[{"href":"https:\/\/gazetaregionalna.com\/wp-json\/wp\/v2\/media?parent=131652"}],"wp:term":[{"taxonomy":"category","embeddable":true,"href":"https:\/\/gazetaregionalna.com\/wp-json\/wp\/v2\/categories?post=131652"},{"taxonomy":"post_tag","embeddable":true,"href":"https:\/\/gazetaregionalna.com\/wp-json\/wp\/v2\/tags?post=131652"}],"curies":[{"name":"wp","href":"https:\/\/api.w.org\/{rel}","templated":true}]}}