{"id":131511,"date":"2024-12-05T21:20:04","date_gmt":"2024-12-05T21:20:04","guid":{"rendered":"https:\/\/gazetaregionalna.com\/?p=131511"},"modified":"2024-12-05T21:20:06","modified_gmt":"2024-12-05T21:20:06","slug":"15-aukcja-czestochowskiej-zachety","status":"publish","type":"post","link":"https:\/\/gazetaregionalna.com\/?p=131511","title":{"rendered":"15. Aukcja Cz\u0119stochowskiej Zach\u0119ty. Czekaj\u0105 tam dzie\u0142a sztuk plastycznych, muzykalia i jam session"},"content":{"rendered":"\n<h2 class=\"wp-block-heading\">W niedziel\u0119, 8 grudnia w Konduktorowni odb\u0119dzie si\u0119 pi\u0119tnasta Aukcja Cz\u0119stochowskiej Zach\u0119ty. Na zainteresowanych czekaj\u0105 dzie\u0142a sztuk plastycznych, muzykalia, a tak\u017ce&#8230; jam session. Zaprasza Regionalne Towarzystwo Zach\u0119ty Sztuk Pi\u0119knych w Cz\u0119stochowie. Pocz\u0105tek o godz. 16.<\/h2>\n\n\n\n<p>Regionalne Towarzystwo Zach\u0119ty Sztuk Pi\u0119knych w Cz\u0119stochowie zaprasza na coroczn\u0105 aukcj\u0119 dzie\u0142 sztuki. W tym roku &#8211; to edycja jubileuszowa &#8211; opr\u00f3cz prac malarskich, rysunkowych, graficznych, fotograficznych b\u0119d\u0105 do wylicytowania muzykalia.<\/p>\n\n\n\n<p>Co przygotowano? Na licytuj\u0105cych czeka m.in. fragment partytury Micha\u0142a Urbaniaka z jego autografem w aran\u017cacji Marcina Pospieszalskiego do utworu \u201eKrakowiak\u201d plus unikatowa p\u0142yta winylowa z prawykonaniem tego utworu podczas historycznego koncertu w 1995 roku w Filharmonii Cz\u0119stochowskiej. <\/p>\n\n\n\n<p>Gratk\u0105 b\u0119dzie te\u017c oryginalna, odr\u0119czna partytura orkiestrowa utworu \u201eWidzisz Marto\u201d, pochodz\u0105cego ze \u015bcie\u017cki d\u017awi\u0119kowej filmu \u201ePRAWO OJCA\u201d plus kolekcjonerska p\u0142yta z autografem Marcina Pospieszalskiego oraz odr\u0119cznie napisanym tekstem piosenki \u201eWidzisz Marto przez autora &#8211; Jacka Cygana i jego\u017c autografem z podzi\u0119kowaniem dla kompozytora i wokalisty (Ryszarda Rynkowskiego) z dat\u0105 19.11.2024 r.<\/p>\n\n\n\n<figure class=\"wp-block-image size-large\"><img decoding=\"async\" width=\"725\" height=\"1024\" data-src=\"https:\/\/gazetaregionalna.com\/wp-content\/uploads\/2024\/12\/AUKCJA-teraz-dobrze-725x1024.jpg\" alt=\"\" class=\"wp-image-131513 lazyload\" data-srcset=\"https:\/\/gazetaregionalna.com\/wp-content\/uploads\/2024\/12\/AUKCJA-teraz-dobrze-725x1024.jpg 725w, https:\/\/gazetaregionalna.com\/wp-content\/uploads\/2024\/12\/AUKCJA-teraz-dobrze-212x300.jpg 212w, https:\/\/gazetaregionalna.com\/wp-content\/uploads\/2024\/12\/AUKCJA-teraz-dobrze-768x1085.jpg 768w, https:\/\/gazetaregionalna.com\/wp-content\/uploads\/2024\/12\/AUKCJA-teraz-dobrze-1087x1536.jpg 1087w, https:\/\/gazetaregionalna.com\/wp-content\/uploads\/2024\/12\/AUKCJA-teraz-dobrze-scaled.jpg 1133w\" data-sizes=\"(max-width: 725px) 100vw, 725px\" src=\"data:image\/svg+xml;base64,PHN2ZyB3aWR0aD0iMSIgaGVpZ2h0PSIxIiB4bWxucz0iaHR0cDovL3d3dy53My5vcmcvMjAwMC9zdmciPjwvc3ZnPg==\" style=\"--smush-placeholder-width: 725px; --smush-placeholder-aspect-ratio: 725\/1024;\" \/><\/figure>\n\n\n\n<p>Licytowany b\u0119dzie te\u017c projekt ok\u0142adki Jacka Pa\u0142uchy do najnowszego projektu muzycznego Mu\u0144ka Staszczyka, kt\u00f3ry realizuje z Ma\u0107kiem Ma\u015blikowskim (z autografami ka\u017cdego z nich), a tak\u017ce testpress winylowej wersji p\u0142yty \u201eInaije\u201d Lidii Pospieszalskiej z autografem autorki \u2013 unikat (jest tylko 5 egzemplarzy). R\u00f3\u017cni si\u0119 lekko brzmieniem od seryjnej wersji p\u0142yty winylowej (brzmienie lekko ja\u015bniejsze) oraz wygl\u0105dem ( jest wyprodukowany z czarnego winylu \u2013 seryjna wersja z bia\u0142ego). Jako\u015b\u0107 i dynamika znakomita (winyl 180 gramowy). Do p\u0142yty do\u0142\u0105czona jest wersja CD.<\/p>\n\n\n\n<p>50 prac na aukcji to dzie\u0142a malarskie, rysunkowe, graficzne, fotograficzne cz\u0142onk\u00f3w Regionalnego Towarzystwa Zach\u0119ty Sztuk Pi\u0119knych w Cz\u0119stochowie, ich przyjaci\u00f3\u0142 i sympatyk\u00f3w Towarzystwa:<\/p>\n\n\n\n<p><strong>* malarstwo:<\/strong><\/p>\n\n\n\n<p>Redi Bo, Dawid Boche\u0144ski, Paulina Boche\u0144ska, Bartosz Fr\u0105czek, Waldemar Andrzej Fydrych &#8222;Major&#8221;, Anna Gorejowska, Anita Grobelak, Dorota Jab\u0142o\u0144ska, Ma\u0142gorzata Kania, Jerzy Klimczak, Magdalena Kmiecik, Alicja Kowalska, Jaros\u0142aw Kweclich, El\u017cbieta Ledecka, Lech Ledecki, Tomasz Lubaszka, Krzysztof \u0141y\u017cy\u0144, Ma\u0142gorzata Ma\u0107kowiak, OEVZG, Andrzej Orlik, Julia Panek, Marian Panek, Jaros\u0142aw Perczak, Marek Pietruszewski, Ewa Powro\u017anik, Tomasz S\u0119towski, Wojciech S\u0119towski, Dorota Smyrak, Piotr Staszczyk, Magdalena St\u0119pniak, Ma\u0142gorzata St\u0119pniak, Julia Sznober, Monika \u015al\u00f3sarczyk, J\u00f3zef Uli\u0144ski, Justyna Warwas, Jolanta Winiszewska, Anna Zawadzka &#8211; Dziura i Danuta \u017bak.<\/p>\n\n\n\n<p><strong>*rysunek:<\/strong><\/p>\n\n\n\n<p>Waldemar Marsza\u0142ek, Jacek Pa\u0142ucha<\/p>\n\n\n\n<p><strong>*grafika:<\/strong><\/p>\n\n\n\n<p>THESEUS &#8211; Aleksandra Cupia\u0142 &amp; Szymon Parafiniak, Jacek Pa\u0142ucha, Micha\u0142 Walczak, Emila Pasternak<\/p>\n\n\n\n<p><strong>*fotografia:<\/strong><\/p>\n\n\n\n<p>Piotr D\u0142ubak, Marian Panek, Jerzy Piwowarski, Roman Timofiejut, Andrzej Zembik<\/p>\n\n\n\n<p>Wszystkie dzie\u0142a plastyczne b\u0119d\u0105 do nabycia z certyfikatem autentyczno\u015bci. Do wielu z nich arty\u015bci do\u0142\u0105czyli katalogi z autografami. Celem aukcji jest pozyskanie funduszy na statutow\u0105 dzia\u0142alno\u015b\u0107 Regionalnego Towarzystwa Sztuk Pi\u0119knych w Cz\u0119stochowie.<\/p>\n\n\n\n<p>Aukcj\u0119 w <a href=\"https:\/\/www.facebook.com\/RegionalneTowarzystwoZachetySztukPieknych\" target=\"_blank\" rel=\"noopener\">Konduktorowni <\/a>poprowadz\u0105: Marcin Pospieszalski, Janusz Yanina Iwa\u0144ski, Marian Panek.<\/p>\n\n\n\n<p>Nie zabraknie te\u017c akcentu muzycznego \u2013 jam session pilotowanego przez Marcina Pospieszalskiego i Janusza &#8222;Yanin\u0119&#8221; Iwa\u0144skiego, muzyk\u00f3w \u015bwiatowej klasy, kt\u00f3rzy prawie 20 lat temu tworzyli komitet za\u0142o\u017cycielski Regionalnego Towarzystwa Zach\u0119ty Sztuk Pi\u0119knych w Cz\u0119stochowie. -Liczymy na Wasz\u0105 obecno\u015b\u0107 i mile sp\u0119dzony czas! &#8211; zapraszaj\u0105 organizatorzy.<\/p>\n\n\n\n<p>Wystaw\u0119 b\u0119dzie mo\u017cna ogl\u0105da\u0107 ju\u017c od 7 grudnia (w godz. 17.00-20.00). Wst\u0119p wolny.<\/p>\n\n\n\n<p><strong>red., mat.prasowy<\/strong><\/p>\n","protected":false},"excerpt":{"rendered":"<p>W niedziel\u0119, 8 grudnia w Konduktorowni odb\u0119dzie si\u0119 pi\u0119tnasta Aukcja Cz\u0119stochowskiej Zach\u0119ty. Na zainteresowanych czekaj\u0105 dzie\u0142a sztuk plastycznych, muzykalia, a tak\u017ce&#8230; jam session. Zaprasza<\/p>\n","protected":false},"author":11,"featured_media":131514,"comment_status":"closed","ping_status":"open","sticky":false,"template":"","format":"standard","meta":{"_monsterinsights_skip_tracking":false,"_monsterinsights_sitenote_active":false,"_monsterinsights_sitenote_note":"","_monsterinsights_sitenote_category":0,"_uf_show_specific_survey":0,"_uf_disable_surveys":false,"footnotes":""},"categories":[12,3,94,2],"tags":[8644,144,2359,3720],"class_list":["post-131511","post","type-post","status-publish","format-standard","has-post-thumbnail","hentry","category-kultura-i-rozrywka","category-czestochowa-informacje","category-polecane","category-wiadomosci","tag-aukcja-dziel-sztuki","tag-czestochowa","tag-konduktorownia","tag-regionalne-towarzystwo-zachety-sztuk-pieknych-w-czestochowie"],"_links":{"self":[{"href":"https:\/\/gazetaregionalna.com\/index.php?rest_route=\/wp\/v2\/posts\/131511","targetHints":{"allow":["GET"]}}],"collection":[{"href":"https:\/\/gazetaregionalna.com\/index.php?rest_route=\/wp\/v2\/posts"}],"about":[{"href":"https:\/\/gazetaregionalna.com\/index.php?rest_route=\/wp\/v2\/types\/post"}],"author":[{"embeddable":true,"href":"https:\/\/gazetaregionalna.com\/index.php?rest_route=\/wp\/v2\/users\/11"}],"replies":[{"embeddable":true,"href":"https:\/\/gazetaregionalna.com\/index.php?rest_route=%2Fwp%2Fv2%2Fcomments&post=131511"}],"version-history":[{"count":2,"href":"https:\/\/gazetaregionalna.com\/index.php?rest_route=\/wp\/v2\/posts\/131511\/revisions"}],"predecessor-version":[{"id":131515,"href":"https:\/\/gazetaregionalna.com\/index.php?rest_route=\/wp\/v2\/posts\/131511\/revisions\/131515"}],"wp:featuredmedia":[{"embeddable":true,"href":"https:\/\/gazetaregionalna.com\/index.php?rest_route=\/wp\/v2\/media\/131514"}],"wp:attachment":[{"href":"https:\/\/gazetaregionalna.com\/index.php?rest_route=%2Fwp%2Fv2%2Fmedia&parent=131511"}],"wp:term":[{"taxonomy":"category","embeddable":true,"href":"https:\/\/gazetaregionalna.com\/index.php?rest_route=%2Fwp%2Fv2%2Fcategories&post=131511"},{"taxonomy":"post_tag","embeddable":true,"href":"https:\/\/gazetaregionalna.com\/index.php?rest_route=%2Fwp%2Fv2%2Ftags&post=131511"}],"curies":[{"name":"wp","href":"https:\/\/api.w.org\/{rel}","templated":true}]}}